{"id":192324,"date":"2025-06-21T01:40:14","date_gmt":"2025-06-21T01:40:14","guid":{"rendered":"https:\/\/www.europesays.com\/fr\/192324\/"},"modified":"2025-06-21T01:40:14","modified_gmt":"2025-06-21T01:40:14","slug":"litalie-accueille-un-sommet-sur-les-investissements-en-afrique-soutenu-par-lunion-europeenne","status":"publish","type":"post","link":"https:\/\/www.europesays.com\/fr\/192324\/","title":{"rendered":"L&rsquo;Italie accueille un sommet sur les investissements en Afrique, soutenu par l&rsquo;Union europ\u00e9enne"},"content":{"rendered":"<p>Ce vendredi, \u00e0 la Villa Doria Pamphilj, au c\u0153ur de Rome, se tient un sommet qui n&rsquo;est pas seulement diplomatique, mais profond\u00e9ment strat\u00e9gique : la Premi\u00e8re ministre Giorgia Meloni et la pr\u00e9sidente de la Commission europ\u00e9enne Ursula von der Leyen ont copr\u00e9sid\u00e9 le \u00ab\u00a0Plan Mattei pour l&rsquo;Afrique et la passerelle mondiale\u00a0\u00bb, un sommet qui vise \u00e0 r\u00e9\u00e9crire les relations entre l&rsquo;Afrique et l&rsquo;Europe, en pla\u00e7ant l&rsquo;Italie aux commandes.<\/p>\n<p>L&rsquo;objectif est d&rsquo;harmoniser les trajectoires du Plan Mattei et du Global Gateway, de concr\u00e9tiser un nouveau paradigme de coop\u00e9ration, moins welfariste et plus orient\u00e9 vers le d\u00e9veloppement mutuel, en particulier dans des secteurs cl\u00e9s tels que l&rsquo;\u00e9nergie, la logistique, le num\u00e9rique et l&rsquo;agro-industrie.<\/p>\n<p>Le Plan Mattei &#8211; le cheval de bataille du gouvernement Meloni en mati\u00e8re de politique \u00e9trang\u00e8re et de coop\u00e9ration \u00e9conomique &#8211; rencontre ainsi officiellement le Global Gateway, le maxi-programme de 300 milliards d&rsquo;euros de l&rsquo;UE, cr\u00e9\u00e9 en r\u00e9ponse \u00e0 la Nouvelle route de la soie de la Chine. Une synergie qui vise non seulement \u00e0 combler le d\u00e9ficit d&rsquo;infrastructures en Afrique, mais aussi \u00e0 red\u00e9finir le r\u00f4le strat\u00e9gique de l&rsquo;Europe sur le continent.<\/p>\n<p>Dirigeants africains et institutions mondiales \u00e0 Rome<\/p>\n<p>Les dirigeants de l&rsquo;Union africaine et les chefs d&rsquo;\u00c9tat ou de gouvernement de l&rsquo;Angola, de la Zambie, de la R\u00e9publique d\u00e9mocratique du Congo et de la Tanzanie, ainsi que les repr\u00e9sentants des principales institutions financi\u00e8res multilat\u00e9rales, \u00e0 savoir le Fonds mon\u00e9taire international, la Banque mondiale, la Banque africaine de d\u00e9veloppement et la Soci\u00e9t\u00e9 financi\u00e8re africaine, participeront \u00e0 l&rsquo;\u00e9v\u00e9nement.<\/p>\n<p>La pr\u00e9sence conjointe d&rsquo;institutions politiques et financi\u00e8res souligne la volont\u00e9 de transformer les visions en engagements concrets, avec l&rsquo;objectif d\u00e9clar\u00e9 de passer \u00ab\u00a0des mots aux contrats\u00a0\u00bb, comme cela avait d\u00e9j\u00e0 \u00e9t\u00e9 anticip\u00e9 en mars lors d&rsquo;un \u00e9v\u00e9nement technique pr\u00e9paratoire \u00e0 Rome, auquel ont particip\u00e9 plus de 400 acteurs publics et priv\u00e9s.<\/p>\n<p>En fait, l&rsquo;\u00e9v\u00e9nement de Rome vise \u00e0 traduire le dialogue politique en accords op\u00e9rationnels et financiers multilat\u00e9raux, en mettant l&rsquo;accent sur les investissements partag\u00e9s et les plateformes sectorielles capables de produire des r\u00e9sultats tangibles \u00e0 moyen et \u00e0 long terme.<\/p>\n<p>\u00ab\u00a0Aujourd&rsquo;hui, notre intention est d&rsquo;offrir des r\u00e9ponses concr\u00e8tes aux priorit\u00e9s (&#8230;). Il ne s&rsquo;agit pas d&rsquo;initiatives venues d&rsquo;en haut, mais de projets concrets n\u00e9s du dialogue, de la volont\u00e9 de cr\u00e9er un d\u00e9veloppement durable avec nos partenaires africains\u00a0\u00bb a d\u00e9clar\u00e9 Giorgia Meloni \u00e0 l&rsquo;ouverture de la session de travail.<\/p>\n<p>Le corridor de Lobito, l&rsquo;infrastructure au c\u0153ur du sommet<\/p>\n<p>Parmi les projets phares au c\u0153ur de l&rsquo;agenda figure le corridor de Lobito, une infrastructure ferroviaire de 830 kilom\u00e8tres de long destin\u00e9e \u00e0 relier l&rsquo;Angola et la Zambie via la R\u00e9publique d\u00e9mocratique du Congo, avec l&rsquo;ambition future de s&rsquo;\u00e9tendre jusqu&rsquo;au port tanzanien de Dar es Salaam.<\/p>\n<p>Il s&rsquo;agit d&rsquo;un axe logistique continental con\u00e7u non seulement pour faciliter le transport des min\u00e9raux strat\u00e9giques, mais aussi pour soutenir les cha\u00eenes agroalimentaires et les flux d&rsquo;\u00e9nergie en Afrique. D\u00e9j\u00e0 discut\u00e9 lors de la r\u00e9cente session du G7 sous la pr\u00e9sidence italienne, le corridor repr\u00e9sente un mod\u00e8le de d\u00e9veloppement int\u00e9gr\u00e9 qui allie \u00e9conomie, durabilit\u00e9 et inclusion.<\/p>\n<p>Cette approche est conforme \u00e0 la vision strat\u00e9gique du plan Mattei : plus d&rsquo;aides exceptionnelles, mais des partenariats entre \u00e9gaux, fond\u00e9s sur des investissements infrastructurels et industriels con\u00e7us en collaboration avec les pays africains.<\/p>\n<p>Num\u00e9risation, alimentation et cha\u00eenes d&rsquo;approvisionnement<\/p>\n<p>Outre le volet infrastructures, le sommet consacre \u00e9galement une large place \u00e0 la transformation num\u00e9rique et industrielle. L&rsquo;accent est notamment mis sur le renforcement de l&rsquo;interconnexion Blue-Raman, un ambitieux projet de r\u00e9seau de donn\u00e9es sous-marin reliant l&rsquo;Inde, le Moyen-Orient et l&rsquo;Europe, qui pourrait \u00eatre \u00e9tendu au continent africain afin de r\u00e9duire la fracture num\u00e9rique.<\/p>\n<p>L&rsquo;accent est \u00e9galement mis sur le renforcement des cha\u00eenes de valeur agroalimentaires, en mettant l&rsquo;accent sur les produits locaux africains et leur int\u00e9gration dans les march\u00e9s mondiaux. L&rsquo;objectif d\u00e9clar\u00e9 est double : promouvoir l&rsquo;autosuffisance alimentaire des pays partenaires et cr\u00e9er des opportunit\u00e9s d&rsquo;exportation pour l&rsquo;excellence locale, notamment gr\u00e2ce au savoir-faire et \u00e0 la technologie europ\u00e9ens.<\/p>\n<p><b class=\"c-widget-related__title__text\">Related<\/b><\/p>\n<p>Un sommet pour \u00ab\u00a0europ\u00e9aniser\u00a0\u00bb le plan Mattei<\/p>\n<p>Le sommet d&rsquo;aujourd&rsquo;hui repr\u00e9sente l&rsquo;\u00e9tape la plus d\u00e9cisive \u00e0 ce jour pour \u00ab\u00a0europ\u00e9aniser\u00a0\u00bb et \u00ab\u00a0internationaliser\u00a0\u00bb le plan Mattei. C&rsquo;est ce qu&rsquo;a pr\u00e9cis\u00e9 Giorgia Meloni elle-m\u00eame le 19 mai, lors de la salle de contr\u00f4le consacr\u00e9e au projet. En effet, le gouvernement italien a l&rsquo;intention d&rsquo;ancrer le plan dans un cadre multilat\u00e9ral, dans lequel l &lsquo;Union europ\u00e9enne devient un partenaire structurel et non un simple financier.<\/p>\n<p>Parmi les personnes pr\u00e9sentes \u00e0 Rome se trouvaient des personnalit\u00e9s du syst\u00e8me \u00e9conomique et industriel italien et europ\u00e9en: le ministre de l&rsquo;Entreprise et du Made in Italy, Adolfo Urso ; la vice-pr\u00e9sidente de la Banque europ\u00e9enne d&rsquo;investissement, Gelsomina Vigliotti ; le PDG de la Cassa Depositi e Prestiti, Dario Scannapieco ; de la Sace (groupe financier et d&rsquo;assurance italien, directement contr\u00f4l\u00e9 par le minist\u00e8re de l&rsquo;\u00c9conomie et des Finances, sp\u00e9cialis\u00e9 dans le soutien aux entreprises et au tissu \u00e9conomique national), Alessandra Ricci ; de Sparkle (op\u00e9rateur global du groupe Tim), Enrico Maria Bagnasco ; et le pr\u00e9sident de Microsoft, Brad Smith.<\/p>\n<p>Pas d&rsquo;assistance, mais un d\u00e9veloppement partag\u00e9<\/p>\n<p>Avec le sommet de Rome, l&rsquo;Italie et l&rsquo;Union europ\u00e9enne tentent de proposer \u00e0 l&rsquo;Afrique un r\u00e9cit alternatif \u00e0 celui du pass\u00e9 : plus d&rsquo;aide unilat\u00e9rale, mais des alliances structur\u00e9es bas\u00e9es sur le co-investissement, le transfert de comp\u00e9tences et le d\u00e9veloppement mutuel.<\/p>\n<p>Le Plan Mattei, ainsi r\u00e9interpr\u00e9t\u00e9 \u00e0 l&rsquo;\u00e9chelle europ\u00e9enne, n&rsquo;est pas seulement une plateforme de projets, mais repr\u00e9sente une tentative politique de red\u00e9finir les relations Nord-Sud, en redonnant une centralit\u00e9 g\u00e9opolitique \u00e0 la M\u00e9diterran\u00e9e et en construisant un mod\u00e8le de coop\u00e9ration qui va au-del\u00e0 de l&rsquo;urgence migratoire.<\/p>\n<p>Pour Rome, il s&rsquo;agit d&rsquo;un banc d&rsquo;essai important. Pour Bruxelles, c&rsquo;est la confirmation que l&rsquo;Afrique est de nouveau au centre de la strat\u00e9gie globale de l&rsquo;Union. Pour le continent africain, c&rsquo;est l&rsquo;occasion de jouer un r\u00f4le de premier plan dans un jeu qui a \u00e9t\u00e9 d\u00e9cid\u00e9 trop longtemps ailleurs.<\/p>\n<p>Les int\u00e9r\u00eats strat\u00e9giques de l&rsquo;Italie en Afrique<\/p>\n<p>Pour l&rsquo;Italie, l&rsquo;Afrique repr\u00e9sente une zone d&rsquo;int\u00e9r\u00eat \u00e9conomique et g\u00e9opolitique prioritaire, en particulier dans des secteurs cl\u00e9s tels que l&rsquo;\u00e9nergie, les infrastructures, l&rsquo;agriculture et l&rsquo;industrie l\u00e9g\u00e8re.<\/p>\n<p>En mati\u00e8re d&rsquo;\u00e9nergie, l&rsquo;Italie a consid\u00e9rablement renforc\u00e9 sa pr\u00e9sence dans des pays comme l&rsquo;Alg\u00e9rie, la Libye, l&rsquo;\u00c9gypte et le Mozambique, dans le but de diversifier les sources d&rsquo;approvisionnement et de r\u00e9duire la d\u00e9pendance \u00e0 l&rsquo;\u00e9gard du gaz russe. Le g\u00e9ant Eni est un acteur cl\u00e9 de cette strat\u00e9gie, avec des investissements de plusieurs milliards de dollars dans l&rsquo;exploration et le d\u00e9veloppement de gazoducs et d&rsquo;infrastructures de GNL (gaz naturel liqu\u00e9fi\u00e9), comme le projet Coral South au Mozambique ou le doublement de la capacit\u00e9 d&rsquo;approvisionnement \u00e0 partir de l&rsquo;Alg\u00e9rie par le biais du gazoduc Transmed.<\/p>\n<p>Parall\u00e8lement, l&rsquo;Italie promeut des projets d&rsquo;infrastructure et industriels, tels que la construction de corridors logistiques et le d\u00e9veloppement de zones \u00e9conomiques sp\u00e9ciales dans des pays comme l&rsquo;\u00c9thiopie et le Kenya, o\u00f9 op\u00e8rent des entreprises italiennes dans les secteurs de la m\u00e9canique et du textile. Le secteur agro-industriel est \u00e9galement au centre d&rsquo;une coop\u00e9ration cibl\u00e9e : du soutien aux cha\u00eenes d&rsquo;approvisionnement locales de cacao en C\u00f4te d&rsquo;Ivoire et de fruits tropicaux au Ghana, au d\u00e9veloppement de syst\u00e8mes d&rsquo;irrigation et de technologies agricoles durables en Tunisie et au S\u00e9n\u00e9gal.<\/p>\n<p>Cette pr\u00e9sence &#8211; souvent coordonn\u00e9e par la Cassa Depositi e Prestiti, la Sace et les ambassades \u00e9conomiques &#8211; vise \u00e0 renforcer le r\u00f4le de l&rsquo;Italie en tant que partenaire privil\u00e9gi\u00e9 du continent africain, dans un contexte o\u00f9 la concurrence avec des acteurs tels que la Chine, la Russie et la Turquie est de plus en plus f\u00e9roce.<\/p>\n","protected":false},"excerpt":{"rendered":"Ce vendredi, \u00e0 la Villa Doria Pamphilj, au c\u0153ur de Rome, se tient un sommet qui n&rsquo;est pas&hellip;\n","protected":false},"author":2,"featured_media":192325,"comment_status":"","ping_status":"","sticky":false,"template":"","format":"standard","meta":{"footnotes":""},"categories":[1586],"tags":[11,1777,674,1779,1011,27,3044,12,33104,25,3499,2764,1778,364],"class_list":{"0":"post-192324","1":"post","2":"type-post","3":"status-publish","4":"format-standard","5":"has-post-thumbnail","7":"category-europe","8":"tag-actualites","9":"tag-eu","10":"tag-europe","11":"tag-european-union","12":"tag-fr","13":"tag-france","14":"tag-giorgia-meloni","15":"tag-news","16":"tag-plan-mattei","17":"tag-republique-francaise","18":"tag-rome","19":"tag-sommet","20":"tag-ue","21":"tag-union-europeenne"},"share_on_mastodon":{"url":"https:\/\/pubeurope.com\/@fr\/114718810079367298","error":""},"_links":{"self":[{"href":"https:\/\/www.europesays.com\/fr\/wp-json\/wp\/v2\/posts\/192324","targetHints":{"allow":["GET"]}}],"collection":[{"href":"https:\/\/www.europesays.com\/fr\/wp-json\/wp\/v2\/posts"}],"about":[{"href":"https:\/\/www.europesays.com\/fr\/wp-json\/wp\/v2\/types\/post"}],"author":[{"embeddable":true,"href":"https:\/\/www.europesays.com\/fr\/wp-json\/wp\/v2\/users\/2"}],"replies":[{"embeddable":true,"href":"https:\/\/www.europesays.com\/fr\/wp-json\/wp\/v2\/comments?post=192324"}],"version-history":[{"count":0,"href":"https:\/\/www.europesays.com\/fr\/wp-json\/wp\/v2\/posts\/192324\/revisions"}],"wp:featuredmedia":[{"embeddable":true,"href":"https:\/\/www.europesays.com\/fr\/wp-json\/wp\/v2\/media\/192325"}],"wp:attachment":[{"href":"https:\/\/www.europesays.com\/fr\/wp-json\/wp\/v2\/media?parent=192324"}],"wp:term":[{"taxonomy":"category","embeddable":true,"href":"https:\/\/www.europesays.com\/fr\/wp-json\/wp\/v2\/categories?post=192324"},{"taxonomy":"post_tag","embeddable":true,"href":"https:\/\/www.europesays.com\/fr\/wp-json\/wp\/v2\/tags?post=192324"}],"curies":[{"name":"wp","href":"https:\/\/api.w.org\/{rel}","templated":true}]}}