{"id":192326,"date":"2025-06-21T01:41:15","date_gmt":"2025-06-21T01:41:15","guid":{"rendered":"https:\/\/www.europesays.com\/fr\/192326\/"},"modified":"2025-06-21T01:41:15","modified_gmt":"2025-06-21T01:41:15","slug":"accrochage-avec-melenchon-barbara-lefebvre-acclamee-dans-les-coulisses-des-grandes-gueules-a-lassemblee-nationale","status":"publish","type":"post","link":"https:\/\/www.europesays.com\/fr\/192326\/","title":{"rendered":"Accrochage avec M\u00e9lenchon, Barbara Lefebvre acclam\u00e9e&#8230; Dans les coulisses des \u00ab Grandes Gueules \u00bb \u00e0 l\u2019Assembl\u00e9e nationale"},"content":{"rendered":"<p><strong>REPORTAGE<\/strong> &#8211; Ce vendredi 20 juin, la derni\u00e8re \u00e9mission de la tourn\u00e9e des 20 ans des \u00ab Grandes Gueules\u00a0\u00bb a eu lieu, avec comme invit\u00e9s sp\u00e9ciaux G\u00e9rald Darmanin, Jean-Luc M\u00e9lenchon et Marine Le\u00a0Pen.<\/p>\n<p class=\"fig-paragraph\">Pour cette derni\u00e8re de la tourn\u00e9e anniversaire, les\u00a0<a href=\"https:\/\/tvmag.lefigaro.fr\/programme-tv\/programme\/les-grandes-gueules-d1292146167\" target=\"_blank\" rel=\"noopener nofollow\" data-gtm-custom-categorie=\"navigation\" data-gtm-custom-action=\"crossclick\" data-gtm-custom-label=\"Contextuel\" data-gtm-event=\"customEventSPE\">\u00ab<strong>Grandes Gueules<\/strong>\u00bb<\/a>\u00a0ont fait fort. Les auditeurs et t\u00e9l\u00e9spectateurs assidus ont pu retrouver neuf grandes gueules, parmi lesquelles Charles Consigny, Mourad Boudjellal, Barbara Lefebvre, Didier Giraud, Emmanuel de Villiers, Zohra Bitan, Jo\u00eblle Dago-Setty, Bruno Poncet, ou encore Flora Ghebali, tous d\u00e9localis\u00e9s devant l\u2019Assembl\u00e9e Nationale, une grande premi\u00e8re pour l\u2019\u00e9mission de d\u00e9bats de soci\u00e9t\u00e9 diffus\u00e9e sur RMC et RMC Story.<\/p>\n<p class=\"fig-paragraph\">8h50, G\u00e9rald Darmanin, le ministre de la Justice, fait son entr\u00e9e sous le chapiteau, applaudi par la cinquantaine de personnes pr\u00e9sentes dans le public. Un passage par le maquillage et le voil\u00e0 face \u00e0\u00a0<a href=\"https:\/\/www.lefigaro.fr\/tag\/olivier-truchot\" target=\"_blank\" rel=\"noopener nofollow\" data-gtm-custom-categorie=\"navigation\" data-gtm-custom-action=\"crossclick\" data-gtm-custom-label=\"Contextuel\" data-gtm-event=\"customEventSPE\"><strong>Olivier Truchot<\/strong><\/a> \u00a0et\u00a0<a href=\"https:\/\/www.lefigaro.fr\/tag\/alain-marschall\" target=\"_blank\" rel=\"noopener nofollow\" data-gtm-custom-categorie=\"navigation\" data-gtm-custom-action=\"crossclick\" data-gtm-custom-label=\"Contextuel\" data-gtm-event=\"customEventSPE\"><strong>Alain Marschall<\/strong><\/a>, et trois des neuf grandes gueules pr\u00e9sentes. Malgr\u00e9 la chaleur, le public joue le jeu. Lorsque l\u2019ancien ministre de l\u2019Int\u00e9rieur lance, s\u00fbr de lui\u00a0: \u00ab Qui veut des prisons \u00e0 c\u00f4t\u00e9 de chez lui\u00a0?\u00a0\u00bb, ils sont nombreux \u00e0 r\u00e9pondre\u00a0: \u00ab Oui\u00a0!\u00a0\u00bb.<\/p>\n<p class=\"fig-paragraph\">9h45, au tour du chef de file des Insoumis de faire son entr\u00e9e, croisant un\u00a0<a href=\"https:\/\/www.lefigaro.fr\/tag\/gerald-darmanin\" target=\"_blank\" rel=\"noopener nofollow\" data-gtm-custom-categorie=\"navigation\" data-gtm-custom-action=\"crossclick\" data-gtm-custom-label=\"Contextuel\" data-gtm-event=\"customEventSPE\">G\u00e9rald Darmanin<\/a>, sur le d\u00e9part. Les deux hommes politiques se saluent cordialement en coulisses. \u00c0 l\u2019antenne,\u00a0<a href=\"https:\/\/www.lefigaro.fr\/tag\/jean-luc-melenchon\" target=\"_blank\" rel=\"noopener nofollow\" data-gtm-custom-categorie=\"navigation\" data-gtm-custom-action=\"crossclick\" data-gtm-custom-label=\"Contextuel\" data-gtm-event=\"customEventSPE\">Jean-Luc M\u00e9lenchon<\/a>\u00a0est fid\u00e8le \u00e0 lui-m\u00eame et les spectateurs r\u00e9agissent \u00e0 chacune de ses affirmations. Chauff\u00e9s par\u00a0<a href=\"https:\/\/www.lefigaro.fr\/tag\/charles-consigny\" target=\"_blank\" rel=\"noopener nofollow\" data-gtm-custom-categorie=\"navigation\" data-gtm-custom-action=\"crossclick\" data-gtm-custom-label=\"Contextuel\" data-gtm-event=\"customEventSPE\"><strong>Charles Consigny<\/strong><\/a>, ils scandent face \u00e0 l\u2019homme politique\u00a0: \u00abNicolas\u00a0! Nicolas\u00a0!\u00bb, nouvelle r\u00e9f\u00e9rence du Fran\u00e7ais moyen. Si l\u2019ambiance est plut\u00f4t l\u00e9g\u00e8re jusqu\u2019\u00e0 ce point, elle se g\u00e2te lorsque <strong>Flora Ghebali<\/strong> dresse la liste des raisons pour lesquelles, selon elle, \u00abon ne peut plus \u00eatre de gauche et soutenir\u00bb Jean-Luc M\u00e9lenchon. Ce dernier monte imm\u00e9diatement au cr\u00e9neau\u00a0: \u00abJusqu\u2019\u00e0 pr\u00e9sent j\u2019ai \u00e9t\u00e9 correct, alors vous \u00e9vitez d\u2019insulter les gens\u00a0! Vous \u00eates juste une ancienne candidate de la liste \u201cEurope \u00c9cologie les Verts\u201d qui trouve une occasion de me taper dessus\u00a0!\u00bb, lance-t-il, tout en s\u2019adressant \u00e0 Olivier Truchot, sans regarder la principale int\u00e9ress\u00e9e.<\/p>\n<p class=\"fig-body-link\">\n            \u00c0 lire aussi<br \/>\n        <a class=\"fig-body-link__link\" href=\"http:\/\/tvmag.lefigaro.fr\/programme-tv\/actu-tele\/allez-les-fachos-la-du-balai-jean-luc-melenchon-insulte-les-journalistes-de-quotidien-20240910\" target=\"_blank\" data-fig-type=\"Article\" rel=\"noopener nofollow\" data-gtm-custom-categorie=\"navigation\" data-gtm-custom-action=\"crossclick\" data-gtm-custom-label=\"Contextuel\" data-gtm-event=\"customEventSPE\" data-fig-domain=\"TVMAG\">\u00abAllez les fachos l\u00e0, du balai\u00a0!\u00bb\u00a0: Jean-Luc M\u00e9lenchon insulte les journalistes de \u00abQuotidien\u00bb<br \/>\n    <\/a>\n<\/p>\n<p class=\"fig-paragraph\">La chroniqueuse, qui avait demand\u00e9 \u00e0 intervenir durant le passage de M\u00e9lenchon plut\u00f4t que des autres invit\u00e9s, nous avoue apr\u00e8s l\u2019\u00e9mission\u00a0: \u00abJe ne sais pas \u00e0 quoi je m\u2019attendais parce que je pense qu\u2019avec Jean-Luc M\u00e9lenchon, il faut s\u2019attendre \u00e0 tout. Mais se faire insulter devant des millions de personnes&#8230; \u00c7a n\u2019est jamais agr\u00e9able, d\u2019autant plus que c\u2019\u00e9tait tr\u00e8s sexiste, parce qu\u2019il a demand\u00e9 \u00e0 Olivier Truchot de contr\u00f4ler ma parole et de ne pas me laisser dire ce que je voulais. Il n\u2019aurait pas dit \u00e7a si c\u2019\u00e9tait Charles ou Didier (Giraud, ndlr.)\u00bb, avant d\u2019ajouter\u00a0: \u00ab\u00e7a fait longtemps que j\u2019avais envie de lui poser la question que je lui ai pos\u00e9e. Je l\u2019avais vraiment dans les tripes\u00bb.<\/p>\n<blockquote class=\"fig-quote&#10;    \">\n<p class=\"fig-quote__text\">C\u2019est d\u00e9gueulasse de faire \u00e7a\u00a0!<\/p>\n<p>            Jean-Luc M\u00e9lenchon\n    <\/p><\/blockquote>\n<p class=\"fig-paragraph\">10h50, Jean-Luc M\u00e9lenchon termine son interview et d\u00e9clare au personnel de l\u2019\u00e9mission en partant\u00a0: \u00abC\u2019est d\u00e9gueulasse de faire \u00e7a\u00a0!\u00bb, en faisant r\u00e9f\u00e9rence \u00e0 son altercation avec la chroniqueuse. C\u2019est\u00a0\u00e0 ce moment-l\u00e0 que\u00a0<a href=\"https:\/\/www.lefigaro.fr\/tag\/marine-le-pen\" target=\"_blank\" rel=\"noopener nofollow\" data-gtm-custom-categorie=\"navigation\" data-gtm-custom-action=\"crossclick\" data-gtm-custom-label=\"Contextuel\" data-gtm-event=\"customEventSPE\">Marine Le\u00a0Pen<\/a>\u00a0arrive. Dans les coulisses, une question\u00a0: \u00abIls vont se dire bonjour Marine Le\u00a0Pen et Jean-Luc M\u00e9lenchon\u00a0?\u00bb Mais les deux politiques se sont rat\u00e9s de quelques minutes. La pr\u00e9sidente du Rassemblement National appara\u00eet sur un plateau plus calme que pr\u00e9c\u00e9demment, notamment aux c\u00f4t\u00e9s d\u2019une\u00a0<a href=\"https:\/\/www.lefigaro.fr\/tag\/barbara-lefebvre\" target=\"_blank\" rel=\"noopener nofollow\" data-gtm-custom-categorie=\"navigation\" data-gtm-custom-action=\"crossclick\" data-gtm-custom-label=\"Contextuel\" data-gtm-event=\"customEventSPE\"><strong>Barbara Lef\u00e8bvre<\/strong><\/a> \u00a0qui abonde les propos de la femme politique.<\/p>\n<p class=\"fig-paragraph\">La chroniqueuse et enseignante,\u00a0<a href=\"http:\/\/tvmag.lefigaro.fr\/programme-tv\/actu-tele\/les-societes-des-journalistes-de-bfm-tv-et-rmc-demandent-l-exclusion-de-la-chroniqueuse-barbara-lefebvre-20250612\" target=\"_blank\" data-fig-type=\"Article\" rel=\"noopener nofollow\" data-gtm-custom-categorie=\"navigation\" data-gtm-custom-action=\"crossclick\" data-gtm-custom-label=\"Contextuel\" data-gtm-event=\"customEventSPE\" data-fig-domain=\"TVMAG\">contest\u00e9e par certains de ses coll\u00e8gues de BFMTV et RMC<\/a>, semble tr\u00e8s appr\u00e9ci\u00e9e des auditeurs et t\u00e9l\u00e9spectateurs. Quand nous leur demandons quelle est leur grande gueule pr\u00e9f\u00e9r\u00e9e, ils sont plusieurs \u00e0 r\u00e9pondre\u00a0: \u00abCharles et Barbara\u00bb.<\/p>\n<p class=\"fig-body-link\">\n            \u00c0 lire aussi<br \/>\n        <a class=\"fig-body-link__link\" href=\"http:\/\/tvmag.lefigaro.fr\/programme-tv\/actu-tele\/un-livre-polemique-un-passage-remarque-sur-france-2-qui-est-barbara-lefebvre-la-chroniqueuse-controversee-des-grandes-gueules-20250613\" target=\"_blank\" data-fig-type=\"Article\" rel=\"noopener nofollow\" data-gtm-custom-categorie=\"navigation\" data-gtm-custom-action=\"crossclick\" data-gtm-custom-label=\"Contextuel\" data-gtm-event=\"customEventSPE\" data-fig-domain=\"TVMAG\">Un livre pol\u00e9mique, une carri\u00e8re dans l\u2019enseignement&#8230; Qui est Barbara Lefebvre, la chroniqueuse controvers\u00e9e des \u00abGrandes Gueules\u00bb\u00a0?<br \/>\n    <\/a>\n<\/p>\n<p class=\"fig-paragraph\">Charles Consigny pour son \u00abart de la formule\u00bb, explique Naomi, 29 ans, avant d\u2019ajouter\u00a0: \u00abc\u2019est quelqu\u2019un qui s\u2019exprime tr\u00e8s bien, qui manie l\u2019humour, mais qui aussi a des arguments fond\u00e9s. Il a une certaine classe qui manque quand m\u00eame beaucoup aujourd\u2019hui au niveau des commentateurs politiques\u00bb.<\/p>\n<p class=\"fig-paragraph\">Pour Beno\u00eet aussi, 45 ans, autre auditeur assidu des \u00abGrandes Gueules\u00bb, le choix de ses grandes gueules pr\u00e9f\u00e9r\u00e9es est \u00e9vident\u00a0: \u00abCharles et Barbara. Ils sont bien parce que dans la formulation et les th\u00e8mes abord\u00e9s en g\u00e9n\u00e9ral, ils vont au fond des choses. Il faut des voix dissonantes\u00bb.<\/p>\n<p class=\"fig-paragraph\">Et ce n\u2019est pas le pr\u00e9sentateur Alain Marschall qui va les contredire. Pour le journaliste ni\u00e7ois, accueillir Barbara Lefebvre sur la derni\u00e8re \u00e9mission anniversaire \u00e9tait logique\u00a0: \u00abIl n\u2019y a qu\u2019\u00e0 voir \u00e0 l\u2019applaudim\u00e8tre, c\u2019est \u201cQueen Barbara\u201d\u00bb. Son acolyte Olivier Truchot compl\u00e8te\u00a0: \u00abBarbara a des positions tr\u00e8s tranch\u00e9es sur tous les sujets, mais c\u2019est le cas de nombreuses grandes gueules et donc nous, on assume. Je pr\u00e9f\u00e8re l\u2019exc\u00e8s de libert\u00e9 d\u2019expression \u00e0 l\u2019absence de libert\u00e9 d\u2019expression\u00bb.<\/p>\n<p>Une \u00e9mission proche de son public<\/p>\n<p>    L\u2019\u00e9quipe des \u00abGrandes Gueules\u00bb<br \/>\n                J\u00e9rome Domin\u00e9 pour Abaca press<\/p>\n<p class=\"fig-paragraph\">Pour le directeur g\u00e9n\u00e9ral du programme, Karim Nedjari, pr\u00e9sent dans la r\u00e9gie d\u00e9localis\u00e9e, \u00abl\u2019id\u00e9e de l\u2019\u00e9mission, c\u2019est de r\u00e9pondre aux trois P\u00a0: la proximit\u00e9, le populaire et ce que je pense aussi, le partage. Aujourd\u2019hui, on ne veut pas \u00eatre une \u00e9mission parisienne\u00bb.<\/p>\n<p class=\"fig-paragraph\">Une proximit\u00e9 avec les Fran\u00e7ais rendue possible par l\u2019ambiance conviviale au sein m\u00eame de l\u2019\u00e9quipe qui transpire \u00e0 l\u2019antenne. La tourn\u00e9e des 20 ans des \u00ab Grandes Gueules\u00a0\u00bb a aussi \u00e9t\u00e9 l\u2019occasion pour tous ceux qui travaillent sur l\u2019\u00e9mission d\u2019apprendre \u00e0 se conna\u00eetre. \u00abRMC et les \u201cGrandes Gueules\u201d en particulier, c\u2019est une famille, c\u2019est une \u00e9quipe. Les d\u00e9localisations sont toujours des d\u00eeners tr\u00e8s sympathiques\u00bb, explique le directeur d\u2019antenne Gr\u00e9gory Caranoni. \u00abIl y a un c\u00f4t\u00e9 tr\u00e8s \u201ccolonie de vacances\u201d. On partage une bonne table, on va boire un coup\u00a0\u00bb, d\u00e9crit Olivier Truchot.<\/p>\n<p class=\"fig-body-link\">\n            \u00c0 lire aussi<br \/>\n        <a class=\"fig-body-link__link\" href=\"http:\/\/tvmag.lefigaro.fr\/programme-tv\/actu-tele\/20-ans-apres-les-grandes-gueules-l-ouvrent-toujours-sur-rmc-story-20241017\" target=\"_blank\" data-fig-type=\"Article\" rel=\"noopener nofollow\" data-gtm-custom-categorie=\"navigation\" data-gtm-custom-action=\"crossclick\" data-gtm-custom-label=\"Contextuel\" data-gtm-event=\"customEventSPE\" data-fig-domain=\"TVMAG\">20\u00a0ans apr\u00e8s, \u00abLes Grandes Gueules\u00bb l\u2019ouvrent toujours, sur RMC Story<br \/>\n    <\/a>\n<\/p>\n<p class=\"fig-paragraph\">Alain Marschall \u00e9voque aussi ces instants de partage\u00a0: \u00abc\u2019\u00e9taient des soir\u00e9es de convivialit\u00e9, on sentait tout le monde tellement content d\u2019\u00eatre \u00e0 Pau, \u00e0 Reims, \u00e0 Lyon, \u00e0 Toulon&#8230; C\u2019est l\u00e0 o\u00f9 l\u2019on voit l\u2019attachement des grandes gueules \u00e0 cette \u00e9mission et au fait d\u2019aller \u00e0 la rencontre du public\u00bb.<\/p>\n<p class=\"fig-paragraph\">Les \u00abGrandes Gueules\u00bb l\u2019ouvrent depuis 20 ans et entendent bien l\u2019ouvrir encore un peu. Le patron Karim Nedjari confie que cette \u00e9mission anniversaire a permis d\u2019\u00abouvrir ce qui va se passer ces deux prochaines ann\u00e9es, avec les municipales et la pr\u00e9sidentielle. RMC et les \u201cGrandes Gueules\u201d vont \u00eatre cette agora qui va permettre un d\u00e9bat entre toutes les forces r\u00e9publicaines de ce pays\u00bb.<\/p>\n","protected":false},"excerpt":{"rendered":"REPORTAGE &#8211; Ce vendredi 20 juin, la derni\u00e8re \u00e9mission de la tourn\u00e9e des 20 ans des \u00ab Grandes&hellip;\n","protected":false},"author":2,"featured_media":192327,"comment_status":"","ping_status":"","sticky":false,"template":"","format":"standard","meta":{"footnotes":""},"categories":[2],"tags":[497,496,11,499,1011,27,3081,430,500,12,504,505,495,503,502,501,25,10319,498],"class_list":{"0":"post-192326","1":"post","2":"type-post","3":"status-publish","4":"format-standard","5":"has-post-thumbnail","7":"category-actualites","8":"tag-actu-tv","9":"tag-actualite-tv","10":"tag-actualites","11":"tag-buzz-tv","12":"tag-fr","13":"tag-france","14":"tag-jean-luc-melenchon","15":"tag-marine-le-pen","16":"tag-medias","17":"tag-news","18":"tag-news-tele","19":"tag-news-television","20":"tag-news-tv","21":"tag-programme-tele","22":"tag-programme-tv","23":"tag-quiz-tv","24":"tag-republique-francaise","25":"tag-rmc","26":"tag-tv-actu"},"share_on_mastodon":{"url":"https:\/\/pubeurope.com\/@fr\/114718814190484015","error":""},"_links":{"self":[{"href":"https:\/\/www.europesays.com\/fr\/wp-json\/wp\/v2\/posts\/192326","targetHints":{"allow":["GET"]}}],"collection":[{"href":"https:\/\/www.europesays.com\/fr\/wp-json\/wp\/v2\/posts"}],"about":[{"href":"https:\/\/www.europesays.com\/fr\/wp-json\/wp\/v2\/types\/post"}],"author":[{"embeddable":true,"href":"https:\/\/www.europesays.com\/fr\/wp-json\/wp\/v2\/users\/2"}],"replies":[{"embeddable":true,"href":"https:\/\/www.europesays.com\/fr\/wp-json\/wp\/v2\/comments?post=192326"}],"version-history":[{"count":0,"href":"https:\/\/www.europesays.com\/fr\/wp-json\/wp\/v2\/posts\/192326\/revisions"}],"wp:featuredmedia":[{"embeddable":true,"href":"https:\/\/www.europesays.com\/fr\/wp-json\/wp\/v2\/media\/192327"}],"wp:attachment":[{"href":"https:\/\/www.europesays.com\/fr\/wp-json\/wp\/v2\/media?parent=192326"}],"wp:term":[{"taxonomy":"category","embeddable":true,"href":"https:\/\/www.europesays.com\/fr\/wp-json\/wp\/v2\/categories?post=192326"},{"taxonomy":"post_tag","embeddable":true,"href":"https:\/\/www.europesays.com\/fr\/wp-json\/wp\/v2\/tags?post=192326"}],"curies":[{"name":"wp","href":"https:\/\/api.w.org\/{rel}","templated":true}]}}