{"id":192328,"date":"2025-06-21T01:42:11","date_gmt":"2025-06-21T01:42:11","guid":{"rendered":"https:\/\/www.europesays.com\/fr\/192328\/"},"modified":"2025-06-21T01:42:11","modified_gmt":"2025-06-21T01:42:11","slug":"de-la-viande-hachee-vendue-dans-plusieurs-enseignes-en-france-rappelee-pour-risque-de-salmonelle","status":"publish","type":"post","link":"https:\/\/www.europesays.com\/fr\/192328\/","title":{"rendered":"De la viande hach\u00e9e vendue dans plusieurs enseignes en France rappel\u00e9e pour risque de salmonelle"},"content":{"rendered":"<p>Si vous avez achet\u00e9 de la viande hach\u00e9e r\u00e9cemment, pensez \u00e0 v\u00e9rifier les r\u00e9f\u00e9rences. Le site gouvernement Rappel-conso effectue un rappel sur deux produits vendus dans les supermarch\u00e9s en France. Ils pourraient contenir de la salmonelle, \u00e0 l&rsquo;origine de la salmonellose, alertent les autorit\u00e9s.<\/p>\n<p>Des produits des marques Ma\u00eetre Coq et Volandrie<\/p>\n<p>La barquette de 350 grammes \u00ab\u00a0Hach\u00e9 \u00e0 cuisiner \u00e0 la dinde\u00a0\u00bb de la marque Ma\u00eetre Coq fait <a href=\"https:\/\/rappel.conso.gouv.fr\/fiche-rappel\/18544\/Interne?utm_term=Autofeed&amp;utm_medium=Social&amp;utm_source=Twitter#Echobox=1750318968\" target=\"_blank\" rel=\"nofollow noopener\">l&rsquo;objet de ce rappel<\/a>, portant le num\u00e9ro de lot 25162. Sa date limite de consommation est le 24\u00a0juin 2025.<\/p>\n<p>Les consommateurs ont pu l&rsquo;acheter dans les enseignes Leclerc, Coop\u00e9rative U, Intermarch\u00e9 ou encore Auchan.<\/p>\n<p>Le <a href=\"https:\/\/rappel.conso.gouv.fr\/fiche-rappel\/18541\/Interne?utm_term=Autofeed&amp;utm_medium=Social&amp;utm_source=Twitter#Echobox=1750345160\" target=\"_blank\" rel=\"nofollow noopener\">second produit \u00e0 faire l&rsquo;objet d&rsquo;un rappel<\/a> a \u00e9t\u00e9 commercialis\u00e9 chez Leclerc dans toute la France du 13 au 18\u00a0juin. Il s&rsquo;agit du \u00ab\u00a0hach\u00e9 \u00e0 la dinde\u00a0\u00bb de 350 grammes de la marque Volandrie et portant le m\u00eame num\u00e9ro de lot.<\/p>\n<p>Les personnes ayant achet\u00e9 ces viandes sont appel\u00e9es \u00e0 ne pas les consommer, \u00e0 les rapporter au point de vente et \u00e0 contacter le service consommateur pour demander remboursement.<\/p>\n<p>Pour rappel, la salmonellose se traduit par des troubles gastro-intestinaux qui peuvent \u00eatre accompagn\u00e9s de fi\u00e8vre et de maux de t\u00eate. Si quelqu&rsquo;un pr\u00e9sente ces sympt\u00f4mes apr\u00e8s avoir consult\u00e9 les lots concern\u00e9s, il est conseill\u00e9 de consulter un m\u00e9decin.<\/p>\n","protected":false},"excerpt":{"rendered":"Si vous avez achet\u00e9 de la viande hach\u00e9e r\u00e9cemment, pensez \u00e0 v\u00e9rifier les r\u00e9f\u00e9rences. Le site gouvernement Rappel-conso&hellip;\n","protected":false},"author":2,"featured_media":192329,"comment_status":"","ping_status":"","sticky":false,"template":"","format":"standard","meta":{"footnotes":""},"categories":[2],"tags":[17,11,1446,705,1011,27,33105,12,2513,25,71,33106,11994],"class_list":{"0":"post-192328","1":"post","2":"type-post","3":"status-publish","4":"format-standard","5":"has-post-thumbnail","7":"category-actualites","8":"tag-17","9":"tag-actualites","10":"tag-dans","11":"tag-enseignes","12":"tag-fr","13":"tag-france","14":"tag-hachee","15":"tag-news","16":"tag-plusieurs","17":"tag-republique-francaise","18":"tag-sante","19":"tag-vendue","20":"tag-viande"},"share_on_mastodon":{"url":"https:\/\/pubeurope.com\/@fr\/114718817892234100","error":""},"_links":{"self":[{"href":"https:\/\/www.europesays.com\/fr\/wp-json\/wp\/v2\/posts\/192328","targetHints":{"allow":["GET"]}}],"collection":[{"href":"https:\/\/www.europesays.com\/fr\/wp-json\/wp\/v2\/posts"}],"about":[{"href":"https:\/\/www.europesays.com\/fr\/wp-json\/wp\/v2\/types\/post"}],"author":[{"embeddable":true,"href":"https:\/\/www.europesays.com\/fr\/wp-json\/wp\/v2\/users\/2"}],"replies":[{"embeddable":true,"href":"https:\/\/www.europesays.com\/fr\/wp-json\/wp\/v2\/comments?post=192328"}],"version-history":[{"count":0,"href":"https:\/\/www.europesays.com\/fr\/wp-json\/wp\/v2\/posts\/192328\/revisions"}],"wp:featuredmedia":[{"embeddable":true,"href":"https:\/\/www.europesays.com\/fr\/wp-json\/wp\/v2\/media\/192329"}],"wp:attachment":[{"href":"https:\/\/www.europesays.com\/fr\/wp-json\/wp\/v2\/media?parent=192328"}],"wp:term":[{"taxonomy":"category","embeddable":true,"href":"https:\/\/www.europesays.com\/fr\/wp-json\/wp\/v2\/categories?post=192328"},{"taxonomy":"post_tag","embeddable":true,"href":"https:\/\/www.europesays.com\/fr\/wp-json\/wp\/v2\/tags?post=192328"}],"curies":[{"name":"wp","href":"https:\/\/api.w.org\/{rel}","templated":true}]}}