{"id":192340,"date":"2025-06-21T01:49:11","date_gmt":"2025-06-21T01:49:11","guid":{"rendered":"https:\/\/www.europesays.com\/fr\/192340\/"},"modified":"2025-06-21T01:49:11","modified_gmt":"2025-06-21T01:49:11","slug":"marquez-atteint-son-objectif-et-meme-au-dela-de-ses-attentes","status":"publish","type":"post","link":"https:\/\/www.europesays.com\/fr\/192340\/","title":{"rendered":"M\u00e1rquez atteint son objectif, et m\u00eame au-del\u00e0 de ses attentes"},"content":{"rendered":"<p>On ne sait jamais tr\u00e8s bien quel cr\u00e9dit accorder \u00e0 la parole de <a href=\"https:\/\/fr.motorsport.com\/driver\/marc-marquez\/92646\/\" target=\"_blank\" rel=\"noopener\">Marc M\u00e1rquez<\/a> lorsqu&rsquo;il entame un week-end en s&rsquo;imaginant \u00eatre en difficult\u00e9 sur une piste qui ne lui pla\u00eet gu\u00e8re. Ce week-end, sa prudence semblait appropri\u00e9e, le Mugello ne lui ayant permis de gagner qu&rsquo;une seule fois en MotoGP, il y a 11 ans. Tout est relatif cependant, car s&rsquo;il n&rsquo;a pas sign\u00e9 le meilleur temps du jour, il a tout de m\u00eame toujours figur\u00e9 parmi les premi\u00e8res places.<\/p>\n<p>Ce matin, M\u00e1rquez pointait \u00e0 la quatri\u00e8me place, \u00e0 moins d&rsquo;un dixi\u00e8me du plus rapide, mais en ayant r\u00e9alis\u00e9 son meilleur tour en pneus us\u00e9s, tandis que cet apr\u00e8s-midi, il a obtenu le troisi\u00e8me temps \u00e0 un dixi\u00e8me et demi du leader. Il s&rsquo;est intercal\u00e9 entre deux sp\u00e9cialistes du circuit toscan, son co\u00e9quipier <a href=\"https:\/\/fr.motorsport.com\/driver\/pecco-bagnaia\/109394\/\" target=\"_blank\" rel=\"noopener\">Pecco Bagnaia<\/a> et son fr\u00e8re <a href=\"https:\/\/fr.motorsport.com\/driver\/alex-marquez\/96324\/\" target=\"_blank\" rel=\"noopener\">\u00c1lex<\/a>.<\/p>\n<p>Lire aussi :<\/p>\n<p>\u00ab\u00a0Au d\u00e9but, je m&rsquo;attendais \u00e0 \u00eatre encore un peu plus loin d&rsquo;\u00c1lex et Pecco\u00a0\u00bb, observe le leader du <a href=\"https:\/\/fr.motorsport.com\/motogp\/news\/championnat-marquez-envole-bagnaia-trois-ans\/10730647\/\" target=\"_self\" rel=\"noopener\">championnat<\/a>, \u00ab\u00a0mais en EL1 j&rsquo;ai \u00e9t\u00e9 plus proche que ce que je pensais. Dans la deuxi\u00e8me s\u00e9ance, ils ont progress\u00e9, surtout \u00c1lex, mais moi aussi, et j&rsquo;ai \u00e9t\u00e9 plus proche que ce \u00e0 quoi je m&rsquo;attendais.\u00a0\u00bb<\/p>\n<p>\u00ab\u00a0C&rsquo;est un circuit sur lequel j&rsquo;ai plus de mal \u00e0 piloter que sur d&rsquo;autres, mais aujourd&rsquo;hui j&rsquo;ai bien roul\u00e9, en \u00e9tant convaincu, et j&rsquo;ai \u00e9t\u00e9 proche d&rsquo;eux. C&rsquo;est donc mieux que ce \u00e0 quoi je m&rsquo;attendais et notre objectif est atteint en \u00e9tant proche d&rsquo;eux.\u00a0\u00bb<\/p>\n<p>S&rsquo;il s&rsquo;est fix\u00e9 pour objectif de ne pas c\u00e9der trop de terrain aux pilotes qu&rsquo;il s&rsquo;imagine voir dominer ce week-end, c&rsquo;est que Marc M\u00e1rquez retrouve sa hantise, de longs virages \u00e0 droite dans lesquels il a certes progress\u00e9, mais reste plus en d\u00e9licatesse que ceux \u00e0 gauche qui lui ont permis d&rsquo;<a href=\"https:\/\/fr.motorsport.com\/motogp\/news\/marc-marquez-perfection-inedite-2015\/10731631\/\" target=\"_self\" rel=\"noopener\">assommer le dernier Grand Prix en date<\/a>, \u00e0 Alca\u00f1iz.<\/p>\n<p>Comment aborde-t-il cette configuration\u00a0?\u00a0\u00ab\u00a0Je n&rsquo;exag\u00e8re pas, je ne cherche juste pas \u00e0 y \u00eatre rapide\u00a0\u00bb, explique-t-il. \u00ab\u00a0\u00c1lex et Pecco y sont plus rapides que moi, mais je n&rsquo;exag\u00e8re pas et j&rsquo;essaye de tirer profit de mes points forts, par exemple le virage 4.\u00a0\u00bb<\/p>\n<p>   <img decoding=\"async\" draggable=\"false\" src=\"https:\/\/www.europesays.com\/fr\/wp-content\/uploads\/2025\/06\/marc-marquez-italian-motogp-20.jpg\" alt=\"Marc M\u00e1rquez, troisi\u00e8me du jour au Mugello.\" width=\"1200\" height=\"800\" loading=\"lazy\"\/> <\/p>\n<p class=\"title\">Marc M\u00e1rquez, troisi\u00e8me du jour au Mugello.<\/p>\n<p class=\"photographer\">Photo de: Gold and Goose<\/p>\n<p>Le pilote au num\u00e9ro 93 domine en effet le deuxi\u00e8me secteur de la piste aujourd&rsquo;hui, et il s&rsquo;efforce de se maintenir dans une fen\u00eatre acceptable \u00e0 ses yeux sur le reste du circuit. Il juge toutefois qu&rsquo;il est encore un peu t\u00f4t pour comprendre s&rsquo;il va devoir d\u00e9fendre ou pouvoir attaquer ce week-end, d&rsquo;autant que sa vitesse en pneus us\u00e9s s&rsquo;est r\u00e9v\u00e9l\u00e9e remarquable.<\/p>\n<p>\u00ab\u00a0Il faut plus de temps [pour le comprendre] mais c&rsquo;est une piste sur laquelle il s&rsquo;agit de ne pas perdre trop de points, surtout par rapport \u00e0 \u00c1lex. Par rapport \u00e0 Pecco, pour le moment \u00e7a m&rsquo;est \u00e9gal\u00a0\u00bb, lance-t-il, avant de mettre un peu plus les formes\u00a0:\u00a0\u00ab\u00a0Je veux dire, j&rsquo;ai plus de marge. Donc je vais essayer d&rsquo;\u00eatre proche d&rsquo;\u00c1lex, qui est le plus proche de moi au championnat. \u00c7a ne veut pas dire que j&rsquo;\u00e9carte d\u00e9j\u00e0 Pecco pour le championnat, mais c&rsquo;est une piste sur laquelle je dois d\u00e9fendre et non attaquer.\u00a0\u00bb<\/p>\n<blockquote>\n<p>Il s&rsquo;agit de ne pas perdre trop de points, surtout par rapport \u00e0 \u00c1lex. Par rapport \u00e0 Pecco, pour le moment \u00e7a m&rsquo;est \u00e9gal.<\/p>\n<\/blockquote>\n<p>Le nouveau car\u00e9nage laiss\u00e9 de c\u00f4t\u00e9 pour le moment<\/p>\n<p>Cette journ\u00e9e a permis de confirmer que Ducati a homologu\u00e9 sa seconde solution a\u00e9rodynamique de la saison, un car\u00e9nage auquel les pilotes n&rsquo;accordent toutefois pas beaucoup d&rsquo;attention pour le moment apr\u00e8s l&rsquo;avoir <a href=\"https:\/\/fr.motorsport.com\/motogp\/news\/marquez-bagnaia-prudents-carenage-ducati\/10731090\/\" target=\"_self\" rel=\"noopener\">accueilli avec prudence lors du test d&rsquo;Arag\u00f3n<\/a>. Pecco Bagnaia en disposait sur une de ses motos ce matin, mais l&rsquo;a laiss\u00e9 de c\u00f4t\u00e9. Quant \u00e0 Marc M\u00e1rquez, il l&rsquo;a utilis\u00e9 pour une s\u00e9rie de tours cet apr\u00e8s-midi, mais n&rsquo;affiche pas un enthousiasme d\u00e9bordant \u00e0 son sujet.<\/p>\n<p>\u00ab\u00a0On a encore besoin de faire plus de tours\u00a0\u00bb, juge l&rsquo;Espagnol. \u00ab\u00a0C&rsquo;\u00e9tait un des objectifs aujourd&rsquo;hui, faire au moins un run avec ce nouvel a\u00e9ro. Comme on l&rsquo;a vu en Arag\u00f3n, l&rsquo;\u00e9quilibre de la moto change un peu, donc on est peut-\u00eatre trop tard pour l&rsquo;utiliser ce week-end, on aurait peut-\u00eatre d\u00fb faire ce test un peu plus t\u00f4t.\u00a0\u00bb<\/p>\n<p>M\u00e1rquez compte donc revenir au car\u00e9nage standard demain, estimant que le nouveau requiert encore un peu de travail. \u00ab\u00a0Aujourd&rsquo;hui, la priorit\u00e9 portait plus sur l&rsquo;\u00e9quilibre de la moto et on le r\u00e9essaiera peut-\u00eatre lors des prochaines courses, parce qu&rsquo;on pense pouvoir en tirer plus de performances pour l&rsquo;avenir.\u00a0\u00bb<\/p>\n<p>Lire aussi :<\/p>\n<p>Dans cet article<\/p>\n<p>    L\u00e9na Buffa\n<\/p>\n<p>    MotoGP\n<\/p>\n<p>    Marc M\u00e1rquez\n<\/p>\n<p>    Ducati Team\n<\/p>\n<p>Soyez le premier inform\u00e9 et souscrivez aux alertes mails pour recevoir les infos en temps r\u00e9el<\/p>\n<p>    S&rsquo;abonner aux alertes de news<\/p>\n","protected":false},"excerpt":{"rendered":"On ne sait jamais tr\u00e8s bien quel cr\u00e9dit accorder \u00e0 la parole de Marc M\u00e1rquez lorsqu&rsquo;il entame un&hellip;\n","protected":false},"author":2,"featured_media":192341,"comment_status":"","ping_status":"","sticky":false,"template":"","format":"standard","meta":{"footnotes":""},"categories":[1413],"tags":[4950,1011,27,31123,5038,1457,1456,1458,31124,60],"class_list":{"0":"post-192340","1":"post","2":"type-post","3":"status-publish","4":"format-standard","5":"has-post-thumbnail","7":"category-moto","8":"tag-ducati-team","9":"tag-fr","10":"tag-france","11":"tag-gp-ditalie","12":"tag-marc-mu00e1rquez","13":"tag-moto","14":"tag-motocycle","15":"tag-motogp","16":"tag-mugello","17":"tag-sports"},"share_on_mastodon":{"url":"https:\/\/pubeurope.com\/@fr\/114718845487221834","error":""},"_links":{"self":[{"href":"https:\/\/www.europesays.com\/fr\/wp-json\/wp\/v2\/posts\/192340","targetHints":{"allow":["GET"]}}],"collection":[{"href":"https:\/\/www.europesays.com\/fr\/wp-json\/wp\/v2\/posts"}],"about":[{"href":"https:\/\/www.europesays.com\/fr\/wp-json\/wp\/v2\/types\/post"}],"author":[{"embeddable":true,"href":"https:\/\/www.europesays.com\/fr\/wp-json\/wp\/v2\/users\/2"}],"replies":[{"embeddable":true,"href":"https:\/\/www.europesays.com\/fr\/wp-json\/wp\/v2\/comments?post=192340"}],"version-history":[{"count":0,"href":"https:\/\/www.europesays.com\/fr\/wp-json\/wp\/v2\/posts\/192340\/revisions"}],"wp:featuredmedia":[{"embeddable":true,"href":"https:\/\/www.europesays.com\/fr\/wp-json\/wp\/v2\/media\/192341"}],"wp:attachment":[{"href":"https:\/\/www.europesays.com\/fr\/wp-json\/wp\/v2\/media?parent=192340"}],"wp:term":[{"taxonomy":"category","embeddable":true,"href":"https:\/\/www.europesays.com\/fr\/wp-json\/wp\/v2\/categories?post=192340"},{"taxonomy":"post_tag","embeddable":true,"href":"https:\/\/www.europesays.com\/fr\/wp-json\/wp\/v2\/tags?post=192340"}],"curies":[{"name":"wp","href":"https:\/\/api.w.org\/{rel}","templated":true}]}}