{"id":192346,"date":"2025-06-21T01:52:10","date_gmt":"2025-06-21T01:52:10","guid":{"rendered":"https:\/\/www.europesays.com\/fr\/192346\/"},"modified":"2025-06-21T01:52:10","modified_gmt":"2025-06-21T01:52:10","slug":"botafogo-bloc-bas-la-conference-de-presse-denrique","status":"publish","type":"post","link":"https:\/\/www.europesays.com\/fr\/192346\/","title":{"rendered":"Botafogo, bloc bas&#8230; La conf\u00e9rence de presse d&rsquo;Enrique"},"content":{"rendered":"<p>Pour son deuxi\u00e8me match de la phase de poules de la Coupe du<br \/>\nmonde des clubs, le PSG s\u2019est inclin\u00e9 contre Botafogo (0-1). Luis<br \/>\nEnrique a rendu hommage \u00e0 son adversaire du soir.<\/p>\n<p>Cette nuit, le <strong>PSG<\/strong> pouvait se qualifier pour<br \/>\nles huiti\u00e8mes de finale de la <strong>Coupe du monde des<br \/>\nclubs<\/strong>. Pour cela, il devait s\u2019imposer contre<br \/>\n<strong>Botafogo<\/strong> apr\u00e8s sa victoire inaugurale contre<br \/>\nl\u2019<strong>Atl\u00e9tico de Madrid<\/strong> dimanche dernier (4-0). Mais<br \/>\nface \u00e0 une \u00e9quipe br\u00e9silienne qui a bien d\u00e9fendu, le club de la<br \/>\ncapitale n\u2019a pas r\u00e9ussi \u00e0 trouver la faille et a m\u00eame conc\u00e9d\u00e9 un<br \/>\nbut sur la seule v\u00e9ritable occasion de <strong><a href=\"https:\/\/canal-supporters.com\/direct-cs-psg-botafogo-le-11-parisien-avec-du-changement-par-rapport-a-latletico\/\" title=\"\" target=\"_blank\" rel=\"noopener\">Botafogo<\/a><\/strong>. En conf\u00e9rence de presse, dans des<br \/>\npropos relay\u00e9s par <a href=\"https:\/\/www.lequipe.fr\/Football\/Actualites\/-l-equipe-qui-a-le-mieux-defendu-contre-nous-cette-saison-luis-enrique-apres-la-defaite-du-psg-contre-botafogo\/1571545\" target=\"_blank\" rel=\"noopener\" title=\"\">L\u2019Equipe<\/a>,<br \/>\n<strong>Luis Enrique<\/strong> a \u00e9voqu\u00e9 son adversaire du soir, ses<br \/>\nqualit\u00e9s d\u00e9fensives, la fatigue de ses joueurs apr\u00e8s une longue<br \/>\nsaison\u2026<\/p>\n<p>Surpris par la<br \/>\nd\u00e9faite ?<\/p>\n<p>\u00ab\u00a0Surpris, non. Nous savions que ce serait un match<br \/>\ndifficile, tr\u00e8s serr\u00e9. <strong>Botafogo<\/strong> a tr\u00e8s bien<br \/>\nd\u00e9fendu. On a eu l\u2019opportunit\u00e9 de marquer mais on ne l\u2019a pas fait<br \/>\net le match est devenu plus difficile. On conna\u00eet les difficult\u00e9s<br \/>\nde cette comp\u00e9tition. On doit penser au dernier match\u00a0(contre<br \/>\n<strong>Seattle<\/strong>, lundi). C\u2019est une comp\u00e9tition tr\u00e8s<br \/>\ncourte, tu peux \u00eatre vite sorti. Il peut y avoir une \u00e9galit\u00e9 \u00e0<br \/>\ntrois dans notre groupe. Personne ne peut savoir qui va passer, le<br \/>\ngroupe est ouvert.\u00a0\u00bb<\/p>\n<p><strong>Le<br \/>\nr\u00e9sultat est-il d\u2019abord d\u00fb \u00e0 la prestation de votre \u00e9quipe ou \u00e0<br \/>\ncelle de votre adversaire<\/strong> ?<\/p>\n<p>\u00ab\u00a0C\u2019est une comp\u00e9tition tr\u00e8s intense. Tout le monde est<br \/>\ntr\u00e8s motiv\u00e9 quelle que soit l\u2019\u00e9quipe en face, et sp\u00e9cialement<br \/>\ncontre nous. \u00c7a a \u00e9t\u00e9 difficile de se cr\u00e9er des occasions de but.<br \/>\nC\u2019est une phase de jeu qu\u2019on conna\u00eet bien mais aujourd\u2019hui on a eu<br \/>\ndes complications.\u00a0\u00bb<\/p>\n<p>A voir aussi : <a href=\"https:\/\/canal-supporters.com\/psg-botafogo-les-notes-des-joueurs-parisiens-dans-la-presse\/\" target=\"_blank\" rel=\"noopener\" title=\"\">PSG \/ Botafogo \u2013 Les notes<br \/>\ndes joueurs parisiens dans la presse<\/a><\/p>\n<p><a href=\"https:\/\/x.com\/CanalSupporters\" target=\"_blank\" rel=\"noopener\" title=\"\">canalsupporters.com<\/a><\/p>\n<p>Le bloc bas de<br \/>\nBotafogo<\/p>\n<p>\u00ab\u00a0<strong>Botafogo<\/strong> est l\u2019\u00e9quipe qui a le mieux<br \/>\nd\u00e9fendu contre nous cette saison, que ce soit en Championnat ou en<br \/>\n<strong>Ligue des champions<\/strong>. Ils ont agi en bloc, ils ont<br \/>\n\u00e9t\u00e9 solidaires. Ils ont r\u00e9ussi \u00e0 nous mettre un but de<br \/>\n<strong>Jesus<\/strong>\u00a0(36e). On n\u2019a pas g\u00e9n\u00e9r\u00e9 autant<br \/>\nd\u2019occasions que d\u2019habitude. On est habitu\u00e9s \u00e0 jouer contre des<br \/>\nblocs bas mais c\u2019est tr\u00e8s difficile. Bravo \u00e0 eux.\u00a0\u00bb<\/p>\n<p><strong>\u00a0Que dit cette d\u00e9faite\u00a0? Que vos joueurs peuvent<br \/>\n\u00eatre fatigu\u00e9s\u00a0?<\/strong><\/p>\n<p>\u00ab\u00a0S\u2019il y a une \u00e9quipe qui est capable de retourner<br \/>\n<a href=\"https:\/\/canal-supporters.com\/hernandez-il-nous-reste-encore-un-match-pour-nous-qualifier\/\" title=\"\" target=\"_blank\" rel=\"noopener\">une situation<\/a>, c\u2019est la n\u00f4tre. Et il n\u2019y en a pas<br \/>\nbeaucoup. Sur l\u2019attitude, on a \u00e9t\u00e9 tr\u00e8s bien. Le r\u00e9sultat ne doit<br \/>\npas tout effacer. On doit regarder ce qu\u2019on a bien fait et ce qu\u2019on<br \/>\npeut am\u00e9liorer. Par exemple, on a conc\u00e9d\u00e9 plus de transitions que<br \/>\ndans beaucoup de matches. Mais sur ces tournois, il faut \u00eatre<br \/>\nperformant dans les moments cl\u00e9s. On ne l\u2019a pas<br \/>\n\u00e9t\u00e9.\u00a0\u00bb<\/p>\n<p><strong>Quel<br \/>\nsens donner \u00e0 cette victoire du champion d\u2019Am\u00e9rique du Sud sur le<br \/>\nchampion d\u2019Europe\u00a0?<\/strong><\/p>\n<p>\u00ab\u00a0Aucun. Que veux-tu que je dise\u00a0? Cette<br \/>\ncomp\u00e9tition r\u00e9unit un m\u00e9lange assez \u00e9quilibr\u00e9 de ce qui se fait de<br \/>\nmieux \u00e0 travers le monde. Je pense qu\u2019\u00e0 l\u2019avenir cela peut \u00eatre un<br \/>\ntournoi de r\u00e9f\u00e9rence internationale pour voir ce qui se fait. Pour<br \/>\nmoi, en tant qu\u2019entra\u00eeneur, c\u2019est tr\u00e8s int\u00e9ressant.\u00a0\u00bb<\/p><\/p>\n","protected":false},"excerpt":{"rendered":"Pour son deuxi\u00e8me match de la phase de poules de la Coupe du monde des clubs, le PSG&hellip;\n","protected":false},"author":2,"featured_media":192347,"comment_status":"","ping_status":"","sticky":false,"template":"","format":"standard","meta":{"footnotes":""},"categories":[1410],"tags":[33107,31182,81,33108,1153,7151,787,33109,33110,4479,4989,63,1011,27,921,626,91,92,93,32795,33111,33112,33113,33114,60,96],"class_list":{"0":"post-192346","1":"post","2":"type-post","3":"status-publish","4":"format-standard","5":"has-post-thumbnail","7":"category-football","8":"tag-bloc-bas","9":"tag-botafogo","10":"tag-canal-supporters","11":"tag-conf-de-presse","12":"tag-conference-de-presse","13":"tag-coupe-du-monde-des-clubs","14":"tag-cs","15":"tag-deuxieme-journee-phase-de-poules","16":"tag-deuxieme-journee-phase-de-poules-coupe-du-monde-des-clubs","17":"tag-enrique","18":"tag-fatigue","19":"tag-football","20":"tag-fr","21":"tag-france","22":"tag-luis-enrique","23":"tag-paris","24":"tag-paris-saint-germain","25":"tag-paris-sg","26":"tag-psg","27":"tag-psg-botafogo","28":"tag-psg-bot","29":"tag-psgbot","30":"tag-seattle","31":"tag-seattle-sounders","32":"tag-sports","33":"tag-une"},"share_on_mastodon":{"url":"https:\/\/pubeurope.com\/@fr\/114718857417407272","error":""},"_links":{"self":[{"href":"https:\/\/www.europesays.com\/fr\/wp-json\/wp\/v2\/posts\/192346","targetHints":{"allow":["GET"]}}],"collection":[{"href":"https:\/\/www.europesays.com\/fr\/wp-json\/wp\/v2\/posts"}],"about":[{"href":"https:\/\/www.europesays.com\/fr\/wp-json\/wp\/v2\/types\/post"}],"author":[{"embeddable":true,"href":"https:\/\/www.europesays.com\/fr\/wp-json\/wp\/v2\/users\/2"}],"replies":[{"embeddable":true,"href":"https:\/\/www.europesays.com\/fr\/wp-json\/wp\/v2\/comments?post=192346"}],"version-history":[{"count":0,"href":"https:\/\/www.europesays.com\/fr\/wp-json\/wp\/v2\/posts\/192346\/revisions"}],"wp:featuredmedia":[{"embeddable":true,"href":"https:\/\/www.europesays.com\/fr\/wp-json\/wp\/v2\/media\/192347"}],"wp:attachment":[{"href":"https:\/\/www.europesays.com\/fr\/wp-json\/wp\/v2\/media?parent=192346"}],"wp:term":[{"taxonomy":"category","embeddable":true,"href":"https:\/\/www.europesays.com\/fr\/wp-json\/wp\/v2\/categories?post=192346"},{"taxonomy":"post_tag","embeddable":true,"href":"https:\/\/www.europesays.com\/fr\/wp-json\/wp\/v2\/tags?post=192346"}],"curies":[{"name":"wp","href":"https:\/\/api.w.org\/{rel}","templated":true}]}}