{"id":192350,"date":"2025-06-21T01:54:18","date_gmt":"2025-06-21T01:54:18","guid":{"rendered":"https:\/\/www.europesays.com\/fr\/192350\/"},"modified":"2025-06-21T01:54:18","modified_gmt":"2025-06-21T01:54:18","slug":"exposition-faites-votre-marche-avec-noemie-romo","status":"publish","type":"post","link":"https:\/\/www.europesays.com\/fr\/192350\/","title":{"rendered":"Exposition &#8211; faites votre march\u00e9 avec No\u00e9mie Romo"},"content":{"rendered":"<p>\t\t\t\t\t\t\t\t<a href=\"https:\/\/vosgesinfo.fr\/app\/uploads\/sites\/6\/2025\/06\/expo-noemie-romo-le-grattoir-6.jpg\" data-slb-active=\"1\" data-slb-asset=\"283452996\" data-slb-internal=\"0\" data-slb-group=\"slb\" rel=\"nofollow noopener\" target=\"_blank\"><img aria-describedby=\"caption-attachment-79403\" decoding=\"async\" loading=\"lazy\" class=\"size-large wp-image-79403\" src=\"https:\/\/www.europesays.com\/fr\/wp-content\/uploads\/2025\/06\/expo-noemie-romo-le-grattoir-6-1024x768.jpg\" alt=\"\" width=\"1024\" height=\"768\"  \/><\/a><\/p>\n<p id=\"caption-attachment-79403\" class=\"wp-caption-text\">No\u00e9mie Romo (\u00e0 gauche) a eu le plaisir d\u2019\u00e9changer avec le public \u00e0 l\u2019occasion du traditionnel vernissage de l\u2019exposition.<\/p>\n<p>\u00a0<\/p>\n<p data-pm-slice=\"1 1 []\"><strong>Le Grattoir accueille actuellement l\u2019artiste peintre No\u00e9mie Romo (lire notre pr\u00e9c\u00e9dent article <a class=\"qbe-widget\" href=\"https:\/\/vosgesinfo.fr\/gerardmerinfo\/2025\/06\/exposition-le-grattoir-accueille-lartiste-peintre-noemie-romo\/\" target=\"_blank\" rel=\"noopener nofollow\">ICI !<\/a>) qui expose une premi\u00e8re s\u00e9rie de 11 toiles \u00e0 l\u2019huile sur le th\u00e8me \u00ab\u00a0\u00c9tals de march\u00e9\u00a0\u00bb dans tous ses \u00e9tats, dans divers lieux et \u00e0 diverses \u00e9poques.<\/strong><\/p>\n<p><a href=\"https:\/\/vosgesinfo.fr\/app\/uploads\/sites\/6\/2025\/06\/expo-noemie-romo-le-grattoir-3.jpg\" data-slb-active=\"1\" data-slb-asset=\"870784019\" data-slb-internal=\"0\" data-slb-group=\"slb\" rel=\"nofollow noopener\" target=\"_blank\"><img aria-describedby=\"caption-attachment-79399\" decoding=\"async\" loading=\"lazy\" class=\"wp-image-79399 size-medium\" src=\"https:\/\/www.europesays.com\/fr\/wp-content\/uploads\/2025\/06\/expo-noemie-romo-le-grattoir-3-225x300.jpg\" alt=\"\" width=\"225\" height=\"300\"  \/><\/a><\/p>\n<p id=\"caption-attachment-79399\" class=\"wp-caption-text\">L\u2019artiste a travaill\u00e9 sur des petits formats, ce qui est plut\u00f4t inhabituel pour elle. <\/p>\n<p>Et c\u2019est d\u2019ailleurs ce qui fait une partie de l\u2019originalit\u00e9 de cette s\u00e9rie qui, comme le confie l\u2019artiste, n\u2019est qu\u2019un premier jet : elle vous fait voyager aussi bien de mani\u00e8re g\u00e9ographique que chronologique, tout en gardant une certaine constance en mati\u00e8re de couleurs, mais aussi d\u2019inspiration : bien qu\u2019elle aime le m\u00e9lange des genres, No\u00e9mie Romo ne m\u00e9lange pas n\u2019importe quoi et \u00e9labore subtilement sa recette \u00e0 base de Caravage et de clairs-obscurs qu\u2019elle affectionne particuli\u00e8rement, tout en puisant dans certains courants qui pr\u00e9c\u00e8dent l\u2019art conceptuel en veillant \u00e0 rester dans le figuratif. Le tout est saupoudr\u00e9 de fantaisie et de couleurs bien choisies et bien mari\u00e9es pour une s\u00e9rie plus aboutie qu\u2019il n\u2019y parait, ou plut\u00f4t plus aboutie que l\u2019artiste ne l\u2019envisage elle-m\u00eame. Ce qui est plut\u00f4t prometteur et de bon augure, car d\u2019autres toiles sur ce m\u00eame th\u00e8me sont en effet \u00e0 venir. Mais en attendant, vous avez jusqu\u2019au 25 juillet pour venir d\u00e9couvrir ce premier opus des \u00ab\u00a0\u00c9tales de march\u00e9\u00a0\u00bb au bar le Grattoir \u00e0 G\u00e9rardmer.<\/p>\n<p>Entr\u00e9e libre aux horaires d\u2019ouverture du bar associatif.<\/p>\n<p>\u00a0<\/p>\n<p><a href=\"https:\/\/vosgesinfo.fr\/app\/uploads\/sites\/6\/2025\/06\/expo-noemie-romo-le-grattoir-2.jpg\" data-slb-active=\"1\" data-slb-asset=\"1869870538\" data-slb-internal=\"0\" data-slb-group=\"slb\" rel=\"nofollow noopener\" target=\"_blank\"><img decoding=\"async\" loading=\"lazy\" class=\"aligncenter size-large wp-image-79398\" src=\"https:\/\/www.europesays.com\/fr\/wp-content\/uploads\/2025\/06\/expo-noemie-romo-le-grattoir-2-1024x768.jpg\" alt=\"\" width=\"1024\" height=\"768\"  \/><\/a><\/p>\n","protected":false},"excerpt":{"rendered":"No\u00e9mie Romo (\u00e0 gauche) a eu le plaisir d\u2019\u00e9changer avec le public \u00e0 l\u2019occasion du traditionnel vernissage de&hellip;\n","protected":false},"author":2,"featured_media":192351,"comment_status":"","ping_status":"","sticky":false,"template":"","format":"standard","meta":{"footnotes":""},"categories":[1358],"tags":[1348,1384,1385,33120,1386,58,59,1011,27,33121],"class_list":{"0":"post-192350","1":"post","2":"type-post","3":"status-publish","4":"format-standard","5":"has-post-thumbnail","7":"category-arts-et-design","8":"tag-arts","9":"tag-arts-and-design","10":"tag-arts-et-design","11":"tag-bar-le-grattoir","12":"tag-design","13":"tag-divertissement","14":"tag-entertainment","15":"tag-fr","16":"tag-france","17":"tag-noemie-romo"},"share_on_mastodon":{"url":"https:\/\/pubeurope.com\/@fr\/114718865294801051","error":""},"_links":{"self":[{"href":"https:\/\/www.europesays.com\/fr\/wp-json\/wp\/v2\/posts\/192350","targetHints":{"allow":["GET"]}}],"collection":[{"href":"https:\/\/www.europesays.com\/fr\/wp-json\/wp\/v2\/posts"}],"about":[{"href":"https:\/\/www.europesays.com\/fr\/wp-json\/wp\/v2\/types\/post"}],"author":[{"embeddable":true,"href":"https:\/\/www.europesays.com\/fr\/wp-json\/wp\/v2\/users\/2"}],"replies":[{"embeddable":true,"href":"https:\/\/www.europesays.com\/fr\/wp-json\/wp\/v2\/comments?post=192350"}],"version-history":[{"count":0,"href":"https:\/\/www.europesays.com\/fr\/wp-json\/wp\/v2\/posts\/192350\/revisions"}],"wp:featuredmedia":[{"embeddable":true,"href":"https:\/\/www.europesays.com\/fr\/wp-json\/wp\/v2\/media\/192351"}],"wp:attachment":[{"href":"https:\/\/www.europesays.com\/fr\/wp-json\/wp\/v2\/media?parent=192350"}],"wp:term":[{"taxonomy":"category","embeddable":true,"href":"https:\/\/www.europesays.com\/fr\/wp-json\/wp\/v2\/categories?post=192350"},{"taxonomy":"post_tag","embeddable":true,"href":"https:\/\/www.europesays.com\/fr\/wp-json\/wp\/v2\/tags?post=192350"}],"curies":[{"name":"wp","href":"https:\/\/api.w.org\/{rel}","templated":true}]}}