{"id":192352,"date":"2025-06-21T01:55:09","date_gmt":"2025-06-21T01:55:09","guid":{"rendered":"https:\/\/www.europesays.com\/fr\/192352\/"},"modified":"2025-06-21T01:55:09","modified_gmt":"2025-06-21T01:55:09","slug":"le-coeur-quand-il-explose-de-claire-griois-lu-par-bastien-elie-directeur-dassociation-liberation","status":"publish","type":"post","link":"https:\/\/www.europesays.com\/fr\/192352\/","title":{"rendered":"\u00abLe C\u0153ur quand il explose\u00bb de Claire Griois lu par Bastien Elie, directeur d\u2019association \u2013 Lib\u00e9ration"},"content":{"rendered":"<p class=\"sc-ksZaOG ehjQrN text-element\">Les livres ont mille fa\u00e7ons de parvenir jusqu\u2019\u00e0 nous. Parfois, nous l\u2019avons tous v\u00e9cu, cela se fait par la gr\u00e2ce d\u2019un ami. Un ami qui parie sur une intuition : \u00abLis \u00e7a, cela te changera de tout ce que tu lis habituellement, \u00e7a va te plaire et, tu verras, il y a l\u00e0 une voix qui porte.\u00bb Et mon ami avait raison.<\/p>\n<p class=\"sc-ksZaOG ehjQrN text-element\">De quoi s\u2019agit-il ? Que nous dit cette voix ? Sur une \u00eele grecque, une femme erre au gr\u00e9 de l\u2019\u00e9vocation de l\u2019aim\u00e9 tr\u00e9pass\u00e9. Temps aboli, fiction personnelle \u00e9tablie, douleur inextinguible. Entre ciel et mer, elle vagabonde pour rester debout. Dans un th\u00e9\u00e2tre \u00e9blouissant travers\u00e9 par un d\u00e9luge, son exposition est totale.<\/p>\n<p class=\"sc-ksZaOG ehjQrN text-element\">Face au meurtre et \u00e0 la disparition de l\u2019aim\u00e9, l\u2019invoquer encore, s\u2019en repa\u00eetre encore, l\u2019aimer encore. En crever encore. Et assigner les meurtriers. Inspirateurs, commanditaires, fieff\u00e9s ex\u00e9cutants. Les d\u00e9signer, en tirer les cons\u00e9quences. Entrer en rage comme d\u2019autres entrent en clandestinit\u00e9, par refus du renoncement. Sans espoir d\u2019y r\u00e9ussir, s\u2019\u00e9vertuer \u00e0 leur faire rendre gorge par la c\u00e9l\u00e9bration hors de contr\u00f4le de ce qui a \u00e9t\u00e9, lumineux, qu\u2019ils ont d\u00e9truit. Il ne s\u2019agit ni d\u2019un deuil, ni d\u2019une reconstruction. Juste d\u2019un barrage, mais un barrage florissant. \u00ab\u2026 c\u2019est peut-\u00eatre celle-l\u00e0, la plus belle lutte du si\u00e8cle, quand les corps endormis, immobiles et coll\u00e9s, font bloc contre l\u2019ennui, font bloc contre la nuit qui s\u2019\u00e9crase sur les toits\u2026\u00bb Refuser, ici, c\u2019est vivre.<\/p>\n<p class=\"sc-ksZaOG ehjQrN text-element\">Dans ces pages, une seule et m\u00eame longue phrase. Tout est affaire de ryt<\/p>\n","protected":false},"excerpt":{"rendered":"Les livres ont mille fa\u00e7ons de parvenir jusqu\u2019\u00e0 nous. Parfois, nous l\u2019avons tous v\u00e9cu, cela se fait par&hellip;\n","protected":false},"author":2,"featured_media":192353,"comment_status":"","ping_status":"","sticky":false,"template":"","format":"standard","meta":{"footnotes":""},"categories":[1357],"tags":[1379,10488,58,59,1011,27,19869,1380],"class_list":{"0":"post-192352","1":"post","2":"type-post","3":"status-publish","4":"format-standard","5":"has-post-thumbnail","7":"category-livres","8":"tag-books","9":"tag-cahier-livres","10":"tag-divertissement","11":"tag-entertainment","12":"tag-fr","13":"tag-france","14":"tag-librairie-ephemere","15":"tag-livres"},"share_on_mastodon":{"url":"https:\/\/pubeurope.com\/@fr\/114718869232256470","error":""},"_links":{"self":[{"href":"https:\/\/www.europesays.com\/fr\/wp-json\/wp\/v2\/posts\/192352","targetHints":{"allow":["GET"]}}],"collection":[{"href":"https:\/\/www.europesays.com\/fr\/wp-json\/wp\/v2\/posts"}],"about":[{"href":"https:\/\/www.europesays.com\/fr\/wp-json\/wp\/v2\/types\/post"}],"author":[{"embeddable":true,"href":"https:\/\/www.europesays.com\/fr\/wp-json\/wp\/v2\/users\/2"}],"replies":[{"embeddable":true,"href":"https:\/\/www.europesays.com\/fr\/wp-json\/wp\/v2\/comments?post=192352"}],"version-history":[{"count":0,"href":"https:\/\/www.europesays.com\/fr\/wp-json\/wp\/v2\/posts\/192352\/revisions"}],"wp:featuredmedia":[{"embeddable":true,"href":"https:\/\/www.europesays.com\/fr\/wp-json\/wp\/v2\/media\/192353"}],"wp:attachment":[{"href":"https:\/\/www.europesays.com\/fr\/wp-json\/wp\/v2\/media?parent=192352"}],"wp:term":[{"taxonomy":"category","embeddable":true,"href":"https:\/\/www.europesays.com\/fr\/wp-json\/wp\/v2\/categories?post=192352"},{"taxonomy":"post_tag","embeddable":true,"href":"https:\/\/www.europesays.com\/fr\/wp-json\/wp\/v2\/tags?post=192352"}],"curies":[{"name":"wp","href":"https:\/\/api.w.org\/{rel}","templated":true}]}}