{"id":192354,"date":"2025-06-21T01:56:15","date_gmt":"2025-06-21T01:56:15","guid":{"rendered":"https:\/\/www.europesays.com\/fr\/192354\/"},"modified":"2025-06-21T01:56:15","modified_gmt":"2025-06-21T01:56:15","slug":"submergee-par-lemotion-et-les-souvenirs-mallory-wanecque-lactrice-de-lamour-ouf-fond-en-larmes-dans-c-a-vous","status":"publish","type":"post","link":"https:\/\/www.europesays.com\/fr\/192354\/","title":{"rendered":"Submerg\u00e9e par l\u2019\u00e9motion et les souvenirs, Mallory Wanecque, l\u2019actrice de L\u2019Amour ouf, fond en larmes dans \u00ab\u00a0C \u00e0 vous\u00a0\u00bb"},"content":{"rendered":"<p>Ce vendredi 20 juin, sur le plateau de \u00ab\u00a0<a data-i13n=\"cpos:1;pos:1\" href=\"https:\/\/fr.news.yahoo.com\/lambiance-est-epouvantable-rachida-dati-sen-prend-a-anne-elisabeth-lemoine-et-patrick-cohen-en-plein-direct-dans-c-a-vous-180145283.html\" data-ylk=\"slk:C \u00e0 vous;cpos:1;pos:1;elm:context_link;itc:0;sec:content-canvas;outcm:mb_qualified_link;_E:mb_qualified_link;ct:story;\" class=\"link  yahoo-link\" target=\"_blank\" rel=\"noopener\">C \u00e0 vous<\/a>\u00a0\u00bb (<a data-i13n=\"cpos:2;pos:1\" href=\"https:\/\/fr.news.yahoo.com\/france-t%C3%A9l%C3%A9visions-gr%C3%A8ve-illimit%C3%A9e-annonc%C3%A9e-122200511.html\" data-ylk=\"slk:France 5;cpos:2;pos:1;elm:context_link;itc:0;sec:content-canvas;outcm:mb_qualified_link;_E:mb_qualified_link;ct:story;\" class=\"link  yahoo-link\" target=\"_blank\" rel=\"noopener\">France 5<\/a>), <a data-i13n=\"cpos:3;pos:1\" href=\"https:\/\/fr.news.yahoo.com\/sport\/bertrand-chameroy-ironise-menaces-rachida-190600724.html\" data-ylk=\"slk:Anne-Elisabeth Lemoine;cpos:3;pos:1;elm:context_link;itc:0;sec:content-canvas;outcm:mb_qualified_link;_E:mb_qualified_link;ct:story;\" class=\"link  yahoo-link\" target=\"_blank\" rel=\"noopener\">Anne-Elisabeth Lemoine<\/a> recevait trois invit\u00e9s \u00e0 la veille de la <a data-i13n=\"cpos:4;pos:1\" href=\"https:\/\/fr.news.yahoo.com\/sport\/retour-vasque-olympique-%C3%A0-paris-155014142.html\" data-ylk=\"slk:F\u00eate de la musique;cpos:4;pos:1;elm:context_link;itc:0;sec:content-canvas;outcm:mb_qualified_link;_E:mb_qualified_link;ct:story;\" class=\"link  yahoo-link\" target=\"_blank\" rel=\"noopener\">F\u00eate de la musique<\/a> : Jack Lang, ancien ministre de la Culture et cr\u00e9ateur de cet \u00e9v\u00e9nement lanc\u00e9 en 1982, aujourd\u2019hui c\u00e9l\u00e9br\u00e9 dans plus de 120 pays, ainsi que le duo Sami Bouajila \/ Mallory Wanecque. Les deux acteurs sont venus faire la promotion de leur nouveau film, Rapaces, r\u00e9alis\u00e9 par Peter Dourountzis, qui sortira dans les salles obscures le 2 juillet prochain.<\/p>\n<p>Le thriller met en sc\u00e8ne un journaliste chevronn\u00e9, Samuel, qui accueille sa fille Ava en stage dans sa r\u00e9daction. Tr\u00e8s vite, ils se retrouvent embarqu\u00e9s dans une enqu\u00eate sordide : le meurtre d\u2019une jeune femme d\u00e9figur\u00e9e \u00e0 l\u2019acide. Port\u00e9s par l\u2019obsession de la v\u00e9rit\u00e9, ils tirent le fil d\u2019une affaire plus vaste, jusqu\u2019\u00e0 mettre leur propre s\u00e9curit\u00e9 en p\u00e9ril.<\/p>\n<p>Mallory Wanecque, la r\u00e9v\u00e9lation \u00e0 fleur de peau<\/p>\n<p>Autant dire que ce duo n&rsquo;a pas fini de faire parler de lui&#8230; \u00c0 tout juste 18 ans, Mallory Wanecque s\u2019impose comme l\u2019un des visages les plus prometteurs du cin\u00e9ma fran\u00e7ais. Sa carri\u00e8re a d\u00e9but\u00e9 en 2022 avec Les Pires, un drame social poignant sign\u00e9 Lise Akoka et Romane Gueret, qui avait remport\u00e9 le Prix Un Certain Regard \u00e0 Cannes. Dans ce r\u00f4le de jeune fille plac\u00e9e au c\u0153ur d\u2019un tournage chaotique, elle montrait d\u00e9j\u00e0 un jeu brut, sinc\u00e8re, d\u00e9pourvu de toute pose.<\/p>\n<p>La r\u00e9v\u00e9lation de L&rsquo;Amour ouf<\/p>\n<p>Mais c\u2019est dans L\u2019Amour ouf, de Gilles Lellouche, qu\u2019elle cr\u00e8ve litt\u00e9ralement l\u2019\u00e9cran. Face \u00e0 Ad\u00e8le Exarchopoulos et Fran\u00e7ois Civil, Mallory incarne l\u2019h\u00e9ro\u00efne dans ses jeunes ann\u00e9es, avec une intensit\u00e9 rare et une fra\u00eecheur bouleversante. Sa prestation lui vaut une nomination aux C\u00e9sar, salu\u00e9e unanimement par la critique pour sa justesse et sa puissance \u00e9motionnelle.<\/p>\n<p>Derri\u00e8re son regard franc et sa voix douce, Mallory Wanecque incarne une nouvelle g\u00e9n\u00e9ration d\u2019actrices, o\u00f9 la vuln\u00e9rabilit\u00e9 devient une force. Une g\u00e9n\u00e9ration qui ne triche pas, et qui, comme elle l\u2019a prouv\u00e9 en direct dans \u00ab\u00a0C \u00e0 vous\u00a0\u00bb, n\u2019a pas peur de laisser l\u2019\u00e9motion affleurer, m\u00eame face aux cam\u00e9ras.<\/p>\n<p>Une \u00e9motion intense<\/p>\n<p>Mais le moment le plus marquant de l\u2019\u00e9mission est survenu hors promo, au d\u00e9tour d\u2019une simple question sur sa playlist. Lorsqu\u2019on lui demande quel morceau la touche particuli\u00e8rement, Mallory Wanecque \u00e9voque \u201cSang pour sang\u201d de Johnny Hallyday. Et en entendant le titre, l\u2019\u00e9motion a d\u00e9bord\u00e9.<\/p>\n<p>Une chanson, un souvenir, et les larmes qui montent<\/p>\n<p>\u00ab\u00a0C\u2019est une chanson hyper touchante, qui parle d\u2019une relation entre un p\u00e8re et son fils. Et Johnny Hallyday, c\u2019\u00e9tait le chanteur pr\u00e9f\u00e9r\u00e9 de mon grand-p\u00e8re\u00a0\u00bb, confie-t-elle difficilement, la voix serr\u00e9e et les larmes aux yeux. Avant d\u2019ajouter, dans un souffle presque d\u00e9sol\u00e9 : \u00ab\u00a0Je ne voulais pas pleurer\u2026\u00a0\u00bb<\/p>\n<p>Une phrase simple, un souvenir familial, et un visage boulevers\u00e9 en direct. En l\u2019espace de quelques secondes, Mallory Wanecque a rappel\u00e9 que la sinc\u00e9rit\u00e9 reste l\u2019\u00e9motion la plus forte. Et son \u00e9motion a \u00e9t\u00e9 communicative.<\/p>\n<blockquote placeholder=\"\" data-theme=\"light\" class=\"twitter-tweet\">\n<p>Mallory Wanecque, en larmes \u00e0 l\u2019\u00e9coute de \u201cSang pour sang\u201d de Johnny Hallyday<\/p>\n<p>\u00ab C\u2019est une chanson hyper touchante. Johnny \u00e9tait le chanteur pr\u00e9f\u00e9r\u00e9 de mon grand-p\u00e8re, et \u00e7a me rappelle plein de souvenirs. \u00bb<a href=\"https:\/\/twitter.com\/hashtag\/C%C3%A0Vous?src=hash&amp;ref_src=twsrc%5Etfw\" rel=\"nofollow noopener\" target=\"_blank\" data-ylk=\"slk:#C\u00e0Vous;elm:context_link;itc:0;sec:content-canvas\" class=\"link \">#C\u00e0Vous<\/a> <a href=\"https:\/\/t.co\/FvTt8RR9wD\" rel=\"nofollow noopener\" target=\"_blank\" data-ylk=\"slk:pic.twitter.com\/FvTt8RR9wD;elm:context_link;itc:0;sec:content-canvas\" class=\"link \">pic.twitter.com\/FvTt8RR9wD<\/a><\/p>\n<p>\u2014 C \u00e0 vous (@cavousf5) <a href=\"https:\/\/twitter.com\/cavousf5\/status\/1936137396422164524?ref_src=twsrc%5Etfw\" rel=\"nofollow noopener\" target=\"_blank\" data-ylk=\"slk:June 20, 2025;elm:context_link;itc:0;sec:content-canvas\" class=\"link \">June 20, 2025<\/a><\/p>\n<\/blockquote>\n<p><script async src=\"https:\/\/platform.twitter.com\/widgets.js\" charset=\"utf-8\"><\/script><\/p>\n","protected":false},"excerpt":{"rendered":"Ce vendredi 20 juin, sur le plateau de \u00ab\u00a0C \u00e0 vous\u00a0\u00bb (France 5), Anne-Elisabeth Lemoine recevait trois invit\u00e9s&hellip;\n","protected":false},"author":2,"featured_media":192355,"comment_status":"","ping_status":"","sticky":false,"template":"","format":"standard","meta":{"footnotes":""},"categories":[1356],"tags":[58,19816,59,25885,1011,27,1304,33122,2616,252,1364],"class_list":{"0":"post-192354","1":"post","2":"type-post","3":"status-publish","4":"format-standard","5":"has-post-thumbnail","7":"category-television","8":"tag-divertissement","9":"tag-emotion","10":"tag-entertainment","11":"tag-fete-de-la-musique","12":"tag-fr","13":"tag-france","14":"tag-johnny-hallyday","15":"tag-mallory-wanecque","16":"tag-ministre-de-la-culture","17":"tag-television","18":"tag-tv"},"share_on_mastodon":{"url":"https:\/\/pubeurope.com\/@fr\/114718873017226092","error":""},"_links":{"self":[{"href":"https:\/\/www.europesays.com\/fr\/wp-json\/wp\/v2\/posts\/192354","targetHints":{"allow":["GET"]}}],"collection":[{"href":"https:\/\/www.europesays.com\/fr\/wp-json\/wp\/v2\/posts"}],"about":[{"href":"https:\/\/www.europesays.com\/fr\/wp-json\/wp\/v2\/types\/post"}],"author":[{"embeddable":true,"href":"https:\/\/www.europesays.com\/fr\/wp-json\/wp\/v2\/users\/2"}],"replies":[{"embeddable":true,"href":"https:\/\/www.europesays.com\/fr\/wp-json\/wp\/v2\/comments?post=192354"}],"version-history":[{"count":0,"href":"https:\/\/www.europesays.com\/fr\/wp-json\/wp\/v2\/posts\/192354\/revisions"}],"wp:featuredmedia":[{"embeddable":true,"href":"https:\/\/www.europesays.com\/fr\/wp-json\/wp\/v2\/media\/192355"}],"wp:attachment":[{"href":"https:\/\/www.europesays.com\/fr\/wp-json\/wp\/v2\/media?parent=192354"}],"wp:term":[{"taxonomy":"category","embeddable":true,"href":"https:\/\/www.europesays.com\/fr\/wp-json\/wp\/v2\/categories?post=192354"},{"taxonomy":"post_tag","embeddable":true,"href":"https:\/\/www.europesays.com\/fr\/wp-json\/wp\/v2\/tags?post=192354"}],"curies":[{"name":"wp","href":"https:\/\/api.w.org\/{rel}","templated":true}]}}