{"id":192364,"date":"2025-06-21T02:01:11","date_gmt":"2025-06-21T02:01:11","guid":{"rendered":"https:\/\/www.europesays.com\/fr\/192364\/"},"modified":"2025-06-21T02:01:11","modified_gmt":"2025-06-21T02:01:11","slug":"cetait-quoi-cette-manifestation-pendant-le-festival","status":"publish","type":"post","link":"https:\/\/www.europesays.com\/fr\/192364\/","title":{"rendered":"c&rsquo;\u00e9tait quoi cette manifestation pendant le festival\u00a0?"},"content":{"rendered":"<p>            Par<br \/>\n        <strong><br \/>\n            <a href=\"https:\/\/actu.fr\/auteur\/vincent-malboeuf\" title=\"Consulter tous les articles de Vincent Malb\u0153uf\" rel=\"nofollow noopener\" target=\"_blank\">Vincent Malb\u0153uf<\/a><br \/>\n        <\/strong><\/p>\n<p>        Publi\u00e9 le<\/p>\n<p>            20 juin 2025 \u00e0 20h12        <\/p>\n<p>Une dizaine de personnes avec du faux sang d\u00e9goulinant sur leur tee-shirt blanc immacul\u00e9 a fait son apparition \u00e0 18 h ce vendredi 20 juin 2025, \u00e0 l\u2019entr\u00e9e du site du <a href=\"https:\/\/actu.fr\/tag\/hellfest\" rel=\"nofollow noopener\" target=\"_blank\">Hellfest<\/a>, au 2e jour du festival.<\/p>\n<p>L\u2019association d\u00e9fendant la cause LGBTQIA+ \u00e0 l\u2019action<\/p>\n<p class=\" wall-content\">Certains \u00e9taient <b>allong\u00e9s sur un sol bitum\u00e9 br\u00fblant<\/b>, d\u2019autres portaient des pancartes revendicatives et une banderole o\u00f9 \u00e9tait \u00e9crit : \u00ab\u00a0En invitant un meurtrier homophobe, le Hellfest donne le 38e coup de couteau\u00a0\u00bb.<\/p>\n<p class=\" wall-content\">Derri\u00e8re cette revendication silencieuse, l\u2019association <a href=\"https:\/\/www.helloasso.com\/associations\/qui-nous-aime-nous-suive\" rel=\"nofollow noopener\" target=\"_blank\">Qui nous aime nous suive,<\/a> qui d\u00e9fend la cause LGBTQIA +,qui demandait au Hellfest en d\u00e9but de semaine de <a href=\"https:\/\/actu.fr\/pays-de-la-loire\/clisson_44043\/il-avait-tue-un-homosexuel-de-37-coups-de-couteau-sa-venue-au-hellfest-revolte-une-association-de-clisson_62776264.html\" rel=\"nofollow noopener\" target=\"_blank\">d\u00e9programmer le groupe d\u2019un batteur qui a commis un crime homophobe<\/a>.<\/p>\n<p class=\" wall-content\"><b>Le batteur en question s\u2019appelle B\u00e5rd Eithun<\/b>, est Norv\u00e9gien et joue samedi soir \u00e0 Clisson sur la sc\u00e8ne Temple \u00e0 1 h, avec non pas sa formation habituelle, Emperor, mais un autre groupe de black metal, Blood Fire Deat.<\/p>\n<p class=\" wall-content\">Cet homme, alors \u00e2g\u00e9 de 18 ans, avait tu\u00e9, en 1992, de <b>37 coups de couteau et des coups de pied \u00e0 la t\u00eate un homme gay. <\/b>Il a purg\u00e9 sa peine (14 ans de prison, r\u00e9duite \u00e0 11).<\/p>\n<p>Vid\u00e9os : en ce moment sur Actu\u00ab\u00a0Ce n\u2019est pas tol\u00e9rable\u00a0\u00bb<\/p>\n<p class=\" wall-content\">Mais pour l\u2019association qui rayonne dans le <a href=\"https:\/\/actu.fr\/tag\/vignoble-nantais\" rel=\"nofollow noopener\" target=\"_blank\">Vignoble nantais<\/a>, ce n\u2019est pas acceptable.<\/p>\n<blockquote class=\"ac-article-quote wall-content\">\n<p>On d\u00e9nonce le fait que le Hellfest ait programm\u00e9 un batteur qui a tu\u00e9 une personne homosexuelle et qui n\u2019a jamais exprim\u00e9 de remords, Cela nous met en col\u00e8re de voir le festival mettre en lumi\u00e8re des personnes agresseurs. Ce n\u2019est pas tol\u00e9rable de supporter qu\u2019un meurtrier soit sur sc\u00e8ne en 2025. On attend toujours la r\u00e9ponse du Hellfest. On est agac\u00e9 de voir les organisateurs mettre des dispositifs contre les discriminations, mais \u00e0 c\u00f4t\u00e9 de \u00e7a, de programmer des artistes agresseurs. C\u2019est contradictoire. Je ne pense pas que la communaut\u00e9 gay se sentira \u00e0 l\u2019aise demain soir devant une personne qui a tu\u00e9 un homosexuel.<\/p>\n<p>Victor, secr\u00e9taire et porte-parole de l\u2019association Qui nous aime nous suive<\/p><\/blockquote>\n<p>    <img   decoding=\"async\" loading=\"lazy\" class=\"size-large\" src=\"https:\/\/www.europesays.com\/fr\/wp-content\/uploads\/2025\/06\/4768d953a55868b68d953a5588f68dv-960x640.jpg\" alt=\"manifestation Hellfest - qui nous aime nous suive\" width=\"960\" height=\"640\"\/><br \/>\n    La manifestation a dur\u00e9 25 minutes au lieu de 38. \u00a9HSM25 minutes au lieu de 38 minutes<\/p>\n<p class=\" wall-content\">Cette m\u00eame association a tract\u00e9 hier \u00e0 la gare de Clisson et poursuivi cette action devant l\u2019entr\u00e9e du Helflest.\u00a0<\/p>\n<p class=\" wall-content\">La manifestation <b>devait durer 38 minutes pour marquer le coup<\/b>. Mais les services de s\u00e9curit\u00e9 leur ont ordonn\u00e9 d\u2019\u00e9courter \u00e0 25 minutes.<\/p>\n<p class=\" wall-content\">Pas de heurt ni de soutien communicatif n\u2019ont \u00e9t\u00e9 commis hormis un <b>doigt d\u2019honneur furtif<\/b> d\u2019une festivali\u00e8re.<\/p>\n<p class=\" wall-content\">Interrog\u00e9e apr\u00e8s cette manifestation, Hellfest Production n\u2019a pas souhait\u00e9 r\u00e9agir.<\/p>\n<p class=\" wall-content\">Suivez toute l\u2019actualit\u00e9 de vos villes et m\u00e9dias favoris en vous inscrivant \u00e0 <a href=\"https:\/\/moncompte.actu.fr\" title=\"D\u00e9couvez Mon Actu\" rel=\"nofollow noopener\" data-trk=\"{&quot;cta&quot;:{&quot;action&quot;:&quot;https:\\\/\\\/moncompte.actu.fr&quot;,&quot;category&quot;:&quot;mon compte&quot;,&quot;from&quot;:&quot;article footer&quot;,&quot;name&quot;:&quot;Mon actu&quot;,&quot;type&quot;:&quot;cta&quot;}}\" target=\"_blank\">Mon Actu<\/a>.<\/p>\n","protected":false},"excerpt":{"rendered":"Par Vincent Malb\u0153uf Publi\u00e9 le 20 juin 2025 \u00e0 20h12 Une dizaine de personnes avec du faux sang&hellip;\n","protected":false},"author":2,"featured_media":192365,"comment_status":"","ping_status":"","sticky":false,"template":"","format":"standard","meta":{"footnotes":""},"categories":[8],"tags":[58,59,1011,27,16501,9087,104,2900],"class_list":{"0":"post-192364","1":"post","2":"type-post","3":"status-publish","4":"format-standard","5":"has-post-thumbnail","7":"category-divertissement","8":"tag-divertissement","9":"tag-entertainment","10":"tag-fr","11":"tag-france","12":"tag-hellfest","13":"tag-lgbt","14":"tag-societe","15":"tag-vignoble-nantais"},"share_on_mastodon":{"url":"https:\/\/pubeurope.com\/@fr\/114718892723911473","error":""},"_links":{"self":[{"href":"https:\/\/www.europesays.com\/fr\/wp-json\/wp\/v2\/posts\/192364","targetHints":{"allow":["GET"]}}],"collection":[{"href":"https:\/\/www.europesays.com\/fr\/wp-json\/wp\/v2\/posts"}],"about":[{"href":"https:\/\/www.europesays.com\/fr\/wp-json\/wp\/v2\/types\/post"}],"author":[{"embeddable":true,"href":"https:\/\/www.europesays.com\/fr\/wp-json\/wp\/v2\/users\/2"}],"replies":[{"embeddable":true,"href":"https:\/\/www.europesays.com\/fr\/wp-json\/wp\/v2\/comments?post=192364"}],"version-history":[{"count":0,"href":"https:\/\/www.europesays.com\/fr\/wp-json\/wp\/v2\/posts\/192364\/revisions"}],"wp:featuredmedia":[{"embeddable":true,"href":"https:\/\/www.europesays.com\/fr\/wp-json\/wp\/v2\/media\/192365"}],"wp:attachment":[{"href":"https:\/\/www.europesays.com\/fr\/wp-json\/wp\/v2\/media?parent=192364"}],"wp:term":[{"taxonomy":"category","embeddable":true,"href":"https:\/\/www.europesays.com\/fr\/wp-json\/wp\/v2\/categories?post=192364"},{"taxonomy":"post_tag","embeddable":true,"href":"https:\/\/www.europesays.com\/fr\/wp-json\/wp\/v2\/tags?post=192364"}],"curies":[{"name":"wp","href":"https:\/\/api.w.org\/{rel}","templated":true}]}}