{"id":192366,"date":"2025-06-21T02:02:13","date_gmt":"2025-06-21T02:02:13","guid":{"rendered":"https:\/\/www.europesays.com\/fr\/192366\/"},"modified":"2025-06-21T02:02:13","modified_gmt":"2025-06-21T02:02:13","slug":"le-casque-nothing-headphone-1-se-devoile-et-il-est-tres-particulier","status":"publish","type":"post","link":"https:\/\/www.europesays.com\/fr\/192366\/","title":{"rendered":"Le casque \u00ab\u00a0Nothing Headphone (1)\u00a0\u00bb se d\u00e9voile. Et il est&#8230; tr\u00e8s particulier"},"content":{"rendered":"<p class=\"sc-29e2a271-0 jjhUrQ\">Certains acteurs sur internet peuvent quelques fois avoir des exclusivit\u00e9s. C&rsquo;est le cas du compte Instagram @Nothing_fan_blog, une page qui se dit \u00eatre la page officielle des fans de Nothing pour l&rsquo;Allemagne. Gr\u00e2ce \u00e0 cette derni\u00e8re, et \u00e0 Neowin qui s&rsquo;en fait l&rsquo;\u00e9cho, on peut ainsi d\u00e9couvrir plusieurs images du Nothing Headphone (1).<\/p>\n<p class=\"sc-29e2a271-0 jjhUrQ\">Comme on peut le voir ci-dessous, le casque a droit \u00e0 un design original, qui reprend les codes de Nothing avec une certaine transparence, nous laissant apercevoir des composants de l&rsquo;appareil. Dans l&rsquo;ensemble, le casque semble assez massif, notamment au niveau des \u00e9couteurs. On peut aussi voir que des versions blanche et noire sont pr\u00e9par\u00e9es, alors qu&rsquo;une \u00e9dition grise pourrait aussi voir le jour, selon certaines rumeurs.<\/p>\n","protected":false},"excerpt":{"rendered":"Certains acteurs sur internet peuvent quelques fois avoir des exclusivit\u00e9s. C&rsquo;est le cas du compte Instagram @Nothing_fan_blog, une&hellip;\n","protected":false},"author":2,"featured_media":192367,"comment_status":"","ping_status":"","sticky":false,"template":"","format":"standard","meta":{"footnotes":""},"categories":[7],"tags":[1011,27,43,40,41,39,42,44],"class_list":{"0":"post-192366","1":"post","2":"type-post","3":"status-publish","4":"format-standard","5":"has-post-thumbnail","7":"category-sciences-et-technologies","8":"tag-fr","9":"tag-france","10":"tag-science","11":"tag-science-and-technology","12":"tag-sciences","13":"tag-sciences-et-technologies","14":"tag-technologies","15":"tag-technology"},"share_on_mastodon":{"url":"https:\/\/pubeurope.com\/@fr\/114718896775733640","error":""},"_links":{"self":[{"href":"https:\/\/www.europesays.com\/fr\/wp-json\/wp\/v2\/posts\/192366","targetHints":{"allow":["GET"]}}],"collection":[{"href":"https:\/\/www.europesays.com\/fr\/wp-json\/wp\/v2\/posts"}],"about":[{"href":"https:\/\/www.europesays.com\/fr\/wp-json\/wp\/v2\/types\/post"}],"author":[{"embeddable":true,"href":"https:\/\/www.europesays.com\/fr\/wp-json\/wp\/v2\/users\/2"}],"replies":[{"embeddable":true,"href":"https:\/\/www.europesays.com\/fr\/wp-json\/wp\/v2\/comments?post=192366"}],"version-history":[{"count":0,"href":"https:\/\/www.europesays.com\/fr\/wp-json\/wp\/v2\/posts\/192366\/revisions"}],"wp:featuredmedia":[{"embeddable":true,"href":"https:\/\/www.europesays.com\/fr\/wp-json\/wp\/v2\/media\/192367"}],"wp:attachment":[{"href":"https:\/\/www.europesays.com\/fr\/wp-json\/wp\/v2\/media?parent=192366"}],"wp:term":[{"taxonomy":"category","embeddable":true,"href":"https:\/\/www.europesays.com\/fr\/wp-json\/wp\/v2\/categories?post=192366"},{"taxonomy":"post_tag","embeddable":true,"href":"https:\/\/www.europesays.com\/fr\/wp-json\/wp\/v2\/tags?post=192366"}],"curies":[{"name":"wp","href":"https:\/\/api.w.org\/{rel}","templated":true}]}}