{"id":192370,"date":"2025-06-21T02:04:11","date_gmt":"2025-06-21T02:04:11","guid":{"rendered":"https:\/\/www.europesays.com\/fr\/192370\/"},"modified":"2025-06-21T02:04:11","modified_gmt":"2025-06-21T02:04:11","slug":"meloni-et-lue-investissent-en-afrique-dans-lespoir-de-limiter-limmigration-actualites","status":"publish","type":"post","link":"https:\/\/www.europesays.com\/fr\/192370\/","title":{"rendered":"Meloni et l&rsquo;UE investissent en Afrique dans l&rsquo;espoir de limiter l&rsquo;immigration : Actualit\u00e9s"},"content":{"rendered":"<p class=\"lead \">Limiter l&rsquo;\u00e9migration venant d&rsquo;Afrique en aidant l&rsquo;\u00e9conomie du continent, tout en y \u00e9tendant l&rsquo;influence de l&rsquo;Italie: Giorgia Meloni a pr\u00e9sent\u00e9 vendredi des engagements de son \u00ab\u00a0plan Mattei\u00a0\u00bb, aux ambitions jug\u00e9es par certains irr\u00e9alistes, lors d&rsquo;un sommet co-pr\u00e9sid\u00e9 par Ursula von der Leyen.<\/p>\n<p class=\"lead \">\u00ab\u00a0Nous venons d&rsquo;assister \u00e0 la conclusion de cinq accords tr\u00e8s importants, apportant plus de 1,2 milliard d&rsquo;euros d&rsquo;investissements\u00a0\u00bb europ\u00e9ens et italiens \u00ab\u00a0\u00e0 l&rsquo;Afrique\u00a0\u00bb, a d\u00e9clar\u00e9 vendredi la pr\u00e9sidente de la Commission europ\u00e9enne, venue \u00e0 Rome soutenir ce dispositif port\u00e9 \u00e0 bout de bras par la cheffe du gouvernement ultraconservateur Giorgia Meloni.<\/p>\n<p class=\"lead \">Au dire du gouvernement, le \u00ab\u00a0plan Mattei\u00a0\u00bb mobilisera jusqu&rsquo;\u00e0 5,5 milliards d&rsquo;euros dans sa phase initiale pour des initiatives \u00e9parpill\u00e9es sur 14 pays. <\/p>\n<p class=\"lead \">\u00ab\u00a0Le d\u00e9fi pour nous est que l&rsquo;Afrique puisse grandir (&#8230;) en offrant une perspective \u00e0 ses jeunes, notamment pour combattre en amont les causes qui poussent trop de jeunes \u00e0 payer des organisations criminelles pour entreprendre une travers\u00e9e dangereuse\u00a0\u00bb vers l&rsquo;Europe, a avanc\u00e9 vendredi Giorgia Meloni.<\/p>\n<p class=\"lead \">\u00ab\u00a0Nous savons tous que l&rsquo;Afrique a besoin de ses talents, de ses comp\u00e9tences, de ses entrepreneurs et de sa main-d&rsquo;\u0153uvre,\u00a0\u00bb a abond\u00e9 Ursula Von Der Leyen \u00e0 Rome.<\/p>\n<p class=\"lead \">Le plan porte le nom d&rsquo;Enrico Mattei, p\u00e8re fondateur du g\u00e9ant italien des hydrocarbures Eni, connu pour avoir mis en place des contrats d&rsquo;extraction de p\u00e9trole plus avantageux pour les pays producteurs.<\/p>\n<p class=\"lead \">C&rsquo;est cet h\u00e9ritage que revendique Rome, qui promet des relations avec l&rsquo;Afrique d\u00e9nu\u00e9es de \u00ab\u00a0paternalisme\u00a0\u00bb.<\/p>\n<p class=\"lead \">Une allusion \u00e0 peine dissimul\u00e9e \u00e0 la France, qui a vu son influence en Afrique reculer, plusieurs pays du Sahel ayant somm\u00e9 Paris de retirer ses forces militaires.<\/p>\n<p class=\"lead \">&#8211; Energie et mati\u00e8res premi\u00e8res &#8211;<\/p>\n<p class=\"lead \">Un moyen \u00e9galement de renforcer les relations commerciales entre l&rsquo;Italie et le continent dans le domaine de l&rsquo;\u00e9nergie, alors que l&rsquo;invasion russe en Ukraine a forc\u00e9 l&rsquo;Italie \u00e0 chercher de nouveaux fournisseurs de l&rsquo;autre c\u00f4t\u00e9 de la M\u00e9diterran\u00e9e, notamment en Alg\u00e9rie.<\/p>\n<p class=\"lead \">Quatorze pays africains sont concern\u00e9s, notamment ceux du Maghreb &#8211; sauf la Libye -, le S\u00e9n\u00e9gal, la C\u00f4te d&rsquo;Ivoire, le Kenya ainsi que l&rsquo;Ethiopie, o\u00f9 Rome a un pass\u00e9 colonial.<\/p>\n<p class=\"lead \">Les projets plus importants en termes de financements concernent l&rsquo;\u00e9nergie et les mati\u00e8res premi\u00e8res, tandis que d&rsquo;autres fonds sont destin\u00e9s \u00e0 l&rsquo;\u00e9ducation, la sant\u00e9 et l&rsquo;acc\u00e8s \u00e0 l&rsquo;eau.<\/p>\n<p class=\"lead \">Par exemple, \u00e9taient au centre du sommet vendredi des financements concernant une voie ferr\u00e9e entre la Zambie et l&rsquo;Angola, qui \u00ab\u00a0permettra de stimuler le commerce intra-africain\u00a0\u00bb, a salu\u00e9 vendredi le pr\u00e9sident de la Commission de l&rsquo;Union africaine Mahamoud Ali Youssouf.<\/p>\n<p class=\"lead \">Interrog\u00e9e par l&rsquo;AFP, une porte-parole de la Commission europ\u00e9enne a estim\u00e9 que le Plan Mattei \u00e9tait une \u00ab\u00a0contribution importante\u00a0\u00bb \u00e0 la strat\u00e9gie europ\u00e9enne \u00ab\u00a0Global Gateway\u00a0\u00bb annonc\u00e9e en 2021, qui inclut de nombreux investissements en Afrique en r\u00e9ponse au programme chinois des \u00ab\u00a0Nouvelles routes de la soie\u00a0\u00bb.<\/p>\n<p class=\"lead \">Les financements europ\u00e9ens, pr\u00e9vus \u00e0 hauteur de 150 milliards d&rsquo;euros, font pourtant p\u00e2lir les 5,5 milliards avanc\u00e9s par Rome.<\/p>\n<p class=\"lead \">&#8211; \u00ab\u00a0Trop promis\u00a0\u00bb &#8211;<\/p>\n<p class=\"lead \">Pour Giovanni Carbone, professeur \u00e0 l&rsquo;universit\u00e9 de Milan et chef du programme Afrique de l&rsquo;Institut pour les \u00e9tudes de politique internationale (ISPI), le gouvernement \u00ab\u00a0a trop promis\u00a0\u00bb en faisant miroiter que ces investissements, en cr\u00e9ant des emplois et de la croissance, pourraient r\u00e9duire le nombre de migrants. <\/p>\n<p class=\"lead \">\u00ab\u00a0Les financements que l&rsquo;Italie peut mettre \u00e0 disposition ne sont pas \u00e0 la bonne \u00e9chelle\u00a0\u00bb, a-t-il jug\u00e9 aupr\u00e8s de l&rsquo;AFP.<\/p>\n<p class=\"lead \">Le \u00ab\u00a0plan Mattei\u00a0\u00bb a \u00e9t\u00e9 globalement bien re\u00e7u par les gouvernements partenaires, dont plusieurs repr\u00e9sentants \u00e9taient pr\u00e9sents au sommet vendredi.<\/p>\n<p class=\"lead \">\u00ab\u00a0On ne peut se suffire des seules promesses souvent non tenues\u00a0\u00bb, avait toutefois pr\u00e9venu en janvier 2024 \u00e0 Rome Moussa Faki Mahamat, alors pr\u00e9sident de la Commission de l&rsquo;Union africaine.<\/p>\n<p class=\"lead \">Le pr\u00e9sident k\u00e9nyan William Ruto avait alors \u00e9galement salu\u00e9 ce plan \u00ab\u00a0ambitieux\u00a0\u00bb, mais not\u00e9 \u00ab\u00a0que l&rsquo;investissement seul n&rsquo;est pas suffisant\u00a0\u00bb, rappelant d&rsquo;autres obstacles pour les \u00e9conomies africaines qui doivent payer \u00ab\u00a0cinq fois plus pour leur dette\u00a0\u00bb que les pays europ\u00e9ens.<\/p>\n<p class=\"lead \">Giorgia Meloni a justement annonc\u00e9 vendredi son intention de \u00ab\u00a0transformer environ 235 millions d&rsquo;euros de dette\u00a0\u00bb de pays en d\u00e9veloppement \u00ab\u00a0en projets de d\u00e9veloppement.\u00a0\u00bb<\/p>\n<p class=\"lead \">Pour Simone Ogno de l&rsquo;ONG ReCommon, qui \u00ab\u00a0travaille pour contrer le pouvoir des multinationales\u00a0\u00bb, les investissements du \u00ab\u00a0plan Mattei\u00a0\u00bb pourraient servir avant tout les int\u00e9r\u00eats des \u00ab\u00a0grandes entreprises de l&rsquo;industrie italienne des combustibles fossiles\u00a0\u00bb.<\/p>\n<p class=\"lead \">D&rsquo;importantes soci\u00e9t\u00e9s italiennes sont impliqu\u00e9es dans le plan, comme Eni et le transporteur d&rsquo;\u00e9lectricit\u00e9 Terna, ou encore le groupe agro-industriel Bonifiche Ferraresi.<\/p>\n<p class=\"small font-weight-bold text-gray3 \"> publi\u00e9 le 20 juin \u00e0 18h11, AFP<\/p>\n<p>                             Partager<\/p>\n","protected":false},"excerpt":{"rendered":"Limiter l&rsquo;\u00e9migration venant d&rsquo;Afrique en aidant l&rsquo;\u00e9conomie du continent, tout en y \u00e9tendant l&rsquo;influence de l&rsquo;Italie: Giorgia Meloni&hellip;\n","protected":false},"author":2,"featured_media":192371,"comment_status":"","ping_status":"","sticky":false,"template":"","format":"standard","meta":{"footnotes":""},"categories":[5],"tags":[14427,11,879,1129,215,312,1011,27,14,2554,452,10090,12,1778,28],"class_list":{"0":"post-192370","1":"post","2":"type-post","3":"status-publish","4":"format-standard","5":"has-post-thumbnail","7":"category-international","8":"tag-nergie","9":"tag-actualites","10":"tag-afrique","11":"tag-climat","12":"tag-commerce","13":"tag-diplomatie","14":"tag-fr","15":"tag-france","16":"tag-international","17":"tag-investissements","18":"tag-italie","19":"tag-migrations","20":"tag-news","21":"tag-ue","22":"tag-world"},"share_on_mastodon":{"url":"https:\/\/pubeurope.com\/@fr\/114718904612176249","error":""},"_links":{"self":[{"href":"https:\/\/www.europesays.com\/fr\/wp-json\/wp\/v2\/posts\/192370","targetHints":{"allow":["GET"]}}],"collection":[{"href":"https:\/\/www.europesays.com\/fr\/wp-json\/wp\/v2\/posts"}],"about":[{"href":"https:\/\/www.europesays.com\/fr\/wp-json\/wp\/v2\/types\/post"}],"author":[{"embeddable":true,"href":"https:\/\/www.europesays.com\/fr\/wp-json\/wp\/v2\/users\/2"}],"replies":[{"embeddable":true,"href":"https:\/\/www.europesays.com\/fr\/wp-json\/wp\/v2\/comments?post=192370"}],"version-history":[{"count":0,"href":"https:\/\/www.europesays.com\/fr\/wp-json\/wp\/v2\/posts\/192370\/revisions"}],"wp:featuredmedia":[{"embeddable":true,"href":"https:\/\/www.europesays.com\/fr\/wp-json\/wp\/v2\/media\/192371"}],"wp:attachment":[{"href":"https:\/\/www.europesays.com\/fr\/wp-json\/wp\/v2\/media?parent=192370"}],"wp:term":[{"taxonomy":"category","embeddable":true,"href":"https:\/\/www.europesays.com\/fr\/wp-json\/wp\/v2\/categories?post=192370"},{"taxonomy":"post_tag","embeddable":true,"href":"https:\/\/www.europesays.com\/fr\/wp-json\/wp\/v2\/tags?post=192370"}],"curies":[{"name":"wp","href":"https:\/\/api.w.org\/{rel}","templated":true}]}}