{"id":192372,"date":"2025-06-21T02:05:10","date_gmt":"2025-06-21T02:05:10","guid":{"rendered":"https:\/\/www.europesays.com\/fr\/192372\/"},"modified":"2025-06-21T02:05:10","modified_gmt":"2025-06-21T02:05:10","slug":"recherche-pour-tentative-de-meurtre-un-homme-rattrape-pres-de-cannes-deux-semaines-apres-son-evasion-du-tribunal-de-versailles","status":"publish","type":"post","link":"https:\/\/www.europesays.com\/fr\/192372\/","title":{"rendered":"Recherch\u00e9 pour tentative de meurtre, un homme rattrap\u00e9 pr\u00e8s de Cannes deux semaines apr\u00e8s son \u00e9vasion du tribunal de Versailles"},"content":{"rendered":"<p>La cigarette nuit gravement \u00e0 la sant\u00e9, et parfois aussi \u00e0 la libert\u00e9.<\/p>\n<p>Selon nos informations, c\u2019est en sortant acheter des \u00ab\u00a0clopes\u00a0\u00bb qu\u2019un jeune majeur recherch\u00e9 par la justice a \u00e9t\u00e9 <strong>interpell\u00e9<\/strong>, ce vendredi, au <strong>Cannet<\/strong>.<\/p>\n<p>Sorti du domicile de sa m\u00e8re \u00e0 13h45, il a vu la <strong>brigade de recherche et d\u2019intervention<\/strong> (BRI) de Nice lui fondre dessus. Il n\u2019a pas oppos\u00e9 de r\u00e9sistance.<\/p>\n<p><strong>Recherch\u00e9 pour une tentative de meurtre<\/strong><\/p>\n<p>\u00c2g\u00e9 de 18 ans, cet homme tr\u00e8s connu de la justice \u00e9tait recherch\u00e9 pour une tentative de meurtre commise en janvier 2025.<\/p>\n<p>Le 6 juin dernier, il venait d\u2019\u00eatre mis en examen lorsqu\u2019il s\u2019est <strong>\u00e9vad\u00e9 du tribunal judiciaire de Versailles<\/strong>\u00a0dans les Yvelines.<\/p>\n<p>Dans l\u2019attente de la d\u00e9cision du juge des libert\u00e9s et de la d\u00e9tention, il avait obtenu d\u2019\u00eatre <strong>d\u00e9menott\u00e9 afin de se rendre aux toilettes<\/strong>. Il s\u2019est alors enfui, for\u00e7ant \u00e0 un automobiliste \u00e0 le prendre en stop.<\/p>\n<p><strong>900 kilom\u00e8tres plus au sud<\/strong><\/p>\n<p>Il a donc \u00e9t\u00e9 rattrap\u00e9 deux semaines plus tard sur la C\u00f4te d\u2019Azur, comme l\u2019a r\u00e9v\u00e9l\u00e9 <a href=\"https:\/\/www.bfmtv.com\/paris\/info-bfmtv-le-jeune-homme-qui-s-etait-evade-du-tribunal-de-versailles-interpelle-au-cannet_AN-202506200508.html\" target=\"_blank\" rel=\"noopener nofollow\">BFM TV<\/a>. Les investigations de la brigade de r\u00e9pression du banditisme (BRB) de Versailles ont permis de le localiser neuf cents kilom\u00e8tres plus au sud.<\/p>\n<p>Les enqu\u00eateurs parisiens ont travaill\u00e9 en lien avec leurs homologues du SIPJ 06. De source polici\u00e8re, la BRI a entam\u00e9 des <strong>surveillances mercredi<\/strong>, guettant le moment idoine pour passer \u00e0 l\u2019action.<\/p>\n<p>Elle a conduit le suspect \u00e0 la caserne Auvare \u00e0 Nice, afin de lui notifier son mandat de recherche. \u00c0 l\u2019issue, il devait \u00eatre pr\u00e9sent\u00e9 au parquet de Nice et <strong>plac\u00e9 en d\u00e9tention provisoire<\/strong>, dans l\u2019attente d\u2019un feu vert pour son transfert \u00e0 Versailles.<\/p>\n","protected":false},"excerpt":{"rendered":"La cigarette nuit gravement \u00e0 la sant\u00e9, et parfois aussi \u00e0 la libert\u00e9. Selon nos informations, c\u2019est en&hellip;\n","protected":false},"author":2,"featured_media":192373,"comment_status":"","ping_status":"","sticky":false,"template":"","format":"standard","meta":{"footnotes":""},"categories":[4],"tags":[11,118,1011,27,303,12,25],"class_list":{"0":"post-192372","1":"post","2":"type-post","3":"status-publish","4":"format-standard","5":"has-post-thumbnail","7":"category-france","8":"tag-actualites","9":"tag-faits-divers","10":"tag-fr","11":"tag-france","12":"tag-justice","13":"tag-news","14":"tag-republique-francaise"},"share_on_mastodon":{"url":"https:\/\/pubeurope.com\/@fr\/114718908367087784","error":""},"_links":{"self":[{"href":"https:\/\/www.europesays.com\/fr\/wp-json\/wp\/v2\/posts\/192372","targetHints":{"allow":["GET"]}}],"collection":[{"href":"https:\/\/www.europesays.com\/fr\/wp-json\/wp\/v2\/posts"}],"about":[{"href":"https:\/\/www.europesays.com\/fr\/wp-json\/wp\/v2\/types\/post"}],"author":[{"embeddable":true,"href":"https:\/\/www.europesays.com\/fr\/wp-json\/wp\/v2\/users\/2"}],"replies":[{"embeddable":true,"href":"https:\/\/www.europesays.com\/fr\/wp-json\/wp\/v2\/comments?post=192372"}],"version-history":[{"count":0,"href":"https:\/\/www.europesays.com\/fr\/wp-json\/wp\/v2\/posts\/192372\/revisions"}],"wp:featuredmedia":[{"embeddable":true,"href":"https:\/\/www.europesays.com\/fr\/wp-json\/wp\/v2\/media\/192373"}],"wp:attachment":[{"href":"https:\/\/www.europesays.com\/fr\/wp-json\/wp\/v2\/media?parent=192372"}],"wp:term":[{"taxonomy":"category","embeddable":true,"href":"https:\/\/www.europesays.com\/fr\/wp-json\/wp\/v2\/categories?post=192372"},{"taxonomy":"post_tag","embeddable":true,"href":"https:\/\/www.europesays.com\/fr\/wp-json\/wp\/v2\/tags?post=192372"}],"curies":[{"name":"wp","href":"https:\/\/api.w.org\/{rel}","templated":true}]}}