{"id":192376,"date":"2025-06-21T02:07:19","date_gmt":"2025-06-21T02:07:19","guid":{"rendered":"https:\/\/www.europesays.com\/fr\/192376\/"},"modified":"2025-06-21T02:07:19","modified_gmt":"2025-06-21T02:07:19","slug":"saint-etienne-plonge-dans-lencre-la-bourse-du-travail-devient-atelier-geant","status":"publish","type":"post","link":"https:\/\/www.europesays.com\/fr\/192376\/","title":{"rendered":"SAINT-\u00c9TIENNE PLONGE DANS L&rsquo;ENCRE : LA BOURSE DU TRAVAIL DEVIENT ATELIER G\u00c9ANT !"},"content":{"rendered":"<p>Cette initiative culturelle ambitieuse promet de r\u00e9v\u00e9ler au grand public un univers artistique souvent m\u00e9connu mais fascinant.<\/p>\n<p>Un salon-march\u00e9 pas comme les autres<\/p>\n<p>Les 21 et 22 juin, de 10 heures \u00e0 19 heures, la Bourse du Travail du cours Victor Hugo se m\u00e9tamorphose en v\u00e9ritable galerie \u00e9ph\u00e9m\u00e8re. Graveurs, tatoueurs, illustrateurs, s\u00e9rigraphes et autres magiciens du trait exposent leurs cr\u00e9ations et d\u00e9voilent leurs techniques ancestrales comme contemporaines.<\/p>\n<p>L\u2019\u00e9v\u00e9nement ne se contente pas d\u2019\u00eatre une simple exposition. Les curieux pourront retrousser leurs manches et s\u2019initier concr\u00e8tement \u00e0 l\u2019art de la s\u00e9rigraphie gr\u00e2ce \u00e0 des ateliers participatifs. Une occasion unique de comprendre de l\u2019int\u00e9rieur les subtilit\u00e9s de ces m\u00e9tiers d\u2019art.<\/p>\n<p>Deux jours pour explorer tous les univers<\/p>\n<p>Le programme g\u00e9n\u00e9reux s\u2019\u00e9tale sur quarante-huit heures, laissant aux visiteurs le temps n\u00e9cessaire pour \u00e9changer avec les artisans, observer leur travail en direct et peut-\u00eatre repartir avec une \u0153uvre originale. Cette dur\u00e9e permet aussi aux professionnels de cr\u00e9er de v\u00e9ritables liens avec leur public.<\/p>\n<p>Un patrimoine artistique \u00e0 d\u00e9couvrir<\/p>\n<p>Cette \u00e9dition 2025 de \u00ab\u00a0Faire Impression\u00a0\u00bb met en lumi\u00e8re la richesse et la diversit\u00e9 des techniques li\u00e9es \u00e0 l\u2019encre, r\u00e9v\u00e9lant un pan m\u00e9connu mais essentiel de notre h\u00e9ritage cr\u00e9atif contemporain.<\/p>\n<p>Rendez-vous \u00e0 la Bourse du Travail, 10 cours Victor Hugo, Saint-\u00c9tienne\u00a0Samedi 21 et dimanche 22 juin 2025, de 10h \u00e0 19h\u00a0Exposition, march\u00e9 et ateliers s\u00e9rigraphie\u00a0Organis\u00e9 par l\u2019association Les M\u00e9cr\u00e9encres<\/p>\n","protected":false},"excerpt":{"rendered":"Cette initiative culturelle ambitieuse promet de r\u00e9v\u00e9ler au grand public un univers artistique souvent m\u00e9connu mais fascinant. Un&hellip;\n","protected":false},"author":2,"featured_media":192377,"comment_status":"","ping_status":"","sticky":false,"template":"","format":"standard","meta":{"footnotes":""},"categories":[9653],"tags":[1111,11,3734,6294,2430,251,1777,674,1011,27,12,25,4001],"class_list":{"0":"post-192376","1":"post","2":"type-post","3":"status-publish","4":"format-standard","5":"has-post-thumbnail","7":"category-saint-etienne","8":"tag-actu","9":"tag-actualites","10":"tag-art","11":"tag-arts-graphiques","12":"tag-auvergne-rhone-alpes","13":"tag-culture","14":"tag-eu","15":"tag-europe","16":"tag-fr","17":"tag-france","18":"tag-news","19":"tag-republique-francaise","20":"tag-saint-etienne"},"share_on_mastodon":{"url":"https:\/\/pubeurope.com\/@fr\/114718916303016098","error":""},"_links":{"self":[{"href":"https:\/\/www.europesays.com\/fr\/wp-json\/wp\/v2\/posts\/192376","targetHints":{"allow":["GET"]}}],"collection":[{"href":"https:\/\/www.europesays.com\/fr\/wp-json\/wp\/v2\/posts"}],"about":[{"href":"https:\/\/www.europesays.com\/fr\/wp-json\/wp\/v2\/types\/post"}],"author":[{"embeddable":true,"href":"https:\/\/www.europesays.com\/fr\/wp-json\/wp\/v2\/users\/2"}],"replies":[{"embeddable":true,"href":"https:\/\/www.europesays.com\/fr\/wp-json\/wp\/v2\/comments?post=192376"}],"version-history":[{"count":0,"href":"https:\/\/www.europesays.com\/fr\/wp-json\/wp\/v2\/posts\/192376\/revisions"}],"wp:featuredmedia":[{"embeddable":true,"href":"https:\/\/www.europesays.com\/fr\/wp-json\/wp\/v2\/media\/192377"}],"wp:attachment":[{"href":"https:\/\/www.europesays.com\/fr\/wp-json\/wp\/v2\/media?parent=192376"}],"wp:term":[{"taxonomy":"category","embeddable":true,"href":"https:\/\/www.europesays.com\/fr\/wp-json\/wp\/v2\/categories?post=192376"},{"taxonomy":"post_tag","embeddable":true,"href":"https:\/\/www.europesays.com\/fr\/wp-json\/wp\/v2\/tags?post=192376"}],"curies":[{"name":"wp","href":"https:\/\/api.w.org\/{rel}","templated":true}]}}