{"id":192379,"date":"2025-06-21T02:09:20","date_gmt":"2025-06-21T02:09:20","guid":{"rendered":"https:\/\/www.europesays.com\/fr\/192379\/"},"modified":"2025-06-21T02:09:20","modified_gmt":"2025-06-21T02:09:20","slug":"voici-les-mesures-prises-par-keolis","status":"publish","type":"post","link":"https:\/\/www.europesays.com\/fr\/192379\/","title":{"rendered":"voici les mesures prises par Keolis"},"content":{"rendered":"<p>            Par<br \/>\n        <strong><br \/>\n            <a href=\"https:\/\/actu.fr\/auteur\/pierre-emile-bouchy-actu-fr\" title=\"Consulter tous les articles de Paul-Emile Bouchy\" target=\"_blank\" rel=\"noopener\">Paul-Emile Bouchy<\/a><br \/>\n        <\/strong><\/p>\n<p>        Publi\u00e9 le<\/p>\n<p>            20 juin 2025 \u00e0 15h45        <\/p>\n<p>Depuis l\u2019<a href=\"https:\/\/actu.fr\/grand-est\/nancy_54395\/lancement-du-trolleybus-a-nancy-revivez-en-images-cette-journee-inaugurale_62472271.html\" target=\"_blank\" rel=\"noopener\">inauguration du trolleybus le 5\u00a0avril dernier<\/a>, les habitants du Grand Nancy doivent s\u2019habituer \u00e0 un nouvel \u00e9l\u00e9ment sonore\u2009: <strong>la clochette qui sonne pour signaler l\u2019arriv\u00e9e d\u2019un v\u00e9hicule<\/strong>.<\/p>\n<p class=\" wall-content\">Jug\u00e9e intempestive par certains riverains, la clochette fait d\u00e9bat \u2013 au point qu\u2019<a href=\"https:\/\/www.change.org\/p\/nancy-stop-aux-sonneries-intempestives-du-trolley-bus-495c4915-abf3-4260-b2fa-1ad85e2f683d\" target=\"_blank\" rel=\"noopener\">une p\u00e9tition a \u00e9t\u00e9 lanc\u00e9e<\/a> par un habitant du quartier Mon D\u00e9sert.<\/p>\n<p class=\" wall-content\">Face \u00e0 ces retours, Keolis, gestionnaire du <a href=\"https:\/\/actu.fr\/tag\/reseau-stan\" target=\"_blank\" rel=\"noopener\">r\u00e9seau Stan<\/a>, a d\u00e9cid\u00e9 de prendre des mesures.<\/p>\n<p>Des consignes transmises aux conducteurs au sujet de la clochette du trolleybus<\/p>\n<p class=\" wall-content\">Contact\u00e9e par\u00a0Lorraine Actu, la <strong>directrice de Keolis Grand Nancy, Ga\u00eblle Bardoul<\/strong>, indique avoir \u00ab\u2009eu des retours de quelques riverains\u2009\u00bb et qu\u2019elle va rencontrer jeudi prochain l\u2019auteur de la p\u00e9tition.<\/p>\n<p class=\" wall-content\">Dans un premier temps, de nouvelles consignes ont \u00e9t\u00e9 transmises aux conducteurs. \u00ab\u2009En formation, on leur demandait de mettre des coups de clochette en arriv\u00e9e et en d\u00e9part des stations parce que pendant les travaux, il y avait des arr\u00eats qu\u2019on ne fr\u00e9quentait plus du tout et par mesure de s\u00e9curit\u00e9, on pr\u00e9f\u00e9rait pr\u00e9venir les passants\u2009\u00bb, rappelle Mme Bardoul.<\/p>\n<p class=\" wall-content\">Ensuite, la consigne a \u00e9t\u00e9 pass\u00e9e d<strong>\u2019\u00e9viter l\u2019usage intempestif de la clochette t\u00f4t le matin et tard le soir<\/strong>. Chose bien adopt\u00e9e par les conducteurs titulaires de la ligne 1. \u00ab\u2009On a aussi des conducteurs volants qui ont moins l\u2019habitude du v\u00e9hicule et qui sont un peu plus pr\u00e9cautionneux. Il faut leur laisser du temps de s\u2019approprier le v\u00e9hicule\u2009\u00bb, justifie-t-elle.<\/p>\n<p>Certains sons du trolleybus d\u00e9j\u00e0 modifi\u00e9s<\/p>\n<p>Depuis son lancement, le trolleybus a d\u00e9j\u00e0 connu des changements sonores. \u00c0 la suite de r\u00e9clamations, le volume des \u00ab\u00a0bips\u00a0\u00bb, qui avertissent la fermeture des portes, a \u00e9t\u00e9 r\u00e9duit de 90 \u00e0 \u00ab\u00a060-65 d\u00e9cibels\u00a0\u00bb. \u00c0 partir de la semaine prochaine, l&rsquo;ensemble des v\u00e9hicules vont \u00eatre repris pour que le volume des annonces indiquant les directions (Essey-Mouzimpr\u00e9 ou Vand\u0153uvre, Brabois-H\u00f4pitaux) soit \u00e9galement diminu\u00e9.<\/p>\n<p>Un changement technique \u00e0 venir sur les v\u00e9hicules<\/p>\n<p class=\" wall-content\">Outre l\u2019aspect humain, Keolis compte prendre une mesure technique qui devrait avoir un impact significatif sur les nuisances li\u00e9es \u00e0 la clochette dont \u00ab<strong>\u2009le volume est identique \u00e0 celui des autres bus<\/strong>\u2009\u00bb, indique la directrice.<\/p>\n<p class=\" wall-content\">Dans les autres bus du r\u00e9seau Stan, la clochette fonctionne comme le klaxon d\u2019une voiture\u2009: le conducteur appuie dessus, deux coups de clochette retentissent et puis cela s\u2019arr\u00eate. Or dans le trolleybus, cela fonctionne davantage comme un interrupteur\u2009: <strong>le conducteur doit appuyer pour \u00e9teindre le dispositif<\/strong>.<\/p>\n<p class=\" wall-content\">\u00ab\u2009Nous avons fait la demande au constructeur Hess pour modifier cela. Nous n\u2019avons pas encore la date de son intervention, mais cela semble tout \u00e0 fait faisable\u2009\u00bb, ajoute Ga\u00eblle Bardoul.<\/p>\n<p class=\" wall-content\">Suivez toute l\u2019actualit\u00e9 de vos villes et m\u00e9dias favoris en vous inscrivant \u00e0 <a href=\"https:\/\/moncompte.actu.fr\" title=\"D\u00e9couvez Mon Actu\" rel=\"nofollow noopener\" data-trk=\"{&quot;cta&quot;:{&quot;action&quot;:&quot;https:\\\/\\\/moncompte.actu.fr&quot;,&quot;category&quot;:&quot;mon compte&quot;,&quot;from&quot;:&quot;article footer&quot;,&quot;name&quot;:&quot;Mon actu&quot;,&quot;type&quot;:&quot;cta&quot;}}\" target=\"_blank\">Mon Actu<\/a>.<\/p>\n","protected":false},"excerpt":{"rendered":"Par Paul-Emile Bouchy Publi\u00e9 le 20 juin 2025 \u00e0 15h45 Depuis l\u2019inauguration du trolleybus le 5\u00a0avril dernier, les&hellip;\n","protected":false},"author":2,"featured_media":28031,"comment_status":"","ping_status":"","sticky":false,"template":"","format":"standard","meta":{"footnotes":""},"categories":[9635],"tags":[1111,11,1777,674,1011,27,775,1702,12,25,9849,104,9850],"class_list":{"0":"post-192379","1":"post","2":"type-post","3":"status-publish","4":"format-standard","5":"has-post-thumbnail","7":"category-nancy","8":"tag-actu","9":"tag-actualites","10":"tag-eu","11":"tag-europe","12":"tag-fr","13":"tag-france","14":"tag-grand-est","15":"tag-nancy","16":"tag-news","17":"tag-republique-francaise","18":"tag-reseau-stan","19":"tag-societe","20":"tag-trolleybus"},"share_on_mastodon":{"url":"https:\/\/pubeurope.com\/@fr\/114718924167400575","error":""},"_links":{"self":[{"href":"https:\/\/www.europesays.com\/fr\/wp-json\/wp\/v2\/posts\/192379","targetHints":{"allow":["GET"]}}],"collection":[{"href":"https:\/\/www.europesays.com\/fr\/wp-json\/wp\/v2\/posts"}],"about":[{"href":"https:\/\/www.europesays.com\/fr\/wp-json\/wp\/v2\/types\/post"}],"author":[{"embeddable":true,"href":"https:\/\/www.europesays.com\/fr\/wp-json\/wp\/v2\/users\/2"}],"replies":[{"embeddable":true,"href":"https:\/\/www.europesays.com\/fr\/wp-json\/wp\/v2\/comments?post=192379"}],"version-history":[{"count":0,"href":"https:\/\/www.europesays.com\/fr\/wp-json\/wp\/v2\/posts\/192379\/revisions"}],"wp:featuredmedia":[{"embeddable":true,"href":"https:\/\/www.europesays.com\/fr\/wp-json\/wp\/v2\/media\/28031"}],"wp:attachment":[{"href":"https:\/\/www.europesays.com\/fr\/wp-json\/wp\/v2\/media?parent=192379"}],"wp:term":[{"taxonomy":"category","embeddable":true,"href":"https:\/\/www.europesays.com\/fr\/wp-json\/wp\/v2\/categories?post=192379"},{"taxonomy":"post_tag","embeddable":true,"href":"https:\/\/www.europesays.com\/fr\/wp-json\/wp\/v2\/tags?post=192379"}],"curies":[{"name":"wp","href":"https:\/\/api.w.org\/{rel}","templated":true}]}}