{"id":192386,"date":"2025-06-21T02:13:11","date_gmt":"2025-06-21T02:13:11","guid":{"rendered":"https:\/\/www.europesays.com\/fr\/192386\/"},"modified":"2025-06-21T02:13:11","modified_gmt":"2025-06-21T02:13:11","slug":"laction-solidaire-du-chocolatier-patrice-gonzalez-pour-lassociation-douceheure","status":"publish","type":"post","link":"https:\/\/www.europesays.com\/fr\/192386\/","title":{"rendered":"l&rsquo;action solidaire du chocolatier Patrice Gonzalez pour l&rsquo;association Douce&rsquo;Heure"},"content":{"rendered":"<p>            Par<br \/>\n        <strong><br \/>\n            <a href=\"https:\/\/actu.fr\/auteur\/jm-aubert\" title=\"Consulter tous les articles de Jean-Marc Aubert\" target=\"_blank\" rel=\"noopener\">Jean-Marc Aubert<\/a><br \/>\n        <\/strong><\/p>\n<p>        Publi\u00e9 le<\/p>\n<p>            20 juin 2025 \u00e0 17h44        <\/p>\n<p>\u00c9v\u00e9nement solidaire \u00e0 <strong>Jacou<\/strong>, au nord de Montpellier, plus exactement \u00e0 la\u00a0<strong>chocolaterie de Patrice Gonzalez,<\/strong> dans la zone commerciale de Bocau : quand la gourmandise et la bonne cause se rencontrent.<\/p>\n<p class=\" wall-content\">En effet, la chocolaterie Gonzalez s\u2019engage au profit de l\u2019<strong>association Douce\u2019Heure<\/strong> via\u00a0une action caritative baptis\u00e9e<strong> \u00ab Une pause dans la maladie \u00bb<\/strong> pour les enfants hospitalise\u0301s et leur entourage gra\u0302ce au chocolat.\u00a0Un partenariat pour la bonne cause.<\/p>\n<p>    <a href=\"https:\/\/www.google.com\/maps\/embed?pb=!1m18!1m12!1m3!1d3236.119672113902!2d3.900316860279856!3d43.660913822323!2m3!1f0!2f0!3f0!3m2!1i1024!2i768!4f13.1!3m3!1m2!1s0x12b6af5cce87f561%3A0x4f0023c42cd6fdfa!2sChocolaterie%20Gonzalez!5e0!3m2!1sfr!2sfr!4v1750431167067!5m2!1sfr!2sfr\" title=\"Ouvrie le lien\" target=\"_blank\" rel=\"noopener\">Cliquez ici pour visualiser le contenu<\/a><\/p>\n<p class=\" wall-content\">Depuis ce vendredi, ainsi que ce samedi 21 juin et ce dimanche 22 juin 2025, la chocolaterie va reverser l\u2019ensemble de ses recettes a\u0300 cette association montpellieraine. Samedi 21 juin, les be\u0301ne\u0301voles de Douce\u2019Heure seront pre\u0301sents a\u0300 la chocolaterie pour offrir aux clients, ainsi qu\u2019aux enfants pre\u0301sents des maquillages et pour sensibiliser a\u0300 la cause. \u00ab\u00a0Magaly Fernandez, pre\u0301sidente de l\u2019association, ainsi que les membres du conseil d\u2019administration remercient chaleureusement ce commer\u00e7ant pour sa ge\u0301ne\u0301rosite\u0301 et son engagement. Ce soutien est tre\u0300s pre\u0301cieux pour pe\u0301renniser les actions aupre\u0300s des jeunes patients et leur famille\u00a0\u00bb, explique M\u00e9lodie Ledentu du conseil d\u2019administration de l\u2019association.<\/p>\n<p>La chocolaterie jacoumarde<\/p>\n<p class=\" wall-content\">Depuis maintenant 25 ans, Patrice Gonzalez, mai\u0302tre-artisan chocolatier re\u0301gale les papilles des He\u0301raultais. Patrice a passe\u0301 son enfance a\u0300 Saint-Affrique dans une famille de boulanger-pa\u0302tissier. Il s\u2019est forme\u0301 dans diverses entreprises du sud de l\u2019Aveyron, puis a consolide\u0301 ses compe\u0301tences a\u0300 l\u2019\u00c9cole nationale supe\u0301rieure de pa\u0302tisserie d\u2019Yssingeaux, dans le Puy-de-Dome et a\u0300 l\u2019Ecole du Grand Chocolat de Tain-l\u2019Hermitage, dans la Dr\u00f4me.<\/p>\n<p>Vid\u00e9os : en ce moment sur ActuPour de belles causes<\/p>\n<p class=\" wall-content\">Apre\u0300s une dizaine d\u2019anne\u0301es sur Castelnau-le-Lez, il s\u2019implante sur Jacou et propose depuis, une se\u0301lection de produits varie\u0301s et personnalise\u0301s pour re\u0301pondre a\u0300 toutes les envies de ses clients : chocolat, pa\u0302tisseries, confiseries, boissons, e\u0301picerie fine\u2026 Ses chocolats me\u0302lent des sensations de croquant, d\u2019onctuosite\u0301 et de saveurs originales.<\/p>\n<p class=\" wall-content\">Depuis plusieurs anne\u0301es,<strong> il contribue a de belles causes<\/strong> en reversant les recettes d\u2019un week-end a\u0300 une association qui lui tient a\u0300 c\u0153ur.\u00a0L\u2019association Douce\u2019Heure est plus que jamais au plus pre\u0300s des enfants et adolescents hospitalise\u0301s.<\/p>\n<p>    <img   decoding=\"async\" loading=\"lazy\" src=\"https:\/\/www.europesays.com\/fr\/wp-content\/uploads\/2025\/06\/0-80-3-960x640.jpeg\" alt=\"Le chocolatier Patrice Gonzalez \u00e0 Jacou fait une action solidaire\" width=\"960\" height=\"640\"\/><br \/>\n    Le chocolatier Patrice Gonzalez \u00e0 Jacou fait une action solidaire (\u00a9M\u00e9tropolitain)<\/p>\n<p class=\" wall-content\">L\u2019association Mmntpellie\u0301raine contribue au bien-e\u0302tre des enfants et adolescents hospitalise\u0301s, ainsi qu\u2019au confort de leurs parents. Douce\u2019Heure a fe\u0302te\u0301 en octobre dernier, ses dix anne\u0301es d\u2019existence. \u00c0\u00a0travers les soins de support, be\u0301ne\u0301voles et prestataires accompagnent les jeunes patients en leur offrant une \u00ab une pause dans la maladie \u00bb gra\u0302ce a\u0300 la socio-esthe\u0301tique : modelage (te\u0302te, dos, main, jambes, pieds), pose de vernis, pose de tatouages e\u0301phe\u0301me\u0300res (tatouage \u00ab courage \u00bb), mise en beaute\u0301, conseil et accompagnement personnalise\u0301, \u00e0 l\u2019art-the\u0301rapie et ateliers d\u2019expression cre\u0301ative : C\u2019est l\u2019utilisation de l\u2019art (argile, peinture, le collage, l\u2019encre shooting photo \u2026 ) dans un cadre bienveillant, se\u0301curis\u00e9 et ludique pour acce\u0301der a\u0300 un mieux-e\u0302tre. Sous forme d\u2019ateliers en petit groupe.<\/p>\n<p class=\" wall-content\">L\u2019association Douce\u2019Heure accompagne e\u0301galement les familles des enfants en leur proposant par exemple des massages bien-e\u0302tre. Les be\u0301ne\u0301voles offrent des massages assis Amma. Ce massage vise a\u0300 diminuer les tensions et le stress accumule\u0301s durant l\u2019hospitalisation de l\u2019enfant. L\u2019association propose e\u0301galement des ateliers doudous aux parents ayant leur be\u0301be\u0301 hospitalise\u0301 en ne\u0301onatalogie.\u00a0Les interventions sont offertes au <strong>CHU de Montpellier<\/strong> dans les services de pe\u0301diatrie, ainsi qu\u2019a\u0300 l\u2019I<a href=\"https:\/\/actu.fr\/occitanie\/palavas-les-flots_34192\/pres-de-montpellier-a-palavas-les-24h-saint-pierre-explosent-leur-record-avec-831-672-collectes_62775815.html\" target=\"_blank\" rel=\"noopener\">nstitut Saint Pierre de Palavas-les-Flots.<\/a><\/p>\n<p>Des bienfaits multiples<\/p>\n<p class=\" wall-content\">Ces soins contribuent a\u0300 ame\u0301liorer la confiance et l\u2019estime de soi du jeune patient, favoriser l\u2019expression de soi, et contribuer au bien-e\u0302tre de l\u2019enfant et sa famille. En collaboration avec les e\u0301quipes me\u0301dicales ces femmes accompagnent les enfants et adolescents fragilise\u0301s par la maladie, le handicap, les accidents de la vie ou des pathologies multiples. Alors, vous adorez le chocolat, on vous attend \u00e0 Jacou, avec en bonus un beau geste solidaire \u00e0 croquer.<\/p>\n<p class=\" wall-content\">Suivez toute l\u2019actualit\u00e9 de vos villes et m\u00e9dias favoris en vous inscrivant \u00e0 <a href=\"https:\/\/moncompte.actu.fr\" title=\"D\u00e9couvez Mon Actu\" rel=\"nofollow noopener\" data-trk=\"{&quot;cta&quot;:{&quot;action&quot;:&quot;https:\\\/\\\/moncompte.actu.fr&quot;,&quot;category&quot;:&quot;mon compte&quot;,&quot;from&quot;:&quot;article footer&quot;,&quot;name&quot;:&quot;Mon actu&quot;,&quot;type&quot;:&quot;cta&quot;}}\" target=\"_blank\">Mon Actu<\/a>.<\/p>\n","protected":false},"excerpt":{"rendered":"Par Jean-Marc Aubert Publi\u00e9 le 20 juin 2025 \u00e0 17h44 \u00c9v\u00e9nement solidaire \u00e0 Jacou, au nord de Montpellier,&hellip;\n","protected":false},"author":2,"featured_media":192387,"comment_status":"","ping_status":"","sticky":false,"template":"","format":"standard","meta":{"footnotes":""},"categories":[9599],"tags":[1111,11,15154,215,1719,1777,674,1011,27,1652,2208,12,2680,25],"class_list":{"0":"post-192386","1":"post","2":"type-post","3":"status-publish","4":"format-standard","5":"has-post-thumbnail","7":"category-montpellier","8":"tag-actu","9":"tag-actualites","10":"tag-chu-de-montpellier","11":"tag-commerce","12":"tag-enfants","13":"tag-eu","14":"tag-europe","15":"tag-fr","16":"tag-france","17":"tag-loisirs-culture","18":"tag-montpellier","19":"tag-news","20":"tag-occitanie","21":"tag-republique-francaise"},"share_on_mastodon":{"url":"","error":""},"_links":{"self":[{"href":"https:\/\/www.europesays.com\/fr\/wp-json\/wp\/v2\/posts\/192386","targetHints":{"allow":["GET"]}}],"collection":[{"href":"https:\/\/www.europesays.com\/fr\/wp-json\/wp\/v2\/posts"}],"about":[{"href":"https:\/\/www.europesays.com\/fr\/wp-json\/wp\/v2\/types\/post"}],"author":[{"embeddable":true,"href":"https:\/\/www.europesays.com\/fr\/wp-json\/wp\/v2\/users\/2"}],"replies":[{"embeddable":true,"href":"https:\/\/www.europesays.com\/fr\/wp-json\/wp\/v2\/comments?post=192386"}],"version-history":[{"count":0,"href":"https:\/\/www.europesays.com\/fr\/wp-json\/wp\/v2\/posts\/192386\/revisions"}],"wp:featuredmedia":[{"embeddable":true,"href":"https:\/\/www.europesays.com\/fr\/wp-json\/wp\/v2\/media\/192387"}],"wp:attachment":[{"href":"https:\/\/www.europesays.com\/fr\/wp-json\/wp\/v2\/media?parent=192386"}],"wp:term":[{"taxonomy":"category","embeddable":true,"href":"https:\/\/www.europesays.com\/fr\/wp-json\/wp\/v2\/categories?post=192386"},{"taxonomy":"post_tag","embeddable":true,"href":"https:\/\/www.europesays.com\/fr\/wp-json\/wp\/v2\/tags?post=192386"}],"curies":[{"name":"wp","href":"https:\/\/api.w.org\/{rel}","templated":true}]}}