{"id":192392,"date":"2025-06-21T02:20:19","date_gmt":"2025-06-21T02:20:19","guid":{"rendered":"https:\/\/www.europesays.com\/fr\/192392\/"},"modified":"2025-06-21T02:20:19","modified_gmt":"2025-06-21T02:20:19","slug":"certaines-zones-ont-tendance-a-accumuler-la-chaleur-a-lorient-ou-est-ce-que-ca-surchauffe-le-plus","status":"publish","type":"post","link":"https:\/\/www.europesays.com\/fr\/192392\/","title":{"rendered":"\u00ab\u00a0Certaines zones ont tendance \u00e0 accumuler la chaleur\u00a0\u00bb\u00a0: \u00e0 Lorient, o\u00f9 est-ce que \u00e7a surchauffe le plus\u00a0?"},"content":{"rendered":"<p>La place Glotin, l\u2019entr\u00e9e de la mairie, l\u2019h\u00f4tel Gabriel et ses abords plac\u00e9s en zone orange. Du rouge rue Mar\u00e9chal-Foch, \u00e0 l\u2019h\u00f4pital et dans les all\u00e9es jouxtant le centre commercial Nayel. Et m\u00eame du noir sur les quais Rohan et des Indes du port de plaisance. Ce sont les \u00ab\u00a0zones les plus sensibles \u00e0 la surchauffe urbaine\u00a0\u00bb \u00e0 Lorient, r\u00e9v\u00e8le Simon Georget, cog\u00e9rant du bureau d\u2019\u00e9tudes Intermezzo.<\/p>\n<p>Sur cette illustration en 3D de la ville de Lorient sont classifi\u00e9es les zones climatiques locales en plusieurs couleurs. R\u00e9alis\u00e9e \u00e0 l\u2019aide de l\u2019outil Geoclimate en 2023, cette cartographie a pour but \u00ab\u00a0de faire une premi\u00e8re analyse &#8211; sur la base d\u2019indicateurs morphologiques du b\u00e2ti &#8211; pour conna\u00eetre la r\u00e9ponse potentielle d\u2019un quartier \u00e0 un \u00e9pisode de surchauffe\u00a0\u00bb, explique Simon Georget.<\/p>\n<p><img decoding=\"async\" src=\"https:\/\/www.europesays.com\/fr\/wp-content\/uploads\/2025\/06\/6855a88389ec464b020badf2.1.jpeg\" width=\"480\" height=\"300\" class=\"web_golden_m\" loading=\"lazy\" alt=\"\u00ab\u00a0Certaines zones ont tendance \u00e0 accumuler la chaleur\u00a0\u00bb\u00a0: \u00e0 Lorient, o\u00f9 est-ce que \u00e7a surchauffe le plus\u00a0?\"\/> (Infographie Le T\u00e9l\u00e9gramme)<\/p>\n<p>Le projet a \u00e9t\u00e9 lanc\u00e9 apr\u00e8s que Lorient a \u00e9t\u00e9 touch\u00e9e par un \u00e9pisode de canicule particuli\u00e8rement fort en 2022. \u00ab\u00a0\u00c7a a d\u00e9clench\u00e9 aussi cette volont\u00e9 de travailler sur cette question-l\u00e0 pour mieux la prendre en compte dans les politiques publiques\u00a0\u00bb.<\/p>\n<p>\u00ab\u00a0Il faut lire tous ces r\u00e9sultats avec nuance\u00a0\u00bb<\/p>\n<p>Les zones noires sont les lieux potentiellement les plus \u00e0 risque. \u00ab\u00a0Elles ont tendance \u00e0 accumuler la chaleur. Elles sont soit en macadam, soit c\u2019est de la roche et des pav\u00e9s. Elles peuvent \u00eatre artificielles comme naturelles\u00a0\u00bb, \u00e9claire le cog\u00e9rant d\u2019Intermezzo.<\/p>\n<p>\u00c0 premi\u00e8re vue, cette mod\u00e9lisation de la ville aux six ports peut faire peur. Mais \u00ab\u00a0il faut lire tous ces r\u00e9sultats avec nuance, pr\u00e9vient Simon Georget. \u00c0 ce stade, c\u2019\u00e9tait assez exp\u00e9rimental\u00a0\u00bb. Si la carte localise des espaces \u00e0 risque, elle ne d\u00e9termine pas pour autant avec certitude les \u00eelots de chaleur urbains. \u00ab\u00a0On ne pr\u00e9dit rien\u00a0\u00bb, affirme le cog\u00e9rant du cabinet d\u2019\u00e9tudes.<\/p>\n<p> \u00ab Et il y a tr\u00e8s peu de villes en France o\u00f9 le ph\u00e9nom\u00e8ne est s\u00e9rieusement \u00e9tudi\u00e9\u00a0\u00bb, rench\u00e9rit Vincent Dubreuil, enseignant chercheur \u00e0 l\u2019universit\u00e9 de Rennes 2. Dijon, Toulouse et la capitale bretonne sont pionni\u00e8res dans ces mesures mais pas Lorient.<\/p>\n<p>Des biais dans les r\u00e9sultats<\/p>\n<p>\u00ab\u00a0Il y a des limites qui sont impos\u00e9es par l\u2019outil lui-m\u00eame et sa m\u00e9thodologie, d\u00e9taille le cog\u00e9rant d\u2019Intermezzo. Il y a des donn\u00e9es d\u2019entr\u00e9e g\u00e9ographiques qui sont mises \u00e0 disposition par l\u2019IGN &#8211; le producteur officiel de donn\u00e9es g\u00e9ographiques en France &#8211; qui ont l\u2019avantage d\u2019exister mais elles pr\u00e9sentent elles aussi leurs limites. Donc si on a une donn\u00e9e qui n\u2019est pas juste, parce que pas \u00e0 jour ou mal renseign\u00e9e, eh bien on va avoir aussi des biais qui vont appara\u00eetre dans les r\u00e9sultats\u00a0\u00bb.<\/p>\n<p>\u00ab\u00a0Et parfois il y a des effets locaux qui n\u2019apparaissent pas dans les r\u00e9sultats\u00a0\u00bb, ajoute Simon Georget, car aucun travail de terrain n\u2019a \u00e9t\u00e9 r\u00e9alis\u00e9. \u00ab\u00a0Est-ce qu\u2019il y a de l\u2019ombre, du soleil, des r\u00e9flexions, la vitesse du vent\u00a0? Est-ce qu\u2019il y a de l\u2019humidit\u00e9\u00a0? Tout cela va jouer\u00a0\u00bb, compl\u00e8te J\u00e9r\u00e9my Bernard, chercheur au CNRS et au laboratoire lorientais Lab-STICC. \u00ab\u00a0Et ces caract\u00e9ristiques ont une variabilit\u00e9 temporelle et spatiale\u00a0\u00bb.<\/p>\n<p>Quelle temp\u00e9rature \u00e0 Lorient en 2050\u00a0?<\/p>\n<p>Dans une France \u00e0 plus 2,7 \u00b0C en 2050, Lorient ne sera pas \u00e9pargn\u00e9e par l\u2019augmentation des temp\u00e9ratures malgr\u00e9 son vent marin. De 19 \u00b0C &#8211; selon l\u2019estimation basse &#8211; \u00e0 20,1 \u00b0C en moyenne en \u00e9t\u00e9 d\u2019ici 25\u00a0ans, contrairement \u00e0 17,6 \u00b0C d\u2019apr\u00e8s la valeur de r\u00e9f\u00e9rence enregistr\u00e9e entre 1976 et 2005.<\/p>\n<p>Les nuits chaudes, o\u00f9 la temp\u00e9rature exc\u00e8de 20 \u00b0C, monteront elles aussi d\u2019un cran. Jusqu\u2019\u00e0 douze nuits au maximum \u00e0 l\u2019ann\u00e9e. Quatre selon les chiffres les plus bas contre une en moyenne aujourd\u2019hui d\u2019apr\u00e8s la valeur de r\u00e9f\u00e9rence. Le\u00a0nombre annuel de gels sera lui en recul dans la ville aux six ports, pr\u00e9voit M\u00e9t\u00e9o France. Il chute de onze \u00e0 sept, voire trois, en 2050, toujours d\u2019apr\u00e8s les valeurs hautes et basses.<\/p>\n","protected":false},"excerpt":{"rendered":"La place Glotin, l\u2019entr\u00e9e de la mairie, l\u2019h\u00f4tel Gabriel et ses abords plac\u00e9s en zone orange. Du rouge&hellip;\n","protected":false},"author":2,"featured_media":192393,"comment_status":"","ping_status":"","sticky":false,"template":"","format":"standard","meta":{"footnotes":""},"categories":[2821],"tags":[1111,11,829,6698,1129,436,1777,674,1011,27,1781,33128,12,584,25],"class_list":{"0":"post-192392","1":"post","2":"type-post","3":"status-publish","4":"format-standard","5":"has-post-thumbnail","7":"category-rennes","8":"tag-actu","9":"tag-actualites","10":"tag-bretagne","11":"tag-canicule","12":"tag-climat","13":"tag-environnement","14":"tag-eu","15":"tag-europe","16":"tag-fr","17":"tag-france","18":"tag-lorient","19":"tag-meteo-lorient","20":"tag-news","21":"tag-rennes","22":"tag-republique-francaise"},"share_on_mastodon":{"url":"https:\/\/pubeurope.com\/@fr\/114718967224747764","error":""},"_links":{"self":[{"href":"https:\/\/www.europesays.com\/fr\/wp-json\/wp\/v2\/posts\/192392","targetHints":{"allow":["GET"]}}],"collection":[{"href":"https:\/\/www.europesays.com\/fr\/wp-json\/wp\/v2\/posts"}],"about":[{"href":"https:\/\/www.europesays.com\/fr\/wp-json\/wp\/v2\/types\/post"}],"author":[{"embeddable":true,"href":"https:\/\/www.europesays.com\/fr\/wp-json\/wp\/v2\/users\/2"}],"replies":[{"embeddable":true,"href":"https:\/\/www.europesays.com\/fr\/wp-json\/wp\/v2\/comments?post=192392"}],"version-history":[{"count":0,"href":"https:\/\/www.europesays.com\/fr\/wp-json\/wp\/v2\/posts\/192392\/revisions"}],"wp:featuredmedia":[{"embeddable":true,"href":"https:\/\/www.europesays.com\/fr\/wp-json\/wp\/v2\/media\/192393"}],"wp:attachment":[{"href":"https:\/\/www.europesays.com\/fr\/wp-json\/wp\/v2\/media?parent=192392"}],"wp:term":[{"taxonomy":"category","embeddable":true,"href":"https:\/\/www.europesays.com\/fr\/wp-json\/wp\/v2\/categories?post=192392"},{"taxonomy":"post_tag","embeddable":true,"href":"https:\/\/www.europesays.com\/fr\/wp-json\/wp\/v2\/tags?post=192392"}],"curies":[{"name":"wp","href":"https:\/\/api.w.org\/{rel}","templated":true}]}}