{"id":192394,"date":"2025-06-21T02:22:30","date_gmt":"2025-06-21T02:22:30","guid":{"rendered":"https:\/\/www.europesays.com\/fr\/192394\/"},"modified":"2025-06-21T02:22:30","modified_gmt":"2025-06-21T02:22:30","slug":"que-faire-ce-samedi-21-juin-2","status":"publish","type":"post","link":"https:\/\/www.europesays.com\/fr\/192394\/","title":{"rendered":"Que faire ce samedi 21\u00a0juin\u00a0?"},"content":{"rendered":"<p>La <a href=\"https:\/\/www.20minutes.fr\/dossier\/fete_de_la_musique\" class=\"color-ultramarine c-link\" target=\"_blank\" rel=\"noopener\">F\u00eate de la Musique<\/a> s\u2019annonce chaude. Pour c\u00e9l\u00e9brer l\u2019entr\u00e9e dans l\u2019\u00e9t\u00e9, <a href=\"https:\/\/www.20minutes.fr\/rennes\/\" class=\"color-ultramarine c-link\" target=\"_blank\" rel=\"noopener\">Rennes <\/a>va danser sous une temp\u00e9rature ressentie qui pourrait <a href=\"https:\/\/www.20minutes.fr\/societe\/4159251-20250618-vague-chaleur-attendue-france-confirmee-pic-samedi\" class=\"color-ultramarine c-link\" target=\"_blank\" rel=\"noopener\">atteindre les 38 degr\u00e9s \u00e0 l\u2019ombre<\/a>. La premi\u00e8re mission de ce samedi, ce sera donc de se mettre \u00e0 l\u2019ombre et de se prot\u00e9ger. Et puis de se laisser porter au gr\u00e9 des fanfares et des petites brises d\u2019air. Pour vous aider dans votre parcours, 20 Minutes a concoct\u00e9 une petite playlist des lieux de Rennes et de ses environs o\u00f9 la musique va r\u00e9sonner. On notera au passage que les deux lignes de m\u00e9tro <a href=\"https:\/\/www.star.fr\/actualites\/fete-de-la-musique\" rel=\"nofollow noopener\" target=\"_blank\" class=\"color-ultramarine c-link\">circuleront toute la nuit<\/a>.<\/p>\n<p>Pour se mettre au frais<img decoding=\"async\" alt=\"Le parc du Thabor pr\u00e9voit une programmation musicale plut\u00f4t rock concoct\u00e9e par Le Jardin moderne.\" class=\"c-img\" loading=\"lazy\" fetchpriority=\"auto\" width=\"718\"  src=\"https:\/\/img.20mn.fr\/KZSH_dY2Ry2lvrM8TjI9qg\/718x0\" \/>Le parc du Thabor pr\u00e9voit une programmation musicale plut\u00f4t rock concoct\u00e9e par Le Jardin moderne.\u2002-\u00a0C. Allain\/20 Minutes<\/p>\n<p>Ce sera sans doute un spot tr\u00e8s pris\u00e9. Mais avec ses 10 hectares, le parc du Thabor devrait pouvoir accueillir bon nombre de curieux. La programmation de la sc\u00e8ne <a href=\"https:\/\/www.20minutes.fr\/rennes\/4109705-20240912-rennes-laisse-empreinte-scene-concert-dediee-simon-carpentier\" class=\"color-ultramarine c-link\" target=\"_blank\" rel=\"noopener\">qui porte le nom de Simon Carpentier <\/a>a \u00e9t\u00e9 confi\u00e9e aux \u00e9quipes du Jardin Moderne pour une soir\u00e9e plut\u00f4t branch\u00e9e rock. Vous pourrez y applaudir le groupe de garage Pale Shadow and the Shades, le trio rock instrumental Saros, le stoner de Caduta Massi puis la pop rock 100\u00a0% f\u00e9minine de Tris and the Soap Horrifique.<\/p>\n<p>Ce samedi, parc du Thabor, de 16\u00a0heures \u00e0 20\u00a0heures.<\/p>\n<p>Pour s\u2019ambiancer et faire la f\u00eate<img decoding=\"async\" alt=\"Sur le mail Mitterrand, le bar La Piste propose une belle sc\u00e8ne faisant la promotion de la sc\u00e8ne \u00e9mergente de Rennes.\" class=\"c-img\" loading=\"lazy\" fetchpriority=\"auto\" width=\"718\"  src=\"https:\/\/img.20mn.fr\/ffPaKcsbScWBen_PF9WFQyk\/718x0\" \/>Sur le mail Mitterrand, le bar La Piste propose une belle sc\u00e8ne faisant la promotion de la sc\u00e8ne \u00e9mergente de Rennes.\u2002-\u00a0C.Allain\/20 Minutes<\/p>\n<p>Il f\u00eate ses dix ans cette ann\u00e9e. Et quand on voit ce qu\u2019il est devenu, on se dit que le mail Mitterrand a su se cr\u00e9er une identit\u00e9. Adieu le grand parking, bonjour les terrasses arbor\u00e9es. Ce samedi, le mail accueillera un paquet de concerts. A commencer par la sc\u00e8ne de La Piste, devenue l\u2019un des lieux pris\u00e9s pour voir l\u2019\u00e9mergence de la sc\u00e8ne locale. De 18h15 \u00e0 1 heure, les groupes Mansion\u2019s Cellar, Star City, Liv Del Estal, Marta puis Nord\/\/Noir se produiront sur la grande sc\u00e8ne situ\u00e9e \u00e0 hauteur du 68, mail Mitterrand. Si vous \u00eates dans le coin, vous pouvez aussi tenter une soir\u00e9e salsa \u00e0 partir de 18\u00a0heures chez Now, bar friperie situ\u00e9 en retrait du mail (6, rue des Polieux).<\/p>\n<p>Ce samedi de 18\u00a0heures \u00e0 1 heure en face du bar La Piste, mail Mitterrand<\/p>\n<p>Pour voir la star locale<img decoding=\"async\" alt=\"Lujipeka a annonc\u00e9 une date surprise pour la F\u00eate de la Musique \u00e0 Rennes, ville dont le rappeur est originaire. \" class=\"c-img\" loading=\"lazy\" fetchpriority=\"auto\" width=\"718\"  src=\"https:\/\/img.20mn.fr\/-AFP9drTScKt1cWYRYX1uCk\/718x0\" \/>Lujipeka a annonc\u00e9 une date surprise pour la F\u00eate de la Musique \u00e0 Rennes, ville dont le rappeur est originaire. \u2002-\u00a0L. Vu\/NMA\/Sipa<\/p>\n<p>Il va sans doute attirer les foules. Ce samedi, <a href=\"https:\/\/www.20minutes.fr\/arts-stars\/culture\/3186019-20211201-trans-musicales-etre-solo-plus-pression-boulot-assure-lujipeka\" class=\"color-ultramarine c-link\" target=\"_blank\" rel=\"noopener\">le rappeur rennais Lujipeka<\/a> se produira sur la place Saint-Germain. <a href=\"https:\/\/www.20minutes.fr\/arts-stars\/culture\/2347471-20181004-columbine-exces-virilite-rap-trouve-ca-ringard-explique-foda\" class=\"color-ultramarine c-link\" target=\"_blank\" rel=\"noopener\">L\u2019ancien chanteur du collectif Columbine<\/a> cartonne depuis qu\u2019il s\u2019est lanc\u00e9 en solo. Preuve de son succ\u00e8s\u00a0? Le gar\u00e7on se produira en novembre\u00a02026 sur la sc\u00e8ne de l\u2019Accor Arena, \u00e0 Paris. L\u2019auteur de Poup\u00e9e russe ou Pas \u00e0 ma place viendra pr\u00e9senter ses nouveaux titres sortis il y a quelques jours.<\/p>\n<p>Ce samedi \u00e0 18\u00a0heures sur la place Saint-Germain.<\/p>\n<\/p>\n<p>Pour danser sur de la techno<img decoding=\"async\" alt=\"Une sc\u00e8ne d\u00e9di\u00e9e \u00e0 l'\u00e9lectro sera am\u00e9nag\u00e9e ce samedi sur l'esplanade de Gaulle, \u00e0 Rennes. \" class=\"c-img\" loading=\"lazy\" fetchpriority=\"auto\" width=\"718\"  src=\"https:\/\/img.20mn.fr\/zEiHCZ49Q5C69K5mmnLXiCk\/718x0-4.953324566801358x14.848432234265918-80.01319913030733\" \/>Une sc\u00e8ne d\u00e9di\u00e9e \u00e0 l&rsquo;\u00e9lectro sera am\u00e9nag\u00e9e ce samedi sur l&rsquo;esplanade de Gaulle, \u00e0 Rennes. \u2002-\u00a0C.Allain\/20 Minutes<\/p>\n<p>Pour ceux qui pr\u00e9f\u00e8rent l\u2019\u00e9lectro, c\u2019est plut\u00f4t vers l\u2019esplanade de Gaulle qu\u2019il faudra migrer. Les collectifs Osmoz, Mikrokosm et Lime feront jouer leurs DJ sur une grande sc\u00e8ne \u00e9rig\u00e9e dans la chaleur de l\u2019esplanade. De la techno, \u00e9videmment. Mais on a aussi un petit faible pour la trance avec la toute jeune Britney Speed ou Marco del Bosque.<\/p>\n<p>Ce samedi de 20\u00a0heures \u00e0 1 heure sur l\u2019esplanade de Gaulle.<\/p>\n<p>Pour se mettre au jardin (passion guinguette)<img decoding=\"async\" alt=\"La guinguette de La Basse Cour, \u00e0 la Pr\u00e9valaye, pr\u00e9voit une soir\u00e9e surprise pour la F\u00eate de la Musique.\" class=\"c-img\" loading=\"lazy\" fetchpriority=\"auto\" width=\"718\"  src=\"https:\/\/img.20mn.fr\/7Cno-G7HTX2i__MXThG5Kik\/718x0\" \/>La guinguette de La Basse Cour, \u00e0 la Pr\u00e9valaye, pr\u00e9voit une soir\u00e9e surprise pour la F\u00eate de la Musique.\u2002-\u00a0C. Allain \/ 20 Minutes<\/p>\n<p>Vous avez chaud\u00a0? Vous voulez \u00e9viter le centre-ville\u00a0? Alors pourquoi ne pas vous poser dans une des guinguettes de la ville\u00a0? La ferme du Haut-Quinc\u00e9 (Beauregard) propose des concerts de groupes locaux de 16\u00a0heures \u00e0 22\u00a0heures. La guinguette du Mem proposera plusieurs lives sur sa sc\u00e8ne ext\u00e9rieure avec Kogane, Leki, Archim\u00e8de puis un tribute de Pink Floyd.<\/p>\n<p>La Basse-Cour sera \u00e9galement mobilis\u00e9e \u00e0 partir de 18\u00a0heures mais a pr\u00e9f\u00e9r\u00e9 garder sa programmation secr\u00e8te. La guinguette du Parc des bois (parc des Gayeulles) propose une soir\u00e9e antillaise. Quant \u00e0 la Garden Partie (bd Villebois-Mareuil), elle propose une soir\u00e9e br\u00e9silienne \u00e0 partir de 19h30. Sa\u00fade\u00a0!<\/p>\n<p>Ce samedi dans les diff\u00e9rentes guinguettes de Rennes.<\/p>\n","protected":false},"excerpt":{"rendered":"La F\u00eate de la Musique s\u2019annonce chaude. Pour c\u00e9l\u00e9brer l\u2019entr\u00e9e dans l\u2019\u00e9t\u00e9, Rennes va danser sous une temp\u00e9rature&hellip;\n","protected":false},"author":2,"featured_media":192395,"comment_status":"","ping_status":"","sticky":false,"template":"","format":"standard","meta":{"footnotes":""},"categories":[2821],"tags":[1111,11,9732,829,1697,11500,1777,674,4768,25885,1011,27,848,1393,873,12,1306,584,25,7040,1669,5896],"class_list":{"0":"post-192394","1":"post","2":"type-post","3":"status-publish","4":"format-standard","5":"has-post-thumbnail","7":"category-rennes","8":"tag-actu","9":"tag-actualites","10":"tag-bar","11":"tag-bretagne","12":"tag-concert","13":"tag-electro","14":"tag-eu","15":"tag-europe","16":"tag-fete","17":"tag-fete-de-la-musique","18":"tag-fr","19":"tag-france","20":"tag-ille-et-vilaine","21":"tag-loisirs","22":"tag-musique","23":"tag-news","24":"tag-regions","25":"tag-rennes","26":"tag-republique-francaise","27":"tag-rock","28":"tag-sorties","29":"tag-tempo"},"share_on_mastodon":{"url":"https:\/\/pubeurope.com\/@fr\/114718975328483493","error":""},"_links":{"self":[{"href":"https:\/\/www.europesays.com\/fr\/wp-json\/wp\/v2\/posts\/192394","targetHints":{"allow":["GET"]}}],"collection":[{"href":"https:\/\/www.europesays.com\/fr\/wp-json\/wp\/v2\/posts"}],"about":[{"href":"https:\/\/www.europesays.com\/fr\/wp-json\/wp\/v2\/types\/post"}],"author":[{"embeddable":true,"href":"https:\/\/www.europesays.com\/fr\/wp-json\/wp\/v2\/users\/2"}],"replies":[{"embeddable":true,"href":"https:\/\/www.europesays.com\/fr\/wp-json\/wp\/v2\/comments?post=192394"}],"version-history":[{"count":0,"href":"https:\/\/www.europesays.com\/fr\/wp-json\/wp\/v2\/posts\/192394\/revisions"}],"wp:featuredmedia":[{"embeddable":true,"href":"https:\/\/www.europesays.com\/fr\/wp-json\/wp\/v2\/media\/192395"}],"wp:attachment":[{"href":"https:\/\/www.europesays.com\/fr\/wp-json\/wp\/v2\/media?parent=192394"}],"wp:term":[{"taxonomy":"category","embeddable":true,"href":"https:\/\/www.europesays.com\/fr\/wp-json\/wp\/v2\/categories?post=192394"},{"taxonomy":"post_tag","embeddable":true,"href":"https:\/\/www.europesays.com\/fr\/wp-json\/wp\/v2\/tags?post=192394"}],"curies":[{"name":"wp","href":"https:\/\/api.w.org\/{rel}","templated":true}]}}