{"id":192418,"date":"2025-06-21T02:36:10","date_gmt":"2025-06-21T02:36:10","guid":{"rendered":"https:\/\/www.europesays.com\/fr\/192418\/"},"modified":"2025-06-21T02:36:10","modified_gmt":"2025-06-21T02:36:10","slug":"le-prefet-requisitionne-onet-pour-assurer-la-salubrite-des-installations","status":"publish","type":"post","link":"https:\/\/www.europesays.com\/fr\/192418\/","title":{"rendered":"le pr\u00e9fet r\u00e9quisitionne Onet pour \u00ab\u00a0assurer la salubrit\u00e9 des installations\u00a0\u00bb"},"content":{"rendered":"<p>Apr\u00e8s l&rsquo;annonce de la R\u00e9gie des transports m\u00e9tropolitains (RTM) de <a href=\"https:\/\/www.laprovence.com\/article\/region\/49947281608924\/nettoyage-du-metro-a-marseille-pourquoi-la-rtm-resilie-une-nouvelle-fois-le-contrat-avec-son-prestataire\" target=\"_blank\" rel=\"noopener\">mettre fin \u00e0 son contrat avec Atalian, mardi<\/a>, estimant que \u00ab\u00a0les prestations n&rsquo;ont pas \u00e9t\u00e9 ex\u00e9cut\u00e9es conform\u00e9ment aux termes du march\u00e9\u00a0\u00bb, le pr\u00e9fet de r\u00e9gion publie ce vendredi 20 juin un arr\u00eat\u00e9 pour <strong>r\u00e9quisitionner l&rsquo;entreprise Onet<\/strong> afin d&rsquo;assurer la propret\u00e9 du m\u00e9tro.<\/p>\n<p>Une r\u00e9quisition pour les quatre prochaines semaines<\/p>\n<p>\u00c0 la demande de la RTM et face \u00e0<strong> une situation d&rsquo;urgence quant \u00e0 la salubrit\u00e9 des installations<\/strong>, le pr\u00e9fet de r\u00e9gion ordonne la r\u00e9quisition de l&rsquo;entreprise pour les quatre prochaines semaines. Elle y assurera les missions du ramassage de d\u00e9chets, du nettoyage des stations et des rames, mais aussi des loges des conducteurs notamment.<\/p>\n<p>La RTM explique par communiqu\u00e9 que cet arr\u00eat\u00e9 \u00ab\u00a0permet de mobiliser sans d\u00e9lais les moyens humains et mat\u00e9riels n\u00e9cessaires pour assurer la salubrit\u00e9 des installations\u00a0\u00bb et annonce dans le m\u00eame temps, avoir \u00ab\u00a0engag\u00e9 <strong>une proc\u00e9dure d&rsquo;appel d&rsquo;offres<\/strong> pour d\u00e9signer de nouveaux prestataires dans les meilleurs d\u00e9lais\u00a0\u00bb.<\/p>\n<p>Pour rappel, Atalian \u00e9tait arriv\u00e9 sur ce march\u00e9 il y a neuf mois pour prendre la suite de Laser, dont le contrat avait \u00e9t\u00e9 d\u00e9nonc\u00e9 par la RTM pour \u00ab\u00a0faute grave\u00a0\u00bb. Le groupe Atalian a par ailleurs indiqu\u00e9, mercredi, sa volont\u00e9 de <a href=\"https:\/\/www.laprovence.com\/article\/region\/33024457016009\/atalian-conteste-la-resiliation-du-contrat-par-la-rtm-la-proprete-du-metro-marseillais-compromise\" target=\"_blank\" rel=\"noopener\">contester la r\u00e9siliation de son contrat annonc\u00e9 par la RTM<\/a>.<\/p>\n","protected":false},"excerpt":{"rendered":"Apr\u00e8s l&rsquo;annonce de la R\u00e9gie des transports m\u00e9tropolitains (RTM) de mettre fin \u00e0 son contrat avec Atalian, mardi,&hellip;\n","protected":false},"author":2,"featured_media":192419,"comment_status":"","ping_status":"","sticky":false,"template":"","format":"standard","meta":{"footnotes":""},"categories":[2814],"tags":[17,1111,11,33129,1777,674,1011,27,884,4047,32212,12,11759,14583,882,16,25,33052],"class_list":{"0":"post-192418","1":"post","2":"type-post","3":"status-publish","4":"format-standard","5":"has-post-thumbnail","7":"category-marseille","8":"tag-17","9":"tag-actu","10":"tag-actualites","11":"tag-donet","12":"tag-eu","13":"tag-europe","14":"tag-fr","15":"tag-france","16":"tag-marseille","17":"tag-metro","18":"tag-nettoyage","19":"tag-news","20":"tag-ordonne","21":"tag-prefet","22":"tag-provence-alpes-cote-dazur","23":"tag-region","24":"tag-republique-francaise","25":"tag-requisition"},"share_on_mastodon":{"url":"https:\/\/pubeurope.com\/@fr\/114719030188900342","error":""},"_links":{"self":[{"href":"https:\/\/www.europesays.com\/fr\/wp-json\/wp\/v2\/posts\/192418","targetHints":{"allow":["GET"]}}],"collection":[{"href":"https:\/\/www.europesays.com\/fr\/wp-json\/wp\/v2\/posts"}],"about":[{"href":"https:\/\/www.europesays.com\/fr\/wp-json\/wp\/v2\/types\/post"}],"author":[{"embeddable":true,"href":"https:\/\/www.europesays.com\/fr\/wp-json\/wp\/v2\/users\/2"}],"replies":[{"embeddable":true,"href":"https:\/\/www.europesays.com\/fr\/wp-json\/wp\/v2\/comments?post=192418"}],"version-history":[{"count":0,"href":"https:\/\/www.europesays.com\/fr\/wp-json\/wp\/v2\/posts\/192418\/revisions"}],"wp:featuredmedia":[{"embeddable":true,"href":"https:\/\/www.europesays.com\/fr\/wp-json\/wp\/v2\/media\/192419"}],"wp:attachment":[{"href":"https:\/\/www.europesays.com\/fr\/wp-json\/wp\/v2\/media?parent=192418"}],"wp:term":[{"taxonomy":"category","embeddable":true,"href":"https:\/\/www.europesays.com\/fr\/wp-json\/wp\/v2\/categories?post=192418"},{"taxonomy":"post_tag","embeddable":true,"href":"https:\/\/www.europesays.com\/fr\/wp-json\/wp\/v2\/tags?post=192418"}],"curies":[{"name":"wp","href":"https:\/\/api.w.org\/{rel}","templated":true}]}}