{"id":192424,"date":"2025-06-21T02:39:18","date_gmt":"2025-06-21T02:39:18","guid":{"rendered":"https:\/\/www.europesays.com\/fr\/192424\/"},"modified":"2025-06-21T02:39:18","modified_gmt":"2025-06-21T02:39:18","slug":"cette-place-de-la-part-dieu-renommee-en-hommage-a-gerard-collomb","status":"publish","type":"post","link":"https:\/\/www.europesays.com\/fr\/192424\/","title":{"rendered":"cette place de la Part-Dieu renomm\u00e9e en hommage \u00e0 G\u00e9rard Collomb"},"content":{"rendered":"<p>            Par<br \/>\n        <strong><br \/>\n            <a href=\"https:\/\/actu.fr\/auteur\/ludivine-caporal\" title=\"Consulter tous les articles de Ludivine Caporal\" target=\"_blank\" rel=\"noopener\">Ludivine Caporal<\/a><br \/>\n        <\/strong><\/p>\n<p>        Publi\u00e9 le<\/p>\n<p>            20 juin 2025 \u00e0 18h24        <\/p>\n<p>Il aurait eu 78\u00a0ans. Ce vendredi 20\u00a0juin 2025, \u00e0 l\u2019occasion de l\u2019anniversaire de <a href=\"https:\/\/actu.fr\/auvergne-rhone-alpes\/lyon_69123\/mort-de-gerard-collomb-ses-10-realisations-qui-ont-change-lyon_60381194.html\" target=\"_blank\" rel=\"noopener\">l\u2019ancien maire de Lyon G\u00e9rard Collomb<\/a>, d\u00e9c\u00e9d\u00e9 en 2023 des suites d\u2019un cancer, une place de la ville a \u00e9t\u00e9 officiellement renomm\u00e9e en son honneur.<\/p>\n<p class=\" wall-content\">Il s\u2019agit de <strong>la place du Lac<\/strong>, dans le quartier de <a href=\"https:\/\/actu.fr\/tag\/lyon-part-dieu\" target=\"_blank\" rel=\"noopener\">la Part-Dieu<\/a> (3e)\u2009: un petit parc situ\u00e9 juste au pied des bureaux de la M\u00e9tropole de Lyon, que l\u2019\u00e9lu avait fond\u00e9e.<\/p>\n<p>\u00ab\u2009\u00c0 jamais indissociable de l\u2019histoire lyonnaise\u2009\u00bb<\/p>\n<p class=\" wall-content\">En pr\u00e9sence de nombreux habitants, \u00e9lus et de certains proches de G\u00e9rard Collomb, dont ses enfants Thomas et Anne-Laure, le maire de Lyon <a href=\"https:\/\/actu.fr\/tag\/gregory-doucet\" target=\"_blank\" rel=\"noopener\">Gr\u00e9gory Doucet<\/a> et le pr\u00e9sident de la M\u00e9tropole <a href=\"https:\/\/actu.fr\/tag\/bruno-bernard\" target=\"_blank\" rel=\"noopener\">Bruno Bernard<\/a> se sont tous deux exprim\u00e9s avant de d\u00e9voiler la plaque flambant neuve, d\u2019ores et d\u00e9j\u00e0 <strong>appos\u00e9e aux angles de la place.<\/strong><\/p>\n<p>    <img   decoding=\"async\" loading=\"lazy\" src=\"https:\/\/www.europesays.com\/fr\/wp-content\/uploads\/2025\/06\/place-gerard-collomb-lyon-960x640.jpg\" alt=\"La plaque de la place G\u00e9rard Collomb.\" width=\"960\" height=\"640\"\/><br \/>\n    La plaque de la place G\u00e9rard Collomb. (\u00a9Ludivine Caporal\/actu Lyon)<\/p>\n<p class=\" wall-content\">\u00ab\u2009Nous nous retrouvons dans le quartier de la Part-Dieu qu\u2019il a tant transform\u00e9 et dynamis\u00e9. G\u00e9rard Collomb s\u2019inscrit aujourd\u2019hui dans la pierre comme il s\u2019inscrit dans nos m\u00e9moires, \u00e0 jamais indissociable de l\u2019histoire lyonnaise\u2009\u00bb, a notamment d\u00e9clar\u00e9 Bruno Bernard, suivi des propos de Gr\u00e9gory Doucet qui a tenu \u00e0 rappeler que l\u2019ancien maire laissait derri\u00e8re lui \u00ab\u2009un h\u00e9ritage immense\u2009\u00bb.<\/p>\n<p>Vid\u00e9os : en ce moment sur Actu<\/p>\n<p class=\" wall-content\">Pour rappel, il y a un an, <a href=\"https:\/\/actu.fr\/auvergne-rhone-alpes\/lyon_69123\/tcl-lyon-cette-station-de-metro-va-bien-etre-renommee-gerard-collomb-voici-quand_61202769.html\" target=\"_blank\" rel=\"noopener\">la station de m\u00e9tro Gare de Vaise (9e) avait d\u00e9j\u00e0 \u00e9t\u00e9 renomm\u00e9e en hommage \u00e0 l\u2019\u00e9lu<\/a>, ce qui porte aujourd\u2019hui \u00e0 deux le nombre de lieux \u00e0 Lyon affichant le nom de G\u00e9rard Collomb.<\/p>\n<p class=\" wall-content\">Suivez toute l\u2019actualit\u00e9 de vos villes et m\u00e9dias favoris en vous inscrivant \u00e0 <a href=\"https:\/\/moncompte.actu.fr\" title=\"D\u00e9couvez Mon Actu\" rel=\"nofollow noopener\" data-trk=\"{&quot;cta&quot;:{&quot;action&quot;:&quot;https:\\\/\\\/moncompte.actu.fr&quot;,&quot;category&quot;:&quot;mon compte&quot;,&quot;from&quot;:&quot;article footer&quot;,&quot;name&quot;:&quot;Mon actu&quot;,&quot;type&quot;:&quot;cta&quot;}}\" target=\"_blank\">Mon Actu<\/a>.<\/p>\n","protected":false},"excerpt":{"rendered":"Par Ludivine Caporal Publi\u00e9 le 20 juin 2025 \u00e0 18h24 Il aurait eu 78\u00a0ans. Ce vendredi 20\u00a0juin 2025,&hellip;\n","protected":false},"author":2,"featured_media":192425,"comment_status":"","ping_status":"","sticky":false,"template":"","format":"standard","meta":{"footnotes":""},"categories":[1889],"tags":[1111,11,2430,1777,674,1011,27,8443,2808,2428,6178,12,25,104],"class_list":{"0":"post-192424","1":"post","2":"type-post","3":"status-publish","4":"format-standard","5":"has-post-thumbnail","7":"category-lyon","8":"tag-actu","9":"tag-actualites","10":"tag-auvergne-rhone-alpes","11":"tag-eu","12":"tag-europe","13":"tag-fr","14":"tag-france","15":"tag-gerard-collomb","16":"tag-grand-lyon","17":"tag-lyon","18":"tag-lyon-part-dieu","19":"tag-news","20":"tag-republique-francaise","21":"tag-societe"},"share_on_mastodon":{"url":"https:\/\/pubeurope.com\/@fr\/114719042007187204","error":""},"_links":{"self":[{"href":"https:\/\/www.europesays.com\/fr\/wp-json\/wp\/v2\/posts\/192424","targetHints":{"allow":["GET"]}}],"collection":[{"href":"https:\/\/www.europesays.com\/fr\/wp-json\/wp\/v2\/posts"}],"about":[{"href":"https:\/\/www.europesays.com\/fr\/wp-json\/wp\/v2\/types\/post"}],"author":[{"embeddable":true,"href":"https:\/\/www.europesays.com\/fr\/wp-json\/wp\/v2\/users\/2"}],"replies":[{"embeddable":true,"href":"https:\/\/www.europesays.com\/fr\/wp-json\/wp\/v2\/comments?post=192424"}],"version-history":[{"count":0,"href":"https:\/\/www.europesays.com\/fr\/wp-json\/wp\/v2\/posts\/192424\/revisions"}],"wp:featuredmedia":[{"embeddable":true,"href":"https:\/\/www.europesays.com\/fr\/wp-json\/wp\/v2\/media\/192425"}],"wp:attachment":[{"href":"https:\/\/www.europesays.com\/fr\/wp-json\/wp\/v2\/media?parent=192424"}],"wp:term":[{"taxonomy":"category","embeddable":true,"href":"https:\/\/www.europesays.com\/fr\/wp-json\/wp\/v2\/categories?post=192424"},{"taxonomy":"post_tag","embeddable":true,"href":"https:\/\/www.europesays.com\/fr\/wp-json\/wp\/v2\/tags?post=192424"}],"curies":[{"name":"wp","href":"https:\/\/api.w.org\/{rel}","templated":true}]}}