{"id":192426,"date":"2025-06-21T02:42:22","date_gmt":"2025-06-21T02:42:22","guid":{"rendered":"https:\/\/www.europesays.com\/fr\/192426\/"},"modified":"2025-06-21T02:42:22","modified_gmt":"2025-06-21T02:42:22","slug":"moulinex-vous-regale-au-pied-de-la-scene","status":"publish","type":"post","link":"https:\/\/www.europesays.com\/fr\/192426\/","title":{"rendered":"Moulinex vous r\u00e9gale au pied de la sc\u00e8ne !"},"content":{"rendered":"<p>Le festival Fnac Live Paris est de retour, et avec lui son lot de d\u00e9couvertes musicales et d\u2019exp\u00e9riences inoubliables. Pour cette \u00e9dition 2025, un nouveau partenaire de choix s\u2019invite \u00e0 la f\u00eate : Moulinex ! La c\u00e9l\u00e8bre marque fran\u00e7aise d\u2019\u00e9lectrom\u00e9nager installera ses cuisines sur le parvis de l\u2019H\u00f4tel de Ville pour une animation gourmande et conviviale.<\/p>\n<p>Un bon plan \u00e0 ne pas manquer entre deux concerts ! Partenaire officiel du <a href=\"https:\/\/www.fnac.com\/fnaclive\" target=\"_blank\" rel=\"noopener nofollow\">Fnac Live Festival 2025<\/a>, Moulinex vient ajouter une touche de saveur \u00e0 l\u2019\u00e9v\u00e9nement musical gratuit et incontournable de l\u2019\u00e9t\u00e9. La marque invite tous les festivaliers \u00e0 une pause gourmande en offrant des frites dor\u00e9es et savoureuses, pr\u00e9par\u00e9es sur place. Une occasion parfaite de d\u00e9couvrir concr\u00e8tement les performances des friteuses \u00e0 air chaud, ou <a href=\"https:\/\/www.fnac.com\/Friteuse-sans-huile\/Friteuse-electrique\/nsh534281\/w-4\" target=\"_blank\" rel=\"noopener nofollow\">Air Fryers<\/a>, et de constater qu\u2019on peut allier plaisir et cuisine saine.<\/p>\n<p>Moulinex, 90 ans d\u2019innovation au service du quotidien<\/p>\n<p>Avant de r\u00e9volutionner nos ap\u00e9ros et nos d\u00eeners avec ses Air Fryers, Moulinex a une longue et riche histoire. Fond\u00e9e en 1932 par Jean Mantelet avec l\u2019invention du g\u00e9nial Moulin-L\u00e9gumes, l\u2019entreprise n\u2019a eu de cesse d\u2019innover pour simplifier la vie en cuisine.<\/p>\n<p>La marque a accompagn\u00e9 les \u00e9volutions de la soci\u00e9t\u00e9 fran\u00e7aise en d\u00e9mocratisant le petit \u00e9lectrom\u00e9nager. Du premier moulin \u00e0 caf\u00e9 \u00e9lectrique (qui donnera son nom \u00e0 \u00ab\u00a0Moulin-Express\u00a0\u00bb, puis \u00ab\u00a0Moulinex\u00a0\u00bb) aux robots-cuiseurs multifonctions comme le <a href=\"https:\/\/www.fnac.com\/Multicuiseur-Cookeo\/Multicuiseur\/nsh537801\/w-4\" target=\"_blank\" rel=\"noopener nofollow\">Cookeo<\/a>, Moulinex est devenue une r\u00e9f\u00e9rence dans des millions de foyers. Aujourd\u2019hui, elle continue de surfer sur les tendances, comme le montre sa gamme de friteuses sans huile.<\/p>\n<p>        \u00c0 lire aussi    <\/p>\n<p>\n        Actu<\/p>\n<p>                    <strong class=\"small sponso\">Sponsoris\u00e9 par Moulinex<\/strong><\/p>\n<p>Les Air Fryers Moulinex : une solution pour chaque besoin<\/p>\n<p>Loin d\u2019\u00eatre un simple gadget, le Air Fryer est devenu un alli\u00e9 pour des repas rapides, plus sains et \u00e9conomiques en \u00e9nergie. La promesse ? Du croustillant avec tr\u00e8s peu, voire pas d\u2019huile du tout. Moulinex a d\u00e9velopp\u00e9 une gamme compl\u00e8te pour r\u00e9pondre \u00e0 toutes les attentes, dont voici trois mod\u00e8les phares.<\/p>\n<p>Moulinex Easy Fry Dual Flex : la polyvalence incarn\u00e9e<\/p>\n<p>C\u2019est le couteau suisse des Air Fryers. Le Easy Fry Dual Flex brille par son ing\u00e9niosit\u00e9. Gr\u00e2ce \u00e0 un s\u00e9parateur amovible, son grand tiroir de 9 L peut se transformer en deux zones de cuisson ind\u00e9pendantes (5,5 L et 3,5 L). Vous pouvez ainsi cuire simultan\u00e9ment un plat principal et son accompagnement, avec des temps et des temp\u00e9ratures diff\u00e9rents, et tout sera pr\u00eat en m\u00eame temps ! Id\u00e9al pour les familles qui veulent pr\u00e9parer un repas complet sans jongler entre le four et les po\u00eales.<\/p>\n<p><img decoding=\"async\" class=\"center bloc\" style=\"width: 500px; height: 500px;\" src=\"https:\/\/www.europesays.com\/fr\/wp-content\/uploads\/2025\/06\/2474845.jpg\" alt=\"Dual Easy Fry Flex\"\/><\/p>\n<p>Moulinex Dual Easy Fry XXL : pour les tr\u00e8s grandes tabl\u00e9es<\/p>\n<p>Avec le Dual Easy Fry XXL, Moulinex voit les choses en grand. Dot\u00e9 de deux tiroirs distincts pour une capacit\u00e9 totale de 11 L, il est con\u00e7u pour r\u00e9galer de 6 \u00e0 10 personnes. Poulet r\u00f4ti d\u2019un c\u00f4t\u00e9, frites pour toute la tribu de l\u2019autre, la fonction de synchronisation assure une fin de cuisson simultan\u00e9e. C\u2019est l\u2019appareil parfait pour les repas conviviaux, les d\u00eeners entre amis et les familles nombreuses.<\/p>\n<p><strong class=\"small\">En stock<\/strong><\/p>\n<p>        Acheter sur Fnac.com<\/p>\n<p>Moulinex Easy Fry Silence : la performance en toute discr\u00e9tion<\/p>\n<p>Vous r\u00eavez d\u2019un appareil performant qui ne perturbe pas la tranquillit\u00e9 de votre cuisine ? Le <a href=\"https:\/\/www.fnac.com\/Air-fryer-Moulinex-Easy-Fry-Silence-EZ572DF0-5L-Inox\/a21403566\/w-4\" target=\"_blank\" rel=\"noopener nofollow\">Easy Fry Silence<\/a> est fait pour vous. Gr\u00e2ce \u00e0 sa technologie exclusive, il est le Air Fryer le plus silencieux de la marque, n\u2019\u00e9mettant que 48 dB(A) en fonctionnement. Avec sa capacit\u00e9 de 5 L, il est parfait pour les couples ou les petites familles qui cherchent l\u2019efficacit\u00e9 sans la nuisance sonore.<\/p>\n<p><strong class=\"small\">En stock<\/strong><\/p>\n<p>        Acheter sur Fnac.com<\/p>\n<p>Un partenariat qui a du go\u00fbt<\/p>\n<p>Ce partenariat entre la Fnac et Moulinex sonne comme une \u00e9vidence. Il r\u00e9unit la culture, la convivialit\u00e9 et l\u2019art de vivre \u00e0 la fran\u00e7aise. En proposant cette d\u00e9gustation, Moulinex offre plus qu\u2019un simple cornet de frites : une d\u00e9monstration grandeur nature de la simplicit\u00e9 et de la qualit\u00e9 de ses produits.<\/p>\n<p>Pour en savoir plus sur cette technologie qui change la donne en cuisine, n\u2019h\u00e9sitez pas \u00e0 consulter notre <a href=\"https:\/\/leclaireur.fnac.com\/article\/cp64880-guide-dachat-airfryer-comment-choisir-sa-friteuse-a-air-chaud\/\" target=\"_blank\" rel=\"noopener nofollow\">guide d\u2019achat d\u00e9di\u00e9 aux Air Fryers<\/a> pour trouver le mod\u00e8le qui vous correspond.<\/p>\n<p>Rendez-vous sur le parvis de l\u2019H\u00f4tel de Ville pour profiter des concerts du Fnac Live Paris 2025, une frite \u00e0 la main !<\/p>\n<p><img decoding=\"async\" class=\"center bloc\" style=\"width: 600px; height: 401px;\" src=\"https:\/\/www.europesays.com\/fr\/wp-content\/uploads\/2025\/06\/2390449.jpg\" alt=\"Sarah Bastin Fnac live Paris Concert Ade\"\/><\/p>\n","protected":false},"excerpt":{"rendered":"Le festival Fnac Live Paris est de retour, et avec lui son lot de d\u00e9couvertes musicales et d\u2019exp\u00e9riences&hellip;\n","protected":false},"author":2,"featured_media":192427,"comment_status":"","ping_status":"","sticky":false,"template":"","format":"standard","meta":{"footnotes":""},"categories":[1888],"tags":[1111,1928,11,1927,33130,1777,674,24337,1011,27,33131,33132,12,1926,626,1925,33133,25],"class_list":{"0":"post-192426","1":"post","2":"type-post","3":"status-publish","4":"format-standard","5":"has-post-thumbnail","7":"category-paris","8":"tag-actu","9":"tag-actu-paris","10":"tag-actualites","11":"tag-actualites-paris","12":"tag-contenu-sponsorise","13":"tag-eu","14":"tag-europe","15":"tag-fnac-live","16":"tag-fr","17":"tag-france","18":"tag-friteuse","19":"tag-moulinex","20":"tag-news","21":"tag-news-paris","22":"tag-paris","23":"tag-paris-news","24":"tag-petit-electromenager","25":"tag-republique-francaise"},"share_on_mastodon":{"url":"https:\/\/pubeurope.com\/@fr\/114719053936890739","error":""},"_links":{"self":[{"href":"https:\/\/www.europesays.com\/fr\/wp-json\/wp\/v2\/posts\/192426","targetHints":{"allow":["GET"]}}],"collection":[{"href":"https:\/\/www.europesays.com\/fr\/wp-json\/wp\/v2\/posts"}],"about":[{"href":"https:\/\/www.europesays.com\/fr\/wp-json\/wp\/v2\/types\/post"}],"author":[{"embeddable":true,"href":"https:\/\/www.europesays.com\/fr\/wp-json\/wp\/v2\/users\/2"}],"replies":[{"embeddable":true,"href":"https:\/\/www.europesays.com\/fr\/wp-json\/wp\/v2\/comments?post=192426"}],"version-history":[{"count":0,"href":"https:\/\/www.europesays.com\/fr\/wp-json\/wp\/v2\/posts\/192426\/revisions"}],"wp:featuredmedia":[{"embeddable":true,"href":"https:\/\/www.europesays.com\/fr\/wp-json\/wp\/v2\/media\/192427"}],"wp:attachment":[{"href":"https:\/\/www.europesays.com\/fr\/wp-json\/wp\/v2\/media?parent=192426"}],"wp:term":[{"taxonomy":"category","embeddable":true,"href":"https:\/\/www.europesays.com\/fr\/wp-json\/wp\/v2\/categories?post=192426"},{"taxonomy":"post_tag","embeddable":true,"href":"https:\/\/www.europesays.com\/fr\/wp-json\/wp\/v2\/tags?post=192426"}],"curies":[{"name":"wp","href":"https:\/\/api.w.org\/{rel}","templated":true}]}}