{"id":192438,"date":"2025-06-21T02:48:10","date_gmt":"2025-06-21T02:48:10","guid":{"rendered":"https:\/\/www.europesays.com\/fr\/192438\/"},"modified":"2025-06-21T02:48:10","modified_gmt":"2025-06-21T02:48:10","slug":"etats-unis-un-juge-federal-ordonne-la-liberation-de-lactiviste-pro-palestinien-mahmoud-khalil-anadolu-ajansi","status":"publish","type":"post","link":"https:\/\/www.europesays.com\/fr\/192438\/","title":{"rendered":"\u00c9tats-Unis : un juge f\u00e9d\u00e9ral ordonne la lib\u00e9ration de l&#039;activiste pro-palestinien Mahmoud Khalil &#8211; Anadolu Ajans\u0131"},"content":{"rendered":"<ol>\n<li><a href=\"https:\/\/news.google.com\/rss\/articles\/CBMi6AFBVV95cUxPOW8yOV9LamFoMmU2eHZpaU1XY0FNNTlib3c0OTBkcFBmVmZWM0Q2Wm9hR2pqYVVzQ0FfcFBvSnc4RHBvVTc4QVhlZmNRSzFmZkQwbEppT2xEM0tuOEtpQ1JvN3RvSklVSkJKanRuVFI1YzdZbkRaN3BPa3d6SXh4OFBJdF9STEV1T21TM0RJanliWVVldmRpVEgxVm1fM3ZPUjY4YVZXSTVBUldyc0hic1F6TnVKVkliSFNFcTk1SU9OczJSbU1PX296WGtvZklqYjBzUm9Jai1kcnBid0VCQjRkTTV4cW9Y?oc=5\" target=\"_blank\" rel=\"nofollow noopener\">\u00c9tats-Unis : un juge f\u00e9d\u00e9ral ordonne la lib\u00e9ration de l&rsquo;activiste pro-palestinien Mahmoud Khalil<\/a>&nbsp;&nbsp;Anadolu Ajans\u0131<\/li>\n<li><a href=\"https:\/\/news.google.com\/rss\/articles\/CBMirgJBVV95cUxQeHlVVldGa0JyNmdISkZBMzNDclBCcU45dy05eWJlNUNLZ0VlN3Q3dmoxemNHZUVuVTBDWEw5TGx0Q0VwekhFV1F6OTZ0Z1FWYVR1ZFFCYjlsUC1NMVI0aWpvbXpjdVRhaHNvX1dtZFFHNlhBeHdBRjNBSFhWY1IzZGNSTEYtOE9vcHZUMWZxV0NpdTVnOUI0eE84cHUxa0JwVndVQTctMzktcXZqYm8xV2VWT1ZITDQtY3ZPWWw3eE1qNHJpSXVwazk0WEtJQUljMk9wQ1BhRW52dGZhOGZGQ0x4RE9heHRaVHFrQWtYTjN4UGNvZktYVzBiZFBmMWhEbW1LRHhIN1J1ZklRUUt0c0k0RTNiS2ltVU02YmhlcVdNcWJPdTdzeUJrbi0wQQ?oc=5\" target=\"_blank\" rel=\"nofollow noopener\">Mahmoud Khalil, leader des manifestations propalestiniennes \u00e0 l\u2019universit\u00e9 Columbia arr\u00eat\u00e9 par l\u2019administration Trump, a \u00e9t\u00e9 lib\u00e9r\u00e9<\/a>&nbsp;&nbsp;Le Monde.fr<\/li>\n<li><a href=\"https:\/\/news.google.com\/rss\/articles\/CBMi2gFBVV95cUxNRGNiVFlhaldiTlJDLW9WQi10cWhDdHJFU3plSWVzY2VIdlU4WWhuVmcxa09ReTl4UFlOU29ISXlJMU8yamV6U1lLaVF4YzFQSWkxYkRIejd4cUJvSXBjMklZY005MUtpMC1rX1FxSzRYNmt6UUo2OWFHMENFQjY0elQ5RnFBcHFsU0lIVHZKNTVNQ3RTYURLeXRKekxXSGFoLXc2OUJxNjVuS19zSjN3ajFXNUt3eDNEUDMxdEU0RnpsYU4xVndnaFJXc1ZxeEpNWGtxV09HZ3VHZw?oc=5\" target=\"_blank\" rel=\"nofollow noopener\">Mahmoud Khalil symbole du mouvement propalestinien sort de prison<\/a>&nbsp;&nbsp;20minutes.fr<\/li>\n<li><a href=\"https:\/\/news.google.com\/rss\/articles\/CBMingJBVV95cUxPMi1Db3RSVVlESlBMbWVQdEZ2U1ZYa1FTTWlETldYcVVqR3BDN3ExYl9TZ25Mai1ZWGZNNGIyOUpIZzk4N1NVbzdBVU5qb0gwdDlQanFtVGlYVU1sWFA5c1pPejZtZHRVdTk3VjY1SU1MWmdiN3pHYjcxdGdpT0dqemZWb05QVDJ3dVdHTXRGbWVUVGZwdS01YXFDc1Z0czhKdkFPUTByVy05OUhpUGQ2ZV9CM2laeWtia0ZBckswcnI0aUg3b1BTYVFKT05iZ21ycjJaTkVhSWoxanpQaVVYQlZYMzVyVDJSTDV1OEZ2TWYteEdQNG1DNHhsdlB1Qlozd3c0NjFIR21vWHhFTUJKTTAxWWRTWkl4MEVYRFVB?oc=5\" target=\"_blank\" rel=\"nofollow noopener\">Un juge am\u00e9ricain ordonne de lib\u00e9rer Mahmoud Khalil, figure des manifestations pro-Gaza \u00e0 Columbia<\/a>&nbsp;&nbsp;Ouest-France<\/li>\n<li><a href=\"https:\/\/news.google.com\/rss\/articles\/CBMi9AFBVV95cUxOMDdJUlZCQTZuRmRQQng2ZXA5b3ZocDZMdWRVOERzN2lSaEdYY2ZNbm5oajJPa3gxWUE2bE9yVGxVTmdsWTFjeFNVbUpLcVVZNE55dFFtS0RIcXlqM2h1RURsLXVpNFAtUmUwbHRvbUFJRG5GMmxyeHNmZzF4Y2JXeVlfRV9HVGdfVlVQa2hZUXJkelVxdG5JdGVaaVVYOHFZZjlqajRFM3V6c2FuWU1Ybm1JUHdnWWxhbVRlVnJnYUVBeFN0WkVNZXREMmFCN2FGRno5Zjg3dVhrWmZfTEpyTS1mam5tNXdhcV9iZDhyb3hXTmFH?oc=5\" target=\"_blank\" rel=\"nofollow noopener\">\u00c9tats-Unis: figure de la mobilisation pro-palestinienne \u00e0 Columbia, Mahmoud Khalil a \u00e9t\u00e9 lib\u00e9r\u00e9<\/a>&nbsp;&nbsp;RFI<\/li>\n<\/ol>\n","protected":false},"excerpt":{"rendered":"\u00c9tats-Unis : un juge f\u00e9d\u00e9ral ordonne la lib\u00e9ration de l&rsquo;activiste pro-palestinien Mahmoud Khalil&nbsp;&nbsp;Anadolu Ajans\u0131 Mahmoud Khalil, leader des&hellip;\n","protected":false},"author":2,"featured_media":192439,"comment_status":"","ping_status":"","sticky":false,"template":"","format":"standard","meta":{"footnotes":""},"categories":[1589],"tags":[4295,11,1785,75,73,1866,33135,12,1864,1865,1863,308],"class_list":{"0":"post-192438","1":"post","2":"type-post","3":"status-publish","4":"format-standard","5":"has-post-thumbnail","7":"category-etats-unis","8":"tag-tats-unis","9":"tag-actualites","10":"tag-anadolu-ajansi","11":"tag-donald-trump","12":"tag-etats-unis","13":"tag-etats-unis-damerique","14":"tag-mahmoud-khalil","15":"tag-news","16":"tag-united-states","17":"tag-united-states-of-america","18":"tag-us","19":"tag-usa"},"share_on_mastodon":{"url":"https:\/\/pubeurope.com\/@fr\/114719077692397820","error":""},"_links":{"self":[{"href":"https:\/\/www.europesays.com\/fr\/wp-json\/wp\/v2\/posts\/192438","targetHints":{"allow":["GET"]}}],"collection":[{"href":"https:\/\/www.europesays.com\/fr\/wp-json\/wp\/v2\/posts"}],"about":[{"href":"https:\/\/www.europesays.com\/fr\/wp-json\/wp\/v2\/types\/post"}],"author":[{"embeddable":true,"href":"https:\/\/www.europesays.com\/fr\/wp-json\/wp\/v2\/users\/2"}],"replies":[{"embeddable":true,"href":"https:\/\/www.europesays.com\/fr\/wp-json\/wp\/v2\/comments?post=192438"}],"version-history":[{"count":0,"href":"https:\/\/www.europesays.com\/fr\/wp-json\/wp\/v2\/posts\/192438\/revisions"}],"wp:featuredmedia":[{"embeddable":true,"href":"https:\/\/www.europesays.com\/fr\/wp-json\/wp\/v2\/media\/192439"}],"wp:attachment":[{"href":"https:\/\/www.europesays.com\/fr\/wp-json\/wp\/v2\/media?parent=192438"}],"wp:term":[{"taxonomy":"category","embeddable":true,"href":"https:\/\/www.europesays.com\/fr\/wp-json\/wp\/v2\/categories?post=192438"},{"taxonomy":"post_tag","embeddable":true,"href":"https:\/\/www.europesays.com\/fr\/wp-json\/wp\/v2\/tags?post=192438"}],"curies":[{"name":"wp","href":"https:\/\/api.w.org\/{rel}","templated":true}]}}