{"id":192442,"date":"2025-06-21T02:50:14","date_gmt":"2025-06-21T02:50:14","guid":{"rendered":"https:\/\/www.europesays.com\/fr\/192442\/"},"modified":"2025-06-21T02:50:14","modified_gmt":"2025-06-21T02:50:14","slug":"le-brestois-mathias-pereira-lage-sengage-officiellement-avec-sankt-pauli-en-allemagne","status":"publish","type":"post","link":"https:\/\/www.europesays.com\/fr\/192442\/","title":{"rendered":"Le Brestois Mathias Pereira Lage s\u2019engage officiellement avec Sankt Pauli, en Allemagne"},"content":{"rendered":"<p>Mathias Pereira Lage \u00e9voluera en premi\u00e8re division allemande la saison prochaine. <a href=\"https:\/\/footamateur.letelegramme.fr\/6837967\/le-joueur-du-stade-brestois-mathias-pereira-lage-vers-lallemagne\/\" target=\"_blank\" rel=\"noopener\">Comme attendu<\/a>, le FC Sankt Pauli a annonc\u00e9, ce vendredi, l\u2019arriv\u00e9e du milieu de terrain polyvalent du Stade Brestois, qui s\u2019est engag\u00e9 libre.<\/p>\n<blockquote class=\"instagram-media\" data-instgrm-captioned=\"\" data-instgrm-permalink=\"https:\/\/www.instagram.com\/p\/DLILEohuUe-\/?utm_source=ig_embed&amp;utm_campaign=loading\" data-instgrm-version=\"14\" style=\" background:#FFF; border:0; border-radius:3px; box-shadow:0 0 1px 0 rgba(0,0,0,0.5),0 1px 10px 0 rgba(0,0,0,0.15); margin: 1px; max-width:540px; min-width:326px; padding:0; width:99.375%; width:-webkit-calc(100% - 2px); width:calc(100% - 2px);\"\/>\n<p>Alors qu\u2019il avait une proposition de prolongation \u00e0 Brest, <a href=\"https:\/\/www.letelegramme.fr\/sports\/football\/stade-brestois\/il-a-un-etat-desprit-exemplaire-mathias-pereira-lage-indispensable-joker-du-stade-brestois-6775670.php\" target=\"_blank\" rel=\"noopener\">apr\u00e8s une saison o\u00f9 il a donn\u00e9 pleine satisfaction<\/a>, celui qui est arriv\u00e9 dans le Finist\u00e8re en 2022 a fait le choix de rejoindre la ville d\u2019Hambourg, pour un club qui a termin\u00e9 14e du dernier exercice.<\/p>\n<p>Il aura jou\u00e9 99 rencontres sous les couleurs brestoises, pour 9 buts et 13 passes d\u00e9cisives.<\/p>\n<p><script async src=\"\/\/www.instagram.com\/embed.js\"><\/script><\/p>\n","protected":false},"excerpt":{"rendered":"Mathias Pereira Lage \u00e9voluera en premi\u00e8re division allemande la saison prochaine. Comme attendu, le FC Sankt Pauli a&hellip;\n","protected":false},"author":2,"featured_media":192443,"comment_status":"","ping_status":"","sticky":false,"template":"","format":"standard","meta":{"footnotes":""},"categories":[1587],"tags":[11,672,3450,1804,1805,1803,3166,1777,674,63,1801,66,33136,12,1802,60,4449],"class_list":{"0":"post-192442","1":"post","2":"type-post","3":"status-publish","4":"format-standard","5":"has-post-thumbnail","7":"category-allemagne","8":"tag-actualites","9":"tag-allemagne","10":"tag-brest","11":"tag-bundesrepublik-deutschland","12":"tag-de","13":"tag-deutschland","14":"tag-en-continu-sports","15":"tag-eu","16":"tag-europe","17":"tag-football","18":"tag-germany","19":"tag-ligue-1","20":"tag-mercato-stade-brestois","21":"tag-news","22":"tag-republique-federale-dallemagne","23":"tag-sports","24":"tag-stade-brestois"},"share_on_mastodon":{"url":"https:\/\/pubeurope.com\/@fr\/114719085385894260","error":""},"_links":{"self":[{"href":"https:\/\/www.europesays.com\/fr\/wp-json\/wp\/v2\/posts\/192442","targetHints":{"allow":["GET"]}}],"collection":[{"href":"https:\/\/www.europesays.com\/fr\/wp-json\/wp\/v2\/posts"}],"about":[{"href":"https:\/\/www.europesays.com\/fr\/wp-json\/wp\/v2\/types\/post"}],"author":[{"embeddable":true,"href":"https:\/\/www.europesays.com\/fr\/wp-json\/wp\/v2\/users\/2"}],"replies":[{"embeddable":true,"href":"https:\/\/www.europesays.com\/fr\/wp-json\/wp\/v2\/comments?post=192442"}],"version-history":[{"count":0,"href":"https:\/\/www.europesays.com\/fr\/wp-json\/wp\/v2\/posts\/192442\/revisions"}],"wp:featuredmedia":[{"embeddable":true,"href":"https:\/\/www.europesays.com\/fr\/wp-json\/wp\/v2\/media\/192443"}],"wp:attachment":[{"href":"https:\/\/www.europesays.com\/fr\/wp-json\/wp\/v2\/media?parent=192442"}],"wp:term":[{"taxonomy":"category","embeddable":true,"href":"https:\/\/www.europesays.com\/fr\/wp-json\/wp\/v2\/categories?post=192442"},{"taxonomy":"post_tag","embeddable":true,"href":"https:\/\/www.europesays.com\/fr\/wp-json\/wp\/v2\/tags?post=192442"}],"curies":[{"name":"wp","href":"https:\/\/api.w.org\/{rel}","templated":true}]}}