{"id":192455,"date":"2025-06-21T02:59:10","date_gmt":"2025-06-21T02:59:10","guid":{"rendered":"https:\/\/www.europesays.com\/fr\/192455\/"},"modified":"2025-06-21T02:59:10","modified_gmt":"2025-06-21T02:59:10","slug":"atp-queens-carlos-alcaraz-impressionnant-contre-arthur-rinderknech-hier-cetait-plutot-de-la-terre-battue-aujourdhui-plutot-du-gazon","status":"publish","type":"post","link":"https:\/\/www.europesays.com\/fr\/192455\/","title":{"rendered":"ATP &#8211; Queen&rsquo;s > Carlos Alcaraz, impressionnant contre Arthur Rinderknech : \u00ab\u00a0Hier, c&rsquo;\u00e9tait plut\u00f4t de la terre battue. Aujourd&rsquo;hui, plut\u00f4t du gazon\u00a0\u00bb"},"content":{"rendered":"<p>Pass\u00e9 tout proche de la d\u00e9faite, en huiti\u00e8mes de finale de l\u2019ATP 500 du Queen\u2019s, face \u00e0 Jaume Munar apr\u00e8s une bataille de presque 3h30 de jeu, Carlos Alcaraz affron\u00adtait ce vendredi le Fran\u00e7ais Arthur Rinderknech pour une place dans le dernier carr\u00e9.<\/p>\n<p>Et malgr\u00e9 un excellent match d\u2019Arthur, l\u2019Espagnol a r\u00e9alis\u00e9 une perfor\u00admance de haute vol\u00e9e pour \u00e9viter le pi\u00e8ge r\u00e9so\u00adlu\u00adment offensif tendu par le tombeur de Shelton et Opelka. Vainqueur 7\u20135, 6\u20134\u202fen 1h20 de jeu, le r\u00e9cent vain\u00adqueur de Roland\u2010Garros a fait parler toute sa vista sur une surface qui lui va vrai\u00adment \u00e0\u00a0ravir.<\/p>\n<p>Interrog\u00e9 sur le court lors de l\u2019in\u00adter\u00adview d\u2019apr\u00e8s match, celui qui affron\u00adtera Rune ou Bautista pour une place en finale n\u2019\u00e9tait pas m\u00e9con\u00adtent de passer moins de temps sur le\u00a0court.\u00a0<\/p>\n<p><strong>\u00ab\u202fJe pensais que j\u2019al\u00adlais me sentir bien plus mal apr\u00e8s le match d\u2019hier (jeudi), mais nous sommes des joueurs de tennis, nous devons faire tout ce que nous pouvons pour nous sentir bien. Je suis content qu\u2019au\u00adjourd\u2019hui (vendredi), le match ait dur\u00e9 1h20. Hier, c\u2019\u00e9tait plut\u00f4t de la terre battue. Aujourd\u2019hui, plut\u00f4t du gazon (sourire). Je me sens bien mieux que lors de mon premier match, c\u2019est s\u00fbr et je suis content d\u2019avoir jou\u00e9 \u00e0 un si bon niveau aujourd\u2019hui. C\u2019\u00e9tait un gros d\u00e9fi, mais je suis content de mon jeu et de mes sensations.\u202f\u00bb<br \/><\/strong><\/p>\n<p class=\"post-published-date\" style=\"color: silver; font-size: 75%; text-align: left;\">Publi\u00e9 le vendredi 20 juin 2025 \u00e0 19:49<\/p>\n","protected":false},"excerpt":{"rendered":"Pass\u00e9 tout proche de la d\u00e9faite, en huiti\u00e8mes de finale de l\u2019ATP 500 du Queen\u2019s, face \u00e0 Jaume&hellip;\n","protected":false},"author":2,"featured_media":192456,"comment_status":"","ping_status":"","sticky":false,"template":"","format":"standard","meta":{"footnotes":""},"categories":[1415],"tags":[1744,1011,27,60,1467],"class_list":{"0":"post-192455","1":"post","2":"type-post","3":"status-publish","4":"format-standard","5":"has-post-thumbnail","7":"category-tennis","8":"tag-alcaraz","9":"tag-fr","10":"tag-france","11":"tag-sports","12":"tag-tennis"},"share_on_mastodon":{"url":"https:\/\/pubeurope.com\/@fr\/114719120627665574","error":""},"_links":{"self":[{"href":"https:\/\/www.europesays.com\/fr\/wp-json\/wp\/v2\/posts\/192455","targetHints":{"allow":["GET"]}}],"collection":[{"href":"https:\/\/www.europesays.com\/fr\/wp-json\/wp\/v2\/posts"}],"about":[{"href":"https:\/\/www.europesays.com\/fr\/wp-json\/wp\/v2\/types\/post"}],"author":[{"embeddable":true,"href":"https:\/\/www.europesays.com\/fr\/wp-json\/wp\/v2\/users\/2"}],"replies":[{"embeddable":true,"href":"https:\/\/www.europesays.com\/fr\/wp-json\/wp\/v2\/comments?post=192455"}],"version-history":[{"count":0,"href":"https:\/\/www.europesays.com\/fr\/wp-json\/wp\/v2\/posts\/192455\/revisions"}],"wp:featuredmedia":[{"embeddable":true,"href":"https:\/\/www.europesays.com\/fr\/wp-json\/wp\/v2\/media\/192456"}],"wp:attachment":[{"href":"https:\/\/www.europesays.com\/fr\/wp-json\/wp\/v2\/media?parent=192455"}],"wp:term":[{"taxonomy":"category","embeddable":true,"href":"https:\/\/www.europesays.com\/fr\/wp-json\/wp\/v2\/categories?post=192455"},{"taxonomy":"post_tag","embeddable":true,"href":"https:\/\/www.europesays.com\/fr\/wp-json\/wp\/v2\/tags?post=192455"}],"curies":[{"name":"wp","href":"https:\/\/api.w.org\/{rel}","templated":true}]}}