{"id":192470,"date":"2025-06-21T03:08:25","date_gmt":"2025-06-21T03:08:25","guid":{"rendered":"https:\/\/www.europesays.com\/fr\/192470\/"},"modified":"2025-06-21T03:08:25","modified_gmt":"2025-06-21T03:08:25","slug":"anne-elisabeth-deboussolee-face-a-une-jeune-invitee-en-crise-de-larmes-dans-c-a-vous-video","status":"publish","type":"post","link":"https:\/\/www.europesays.com\/fr\/192470\/","title":{"rendered":"Anne-\u00c9lisabeth d\u00e9boussol\u00e9e face \u00e0 une jeune invit\u00e9e en crise de larmes dans C \u00e0 vous (VIDEO)"},"content":{"rendered":"<p>Invit\u00e9e dans C \u00e0 vous sur France 5 ce vendredi 20 juin, l&rsquo;actrice Mallory Wanecque a fondu en larmes apr\u00e8s avoir \u00e9cout\u00e9 la chanson Sang pour sang de Johnny Hallyday. Une r\u00e9action qui a d\u00e9boussol\u00e9 Anne-\u00c9lisabeth Lemoine.<\/p>\n<p>Ce vendredi 20 juin, Anne-\u00c9lisabeth Lemoine a re\u00e7u du beau monde dans C \u00e0 vous sur France 5. Apr\u00e8s <a href=\"https:\/\/www.programme-tv.net\/news\/people\/349606-mort-de-frederic-mitterrand-jack-lang-evoque-les-derniers-mots-echanges-avec-lui-roselyne-bachelot-tres-emue-les-hommages-se-multiplient\/\" data-api-deeplink=\"teleloisirs:\/\/news\/349606\" target=\"_blank\" rel=\"noopener\">les confidences de Jack Lang <\/a>qui est venu pr\u00e9senter le documentaire Jack Lang beau r\u00f4le diffus\u00e9e ce soir \u00e0 22h40 sur France 5, La chanteuse Gabi Hartmann a interpr\u00e9t\u00e9 une chanson de son album La femme aux yeux de sel \u00e0 l&rsquo;occasion de la F\u00eate de la musique qui sera c\u00e9l\u00e9br\u00e9e demain le samedi 21 juin. \u00c9galement pr\u00e9sents pour le film Rapaces qui sortira en salle le 2 juillet prochain, Mallory Wanecque et <a href=\"https:\/\/www.programme-tv.net\/biographie\/5869-bouajila-sami\/\" data-link-people=\"3221f9b6-4b0a-4725-8f78-638aba864a58\" target=\"_blank\" rel=\"noopener\">Sami Bouajila<\/a> ont \u00e9voqu\u00e9 leurs pr\u00e9f\u00e9rences musicales. La chroniqueuse Olivia Leray s&rsquo;est d&rsquo;ailleurs plong\u00e9e dans la playlist de <a href=\"https:\/\/www.programme-tv.net\/news\/cinema\/377127-lamour-ouf-mais-comment-est-nee-letrange-sequence-du-chewing-gum\/\" data-api-deeplink=\"teleloisirs:\/\/news\/377127\" target=\"_blank\" rel=\"noopener\">l&rsquo;actrice r\u00e9v\u00e9l\u00e9e dans L&rsquo;amour ouf<\/a>. Mais elle ne s&rsquo;attendait pas \u00e0 faire fondre en larmes son invit\u00e9e&#8230;<\/p>\n<p>Mallory Wanecque fond en larmes face \u00e0 Anne-\u00c9lisabeth Lemoine dans C \u00e0 vous<\/p>\n<p>Pendant sa chronique \u00ab\u00a0F\u00eate de la musique : alors on chante !\u00a0\u00bb, Olivia Leray a diffus\u00e9 un extrait de<a href=\"https:\/\/www.programme-tv.net\/news\/musique\/170182-johnny-hallyday-johnny-toute-la-musique-qu-ils-aiment-la-petite-histoire-de-ses-plus-grands-tubes-videos\/\" data-api-deeplink=\"teleloisirs:\/\/news\/170182\" target=\"_blank\" rel=\"noopener\"> la chanson Sang pour sang de Johnny Hallyday<\/a>. Une musique qui a beaucoup \u00e9mu Mallory Wanecque. <b>\u00ab\u00a0C&rsquo;est instantan\u00e9. Ouais voil\u00e0, vous avez les larmes qui vous montent\u00a0\u00bb<\/b>, a comment\u00e9 la chroniqueuse. Une r\u00e9action qui a d\u00e9boussol\u00e9 Anne-\u00c9lisabeth Lemoine. \u00ab\u00a0Mais Mallory&#8230;\u00a0\u00bb, a essay\u00e9 de la consoler l&rsquo;animatrice de C \u00e0 vous. \u00ab\u00a0J&rsquo;aime trop cette musique&#8230; Je ne sais pas&#8230;\u00a0\u00bb, a tent\u00e9 d&rsquo;expliquer com\u00e9dienne de 18 ans avant de perdre ses mots et de fondre en larmes pendant de longues secondes.<\/p>\n<p>                        Mallory Wanecque explique pourquoi la chanson Sang pour sang de Johnny Hallyday la fait pleurer<\/p>\n<p>Apr\u00e8s avoir repris ses esprits, Mallory Wanecque a expliqu\u00e9 pourquoi la chanson Sang pour sang de Johnny Hallyday est si importante \u00e0 ses yeux. \u00ab\u00a0D\u00e9j\u00e0 je trouve que c&rsquo;est une chanson hyper touchante d&rsquo;une relation de p\u00e8re avec son fils\u00a0\u00bb, a-t-elle commenc\u00e9 toujours en larmes avant d&rsquo;ajouter : \u00ab\u00a0Et parce que Johnny Hallyday <b>c&rsquo;\u00e9tait le chanteur pr\u00e9f\u00e9r\u00e9 de mon grand-p\u00e8re<\/b> et du coup \u00e7a me rappelle plein de souvenirs.\u00a0\u00bb Finalement, l&rsquo;actrice fran\u00e7aise a rassur\u00e9 Anne-\u00c9lisabeth Lemoine et l&rsquo;\u00e9quipe de C \u00e0 vous. <b>\u00ab\u00a0Tout va bien. Je ne voulais pas pleurer\u00a0\u00bb<\/b>, a-t-elle confi\u00e9.<\/p>\n","protected":false},"excerpt":{"rendered":"Invit\u00e9e dans C \u00e0 vous sur France 5 ce vendredi 20 juin, l&rsquo;actrice Mallory Wanecque a fondu en&hellip;\n","protected":false},"author":2,"featured_media":192471,"comment_status":"","ping_status":"","sticky":false,"template":"","format":"standard","meta":{"footnotes":""},"categories":[1356],"tags":[5631,4470,244,58,59,1011,27,4467,1304,33122,252,1364,1630],"class_list":{"0":"post-192470","1":"post","2":"type-post","3":"status-publish","4":"format-standard","5":"has-post-thumbnail","7":"category-television","8":"tag-anne-elisabeth-lemoine","9":"tag-c-u00e0-vous","10":"tag-commentaire","11":"tag-divertissement","12":"tag-entertainment","13":"tag-fr","14":"tag-france","15":"tag-france-5","16":"tag-johnny-hallyday","17":"tag-mallory-wanecque","18":"tag-television","19":"tag-tv","20":"tag-zapping"},"share_on_mastodon":{"url":"https:\/\/pubeurope.com\/@fr\/114719156011077405","error":""},"_links":{"self":[{"href":"https:\/\/www.europesays.com\/fr\/wp-json\/wp\/v2\/posts\/192470","targetHints":{"allow":["GET"]}}],"collection":[{"href":"https:\/\/www.europesays.com\/fr\/wp-json\/wp\/v2\/posts"}],"about":[{"href":"https:\/\/www.europesays.com\/fr\/wp-json\/wp\/v2\/types\/post"}],"author":[{"embeddable":true,"href":"https:\/\/www.europesays.com\/fr\/wp-json\/wp\/v2\/users\/2"}],"replies":[{"embeddable":true,"href":"https:\/\/www.europesays.com\/fr\/wp-json\/wp\/v2\/comments?post=192470"}],"version-history":[{"count":0,"href":"https:\/\/www.europesays.com\/fr\/wp-json\/wp\/v2\/posts\/192470\/revisions"}],"wp:featuredmedia":[{"embeddable":true,"href":"https:\/\/www.europesays.com\/fr\/wp-json\/wp\/v2\/media\/192471"}],"wp:attachment":[{"href":"https:\/\/www.europesays.com\/fr\/wp-json\/wp\/v2\/media?parent=192470"}],"wp:term":[{"taxonomy":"category","embeddable":true,"href":"https:\/\/www.europesays.com\/fr\/wp-json\/wp\/v2\/categories?post=192470"},{"taxonomy":"post_tag","embeddable":true,"href":"https:\/\/www.europesays.com\/fr\/wp-json\/wp\/v2\/tags?post=192470"}],"curies":[{"name":"wp","href":"https:\/\/api.w.org\/{rel}","templated":true}]}}