{"id":192474,"date":"2025-06-21T03:10:10","date_gmt":"2025-06-21T03:10:10","guid":{"rendered":"https:\/\/www.europesays.com\/fr\/192474\/"},"modified":"2025-06-21T03:10:10","modified_gmt":"2025-06-21T03:10:10","slug":"voici-4-films-a-voir-absolument-au-cine-ce-week-end-7","status":"publish","type":"post","link":"https:\/\/www.europesays.com\/fr\/192474\/","title":{"rendered":"Voici 4 films \u00e0 voir absolument au cin\u00e9 ce week-end"},"content":{"rendered":"<p>\u00c7a y est, c\u2019est le week-end. Il \u00e9tait temps\u00a0: on a perdu l\u2019habitude de travailler cinq jours par semaine. Le moment est parfait pour d\u00e9compresser et vous \u00e9vader pendant quelques heures dans un autre univers. Encore faut-il savoir quel film d\u00e9couvrir dans les salles obscures. Si vous avez d\u00e9j\u00e0 vu <a href=\"https:\/\/www.presse-citron.net\/4-raisons-daller-voir-the-life-of-chuck-au-cinema\/\" target=\"_blank\" rel=\"noopener\">Life of Chuck<\/a>, le live-action <a href=\"https:\/\/www.presse-citron.net\/dragons-encore-un-live-action-mais-il-vaut-le-detour\/\" target=\"_blank\" rel=\"noopener\">Dragons<\/a> ou le dernier Wes Anderson, nous avons fait une s\u00e9lection des meilleurs longs m\u00e9trages \u00e0 peine sortis dans les salles de cin\u00e9ma de l\u2019Hexagone.<\/p>\n<p>   28 ans plus tard <\/p>\n<p>     <a href=\"https:\/\/www.youtube.com\/@PressecitronHD?sub_confirmation=1\" target=\"_blank\" rel=\"nofollow noopener\">         S&rsquo;abonner \u00e0 Presse-citron     <\/a> <\/p>\n<p>Apr\u00e8s 28 jours plus tard et 28 semaines plus tard, la saga zombiesque de renom est de retour dans les salles obscures. Les jours sont devenus des semaines, et les semaines sont devenues des ann\u00e9es. 2<a href=\"https:\/\/www.journaldugeek.com\/critique\/critique-28-ans-plus-tard-la-franchise-horrifique-signe-un-retour-affecte\/\" target=\"_blank\" rel=\"noopener\">8 ans plus tard<\/a> devrait s\u00e9duire les amateurs de zombie et de frissons.<\/p>\n<p>Nous voil\u00e0 pr\u00e8s de trois d\u00e9cennies apr\u00e8s que le Virus de la Fureur s\u2019est \u00e9chapp\u00e9 d\u2019un laboratoire d\u2019armement biologique, et les cons\u00e9quences qu\u2019on conna\u00eet. Un confinement tr\u00e8s strict a \u00e9t\u00e9 mis en place, et certains ont trouv\u00e9 un moyen de survivre parmi les personnes infect\u00e9es. C\u2019est ainsi qu\u2019une communaut\u00e9 de rescap\u00e9s a trouv\u00e9 refuge sur une petite \u00eele seulement reli\u00e9e au continent par une route, \u00e9videmment plac\u00e9e sous haute protection. Mais lorsqu\u2019un des habitants de l\u2019\u00eele est envoy\u00e9 en mission sur le continent, tout bascule. Il d\u00e9couvre que les infect\u00e9s ont mut\u00e9s, tout comme d\u2019autres survivants, dans un contexte \u00e0 la fois myst\u00e9rieux et terrifiant.<\/p>\n<p>Avec ce nouveau film, le r\u00e9alisateur Dany Boyle promet du grand spectacle et montre une nouvelle qu\u2019il s\u2019y conna\u00eet en zombies. Moins gore que les volets pr\u00e9c\u00e9dents, mais toujours brutal, 28 ans plus tard offre des personnages extr\u00eamement bien \u00e9crits et un rythme effr\u00e9n\u00e9 et de multiples id\u00e9es qui font leur effet.<\/p>\n<p>Sans r\u00e9volutionner la saga initi\u00e9e il y a 23 ans, 28 ans plus tard a pourtant r\u00e9ussi \u00e0 convaincre les spectateurs d\u2019AlloCin\u00e9 (3,5 sur 5) et la presse (3,4 sur 5). \u00c0 voir si vous \u00eates en manque de zombie depuis la fin de la saison 2 de The Last of Us.<\/p>\n<p> Elio <\/p>\n<p>Pixar a d\u00e9cid\u00e9 de r\u00e9chauffer nos coeurs avec son nouveau film d\u2019animation\u00a0: Elio. Si vous cherchez un film parfait \u00e0 d\u00e9couvrir en famille, c\u2019est la perle rare. Pour les petits comme pour les grands, le dernier m\u00e9trage des \u00e9curies Pixar est une merveille.<\/p>\n<p>On rencontre Elio, un petit orphelin recuilli par sa tante Olga. Seul et triste, le petit gar\u00e7on noue une passion d\u00e9vorante pour l\u2019espace et nourrit l\u2019espoir que nous ne sommes pas seuls et qu\u2019un jour, les aliens viendront le chercher pour l\u2019emmener dans un endroit o\u00f9 il se sentira enfin \u00e0 sa place.<\/p>\n<p>Quand, enfin, des signes de pr\u00e9sence extraterrestre se manifestent, Elio leur demande de venir le chercher. C\u2019est ainsi que le petit gar\u00e7on rempli d\u2019\u00e9nergie est t\u00e9l\u00e9port\u00e9 dans le Communiverse, une organisation intergalactique, o\u00f9 il est pris par erreur pour l\u2019ambassadeur de la Terre. Pour camoufler son imposture, Elio se d\u00e9voue pour affronter une menace effroyable. C\u2019est le d\u00e9but d\u2019une qu\u00eate initiatique aussi touchante que burlesque.<\/p>\n<p>Elio parle \u00e0 tout le monde et r\u00e9sonne pour tous les spectateurs dans les salles obscures. Les codes classiques de la science-fiction sont au rendez-vous mais l\u2019ex\u00e9cution est minutieuse et intelligente. Voil\u00e0 le secret. Visuellement, Elio est remarquable, le cosmos \u00e9tant un terrain de jeu merveilleux pour les \u00e9quipes de Pixar. \u00c9mouvant, dr\u00f4le, beau\u2026 Elio est le film \u00e0 ne manquer sous aucun pr\u00e9texte.<\/p>\n<p style=\"margin-left: 40px; border-left: solid 4px #1EC659; padding-left: 10px;\"><strong>Lire aussi \u2013 <\/strong><a href=\"https:\/\/www.presse-citron.net\/critique-elio-letoile-filante-de-pixar-qui-fait-chaud-au-coeur\/\" target=\"_blank\" rel=\"noopener\">Critique Elio\u00a0: l\u2019\u00e9toile filante de Pixar qui fait chaud au c\u0153ur<\/a><\/p>\n<p> Avignon <\/p>\n<p>Envie d\u2019un film \u201cfeel-good\u201d\u00a0? Vous allez adorer Avignon. St\u00e9phane est un com\u00e9dien en perte de vitesse. Participant au Festival d\u2019Avignon avec sa troupe pour jouer une pi\u00e8ce de boulevard, il retombe par hasard sur Fanny, une com\u00e9dienne de renom. Celle-ci pense, \u00e0 tort, qu\u2019il joue Le Cid, sa pi\u00e8ce pr\u00e9f\u00e9r\u00e9e. Sous le charme, St\u00e9phane profite de ce quiproquo pour se rapprocher d\u2019elle et la s\u00e9duire. Mais le mensonge persiste tout le temps du festival, et le jeune homme va vite \u00eatre d\u00e9pass\u00e9.<\/p>\n<p>Rafra\u00eechissant, dr\u00f4le, doux, juste\u2026 Avignon est une com\u00e9die romantique qui fait du bien, et qui fait la part belle au th\u00e9\u00e2tre. C\u2019est une bonne surprise pour la presse (3,6 sur 5) et les spectateurs d\u2019AlloCin\u00e9 (4 sur 5).<\/p>\n<p>Outre une \u00e9criture ma\u00eetris\u00e9e, Avignon profite de com\u00e9diens remarquables, comme Baptiste Lecaplain (Bref), Elisa Erka (M\u00e9moire vive) ou encore Alison Wheeler (Mon p\u00e8re est femme de m\u00e9nage). Il serait dommage de passer \u00e0 c\u00f4t\u00e9.<\/p>\n<p> Enzo <\/p>\n<p>Pr\u00e9sent\u00e9 lors de la Quinzaine des cin\u00e9astes du Festival de Cannes il y a quelques semaines, Enzo nous emm\u00e8ne sous le soleil tapant de La Ciotat. Enzo a 16 ans et vient d\u2019un milieu bourgeois. Son choix d\u2019\u00eatre apprenti ma\u00e7on est loin de ravir son p\u00e8re, qui le voyait faire des \u00e9tudes sup\u00e9rieures. Souhaitant \u00e9chapper au cadre confortable mais \u00e9touffant de la villa familiale, Enzo entrevoit un nouvel horizon aux c\u00f4t\u00e9s de Vlad, un coll\u00e8gue ukrainien rencontr\u00e9 sur un chantier.<\/p>\n<p>Enzo, c\u2019est l\u2019histoire d\u2019un adolescent qui se cherche. Subtil, juste et authentique, Enzo bouleverse la presse (3,9 sur 5) et les spectateurs d\u2019AlloCin\u00e9 (3,7 sur 5). Le jeune Eloy Pohu cr\u00e8ve l\u2019\u00e9cran aux c\u00f4t\u00e9s de Pierfrancesco (Padrenostro) et Elodie Bouchez (Je verrai toujours vos visages).<\/p>\n<blockquote>\n<p class=\"text-base text-neutral-700 dark:text-neutral-300\">\ud83d\udccd Pour ne manquer aucune actualit\u00e9 de Presse-citron, suivez-nous sur <a href=\"https:\/\/news.google.com\/publications\/CAAqBggKMIPiNTC70wU?hl=fr&amp;gl=FR&amp;ceid=FR%3Afr\" target=\"_blank\" rel=\"noopener\">Google Actualit\u00e9s<\/a> et <a href=\"https:\/\/whatsapp.com\/channel\/0029VaCkGuz4NViitBXbEr0b\" target=\"_blank\" rel=\"noopener\">WhatsApp<\/a>.<\/p>\n<\/blockquote>\n","protected":false},"excerpt":{"rendered":"\u00c7a y est, c\u2019est le week-end. Il \u00e9tait temps\u00a0: on a perdu l\u2019habitude de travailler cinq jours par&hellip;\n","protected":false},"author":2,"featured_media":192475,"comment_status":"","ping_status":"","sticky":false,"template":"","format":"standard","meta":{"footnotes":""},"categories":[1354],"tags":[58,59,1346,1011,27,3666,1360],"class_list":{"0":"post-192474","1":"post","2":"type-post","3":"status-publish","4":"format-standard","5":"has-post-thumbnail","7":"category-films","8":"tag-divertissement","9":"tag-entertainment","10":"tag-films","11":"tag-fr","12":"tag-france","13":"tag-guide-cine","14":"tag-movies"},"share_on_mastodon":{"url":"https:\/\/pubeurope.com\/@fr\/114719164069131506","error":""},"_links":{"self":[{"href":"https:\/\/www.europesays.com\/fr\/wp-json\/wp\/v2\/posts\/192474","targetHints":{"allow":["GET"]}}],"collection":[{"href":"https:\/\/www.europesays.com\/fr\/wp-json\/wp\/v2\/posts"}],"about":[{"href":"https:\/\/www.europesays.com\/fr\/wp-json\/wp\/v2\/types\/post"}],"author":[{"embeddable":true,"href":"https:\/\/www.europesays.com\/fr\/wp-json\/wp\/v2\/users\/2"}],"replies":[{"embeddable":true,"href":"https:\/\/www.europesays.com\/fr\/wp-json\/wp\/v2\/comments?post=192474"}],"version-history":[{"count":0,"href":"https:\/\/www.europesays.com\/fr\/wp-json\/wp\/v2\/posts\/192474\/revisions"}],"wp:featuredmedia":[{"embeddable":true,"href":"https:\/\/www.europesays.com\/fr\/wp-json\/wp\/v2\/media\/192475"}],"wp:attachment":[{"href":"https:\/\/www.europesays.com\/fr\/wp-json\/wp\/v2\/media?parent=192474"}],"wp:term":[{"taxonomy":"category","embeddable":true,"href":"https:\/\/www.europesays.com\/fr\/wp-json\/wp\/v2\/categories?post=192474"},{"taxonomy":"post_tag","embeddable":true,"href":"https:\/\/www.europesays.com\/fr\/wp-json\/wp\/v2\/tags?post=192474"}],"curies":[{"name":"wp","href":"https:\/\/api.w.org\/{rel}","templated":true}]}}