{"id":192476,"date":"2025-06-21T03:11:14","date_gmt":"2025-06-21T03:11:14","guid":{"rendered":"https:\/\/www.europesays.com\/fr\/192476\/"},"modified":"2025-06-21T03:11:14","modified_gmt":"2025-06-21T03:11:14","slug":"vous-faites-de-lapnee-du-sommeil-vous-naurez-peut-etre-bientot-plus-besoin-de-porter-le-masque-de-nuit","status":"publish","type":"post","link":"https:\/\/www.europesays.com\/fr\/192476\/","title":{"rendered":"Vous faites de l\u2019apn\u00e9e du sommeil ? Vous n&rsquo;aurez peut-\u00eatre bient\u00f4t plus besoin de porter le masque de nuit !"},"content":{"rendered":"<p> <img decoding=\"async\" fetchpriority=\"high\" src=\"https:\/\/www.europesays.com\/fr\/wp-content\/uploads\/2025\/06\/vous-faites-de-l-apnee-du-sommeil-bientot-une-pilule-au-lieu-du-masque-1750359708544_1024.jpg\"  width=\"768\" height=\"432\" alt=\"Un milliard de personnes victimes d'AOS dans le monde\" title=\"Un milliard de personnes victimes d'AOS dans le monde\" data-image=\"d9aw6jeoiitr\"\/>Un milliard de personnes victimes d&rsquo;AOS dans le monde   <img decoding=\"async\" fetchpriority=\"high\" src=\"https:\/\/www.europesays.com\/fr\/wp-content\/uploads\/2025\/05\/cindy-neves.jpg\" alt=\"Cindy Neves\" width=\"40\" height=\"40\"\/>    <a class=\"nombre text-hv\" href=\"https:\/\/www.tameteo.com\/auteur\/cindy-neves\/\" title=\"Cindy Neves\" target=\"_blank\" rel=\"noopener\">Cindy Neves<\/a>       20\/06\/2025 09:00   4 min   <\/p>\n<p><strong>Apn\u00e9e du sommeil<\/strong>. Ou apn\u00e9e obstructive du sommeil, aussi connue sous l\u2019acronyme AOS. Ce syndrome toucherait environ un milliard de personnes sur la plan\u00e8te. Un chiffre si cons\u00e9quent qu\u2019il semblerait que les <strong>scientifiques <\/strong>ont voulu \u00e9tudier de pr\u00e8s la question. Le 22 mai dernier, la revue Science a publi\u00e9 les r\u00e9sultats d\u2019un essai clinique d\u2019envergure, pr\u00e9sent\u00e9s par la soci\u00e9t\u00e9 Apnimed, concernant <strong>une pilule<\/strong> qui pourrait aider les personnes touch\u00e9es par <strong>l\u2019AOS<\/strong>.<\/p>\n<p>Du masque de nuit \u00e0 la simple pilule<\/p>\n<p>A l\u2019heure actuelle, un seul traitement est connu et utilis\u00e9 pour combattre ce syndrome : le <strong>masque de nuit<\/strong>. Celui-ci permet aux voies respiratoires de ne pas \u00eatre bouch\u00e9es pendant le sommeil, mais il s\u2019agit l\u00e0 d\u2019un objet particuli\u00e8rement encombrant et qui peut d\u00e9ranger significativement le <strong>sommeil <\/strong>de la personne qui le porte. Seulement voil\u00e0, pas le choix ! \u00catre atteint d\u2019AOS comporte des <strong>risques <\/strong>qui peuvent se r\u00e9v\u00e9ler graves pour la <strong>sant\u00e9<\/strong>.<\/p>\n<p>Des premiers r\u00e9sultats encourageants <\/p>\n<p>Pendant la nuit, la personne fait en effet plusieurs<strong> arr\u00eats respiratoires<\/strong>, les niveaux d\u2019<strong>oxyg\u00e8ne dans le sang <\/strong>chutent et plusieurs <strong>r\u00e9veils <\/strong>inconscients surviennent au cours de son cycle de sommeil. Entre les complications cardiaques et les risques d\u2019AVC, <strong>l\u2019apn\u00e9e du sommeil<\/strong> repr\u00e9sente un danger r\u00e9el si elle n\u2019est pas prise au s\u00e9rieux. Mais les m\u00e9decins semblent bien conscients du fait que le masque de nuit peut vraiment <strong>perturber le sommeil<\/strong>. C\u2019est pourquoi ils ont invent\u00e9 une pilule qui pourrait remplacer le masque. Et les premiers r\u00e9sultats sont plut\u00f4t tr\u00e8s encourageants.<\/p>\n<p><a class=\"imagen \" href=\"https:\/\/www.tameteo.com\/actualites\/astronomie\/mars-en-seulement-trois-mois-starship-pourrait-revolutionner-les-voyages-spatiaux-decouvrez-comment-astronomie.html\" title=\"Mars en seulement trois mois ? Starship pourrait r\u00e9volutionner les voyages spatiaux ! D\u00e9couvrez comment\" target=\"_blank\" rel=\"noopener\"><img loading=\"lazy\" decoding=\"async\" fetchpriority=\"low\" class=\"lazy img-body non-editable\" src=\"https:\/\/www.europesays.com\/fr\/wp-content\/uploads\/2025\/06\/las-misiones-a-marte-con-starship-pueden-reducirse-a-solo-tres-meses-1749507243561_320.jpg\"  width=\"320\" height=\"225\" alt=\"Mars en seulement trois mois ? Starship pourrait r\u00e9volutionner les voyages spatiaux ! D\u00e9couvrez comment\"\/><\/a><\/p>\n<p>La neuroscientifique et physicienne du sommeil de l\u2019Universit\u00e9 de <a href=\"https:\/\/www.tameteo.com\/meteo-amerique-du-nord-etats-unis-pennsylvania-1-3-58-88.html\" data-mrf-recirculation=\"cuerpo_intext\" target=\"_blank\" rel=\"noopener\">Pennsylvanie<\/a>, Sigrid Veasey a \u00e9voqu\u00e9 l\u2019\u00e9tude. \u201cIl est assez clair que cette combinaison de <strong>m\u00e9dicaments <\/strong>r\u00e9duit les cas d\u2019<strong>apn\u00e9e obstructive du sommeil<\/strong>. Elle r\u00e9duit \u00e9galement la gravit\u00e9 des baisses d\u2019oxyg\u00e8ne pendant le sommeil\u201d. Cette pilule, issue d\u2019une combinaison m\u00e9dicamenteuse, semble repr\u00e9senter un v\u00e9ritable espoir et un r\u00e9el tournant. En effet, l\u2019\u00e9tude a dur\u00e9 six mois et a impliqu\u00e9 646 participants. Les r\u00e9sultats rapportent que, lors de la <strong>nuit de sommeil<\/strong>, une baisse de 56% d\u2019obstructions respiratoires a \u00e9t\u00e9 observ\u00e9e. <\/p>\n<p><img loading=\"lazy\" decoding=\"async\" fetchpriority=\"low\" class=\"lazy \" src=\"https:\/\/www.europesays.com\/fr\/wp-content\/uploads\/2025\/06\/vous-faites-de-l-apnee-du-sommeil-bientot-une-pilule-au-lieu-du-masque-1750359773079_1024.jpg\"  width=\"768\" height=\"432\" alt=\"Une pilule bient\u00f4t commercialis\u00e9e ?\" title=\"Une pilule bient\u00f4t commercialis\u00e9e ?\" data-image=\"tllc8f3lmsp8\"\/>Une pilule bient\u00f4t commercialis\u00e9e ?<\/p>\n<p>Une excellente nouvelle, qui va n\u00e9anmoins devoir prendre son temps pour se r\u00e9pandre, car pour le moment, ce <strong>traitement <\/strong>est exp\u00e9rimental, totalement nouveau et, par cons\u00e9quent, plusieurs questions restent sans r\u00e9ponse. Les scientifiques souhaitent par exemple avoir plus d\u2019informations sur les <strong>effets secondaires<\/strong> qu\u2019une telle pilule pourrait avoir sur <strong>l\u2019organisme<\/strong>, mais aussi, sur les r\u00e9percussions \u00e0 long terme sur la <strong>sant\u00e9 <\/strong>de l\u2019individu. A plus court terme, les scientifiques s\u2019interrogent \u00e9galement sur les <strong>effets de somnolence<\/strong> que la personne pourrait subir, au cours de la journ\u00e9e.<\/p>\n<p><a class=\"imagen \" href=\"https:\/\/www.tameteo.com\/actualites\/plantes\/ce-n-est-pas-un-bonsai-mais-il-porte-bonheur-cette-plante-miniature-est-parfaite-pour-votre-maison-environnement.html\" title=\"Ce n&#039;est pas un bonsa\u00ef mais il porte bonheur : cette plante miniature est parfaite pour votre maison !\" target=\"_blank\" rel=\"noopener\"><img loading=\"lazy\" decoding=\"async\" fetchpriority=\"low\" class=\"lazy img-body non-editable\" src=\"https:\/\/www.europesays.com\/fr\/wp-content\/uploads\/2025\/06\/non-e-un-bonsai-ma-cresce-in-miniatura-e-porta-fortuna-la-pianta-perfetta-per-la-tua-casa-1749579199.jpeg\"  width=\"320\" height=\"225\" alt=\"Ce n'est pas un bonsa\u00ef mais il porte bonheur : cette plante miniature est parfaite pour votre maison !\"\/><\/a><\/p>\n<p>Des informations capitales pour pouvoir poursuivre les <strong>recherches <\/strong>et, peut-\u00eatre, finir par commercialiser la <strong>pilule <\/strong>en question. Les <strong>chercheurs <\/strong>am\u00e9ricains, eux, esp\u00e8rent une mise en circulation d\u00e8s l\u2019ann\u00e9e prochaine et donc, une validation par la Food and Drug Administration (FDA). Au <a href=\"https:\/\/www.tameteo.com\/meteo-Amerique+du+Nord-Etats+Unis-1-3-58.html\" data-mrf-recirculation=\"cuerpo_intext\" target=\"_blank\" rel=\"noopener\">pays de l\u2019Oncle Sam<\/a>, les 60 \u00e0 80 millions de personnes atteintes de ce <strong>syndrome <\/strong>pourraient bien voir leur quotidien chamboul\u00e9 si la pilule venait \u00e0 faire son apparition dans les <strong>pharmacies<\/strong>.<\/p>\n<p>R\u00e9f\u00e9rence de l\u2019article :<\/p>\n<p><a href=\"https:\/\/www.science-et-vie.com\/corps-et-sante\/apnee-du-sommeil-un-traitement-revolutionnaire-sans-masque-reduit-de-56-les-arrets-respiratoires-201349.html\" target=\"_blank\" rel=\"noopener\">Apn\u00e9e du sommeil : un traitement r\u00e9volutionnaire sans masque r\u00e9duit de 56% les arr\u00eats respiratoires <\/a><\/p>\n","protected":false},"excerpt":{"rendered":"Un milliard de personnes victimes d&rsquo;AOS dans le monde Cindy Neves 20\/06\/2025 09:00 4 min Apn\u00e9e du sommeil.&hellip;\n","protected":false},"author":2,"featured_media":192477,"comment_status":"","ping_status":"","sticky":false,"template":"","format":"standard","meta":{"footnotes":""},"categories":[10],"tags":[1011,27,72,16292,71,279],"class_list":{"0":"post-192476","1":"post","2":"type-post","3":"status-publish","4":"format-standard","5":"has-post-thumbnail","7":"category-sante","8":"tag-fr","9":"tag-france","10":"tag-health","11":"tag-medicaments","12":"tag-sante","13":"tag-sommeil"},"share_on_mastodon":{"url":"https:\/\/pubeurope.com\/@fr\/114719168047372526","error":""},"_links":{"self":[{"href":"https:\/\/www.europesays.com\/fr\/wp-json\/wp\/v2\/posts\/192476","targetHints":{"allow":["GET"]}}],"collection":[{"href":"https:\/\/www.europesays.com\/fr\/wp-json\/wp\/v2\/posts"}],"about":[{"href":"https:\/\/www.europesays.com\/fr\/wp-json\/wp\/v2\/types\/post"}],"author":[{"embeddable":true,"href":"https:\/\/www.europesays.com\/fr\/wp-json\/wp\/v2\/users\/2"}],"replies":[{"embeddable":true,"href":"https:\/\/www.europesays.com\/fr\/wp-json\/wp\/v2\/comments?post=192476"}],"version-history":[{"count":0,"href":"https:\/\/www.europesays.com\/fr\/wp-json\/wp\/v2\/posts\/192476\/revisions"}],"wp:featuredmedia":[{"embeddable":true,"href":"https:\/\/www.europesays.com\/fr\/wp-json\/wp\/v2\/media\/192477"}],"wp:attachment":[{"href":"https:\/\/www.europesays.com\/fr\/wp-json\/wp\/v2\/media?parent=192476"}],"wp:term":[{"taxonomy":"category","embeddable":true,"href":"https:\/\/www.europesays.com\/fr\/wp-json\/wp\/v2\/categories?post=192476"},{"taxonomy":"post_tag","embeddable":true,"href":"https:\/\/www.europesays.com\/fr\/wp-json\/wp\/v2\/tags?post=192476"}],"curies":[{"name":"wp","href":"https:\/\/api.w.org\/{rel}","templated":true}]}}