{"id":192478,"date":"2025-06-21T03:12:12","date_gmt":"2025-06-21T03:12:12","guid":{"rendered":"https:\/\/www.europesays.com\/fr\/192478\/"},"modified":"2025-06-21T03:12:12","modified_gmt":"2025-06-21T03:12:12","slug":"florian-wirtz-signe-a-liverpool-et-devient-le-troisieme-joueur-le-plus-cher-de-lhistoire","status":"publish","type":"post","link":"https:\/\/www.europesays.com\/fr\/192478\/","title":{"rendered":"Florian Wirtz signe \u00e0 Liverpool et devient le troisi\u00e8me joueur le plus cher de l\u2019histoire"},"content":{"rendered":"<p>        <img decoding=\"async\" loading=\"lazy\" src=\"https:\/\/www.europesays.com\/fr\/wp-content\/uploads\/2025\/06\/d35ca10_upload-1-7vxk6ijwd4oa-wirtz.png\"  width=\"728\" height=\"468\" alt=\"Florian Wirtz, milieu offensif allemand de 22\u00a0ans, a sign\u00e9 \u00e0 Liverpool ce vendredi 20\u00a0juin pour pr\u00e8s de 150\u00a0millions d\u2019euros, faisant de lui le troisi\u00e8me joueur le plus cher de l\u2019histoire.\"\/>  <\/p>\n<p>Liverpool Football Club<\/p>\n<p>Florian Wirtz, milieu offensif allemand de 22\u00a0ans, a sign\u00e9 \u00e0 Liverpool ce vendredi 20\u00a0juin pour pr\u00e8s de 150\u00a0millions d\u2019euros, faisant de lui le troisi\u00e8me joueur le plus cher de l\u2019histoire.<\/p>\n<p class=\"asset asset-text\">FOOTBALL &#8211; C\u2019est une petite r\u00e9volution, surtout dans l\u2019\u00e8re post-Covid o\u00f9 les d\u00e9penses avaient pu avoir tendance \u00e0 r\u00e9duire dans le monde du <a href=\"https:\/\/www.huffingtonpost.fr\/sport\/article\/le-psg-surpris-par-botafogo-au-mondial-des-clubs-premiere-defaite-depuis-son-sacre-en-ligue-des-champions_251584.html\" target=\"_blank\" rel=\"noopener\">football<\/a>. <a href=\"https:\/\/www.huffingtonpost.fr\/international\/video\/la-parade-de-liverpool-vire-a-l-horreur-des-temoins-racontent-le-chaos-apres-qu-une-voiture-a-fonce-dans-la-foule_250552.html\" target=\"_blank\" rel=\"noopener\">Liverpool <\/a>a cass\u00e9 sa tirelire pour s\u2019offrir le milieu offensif allemand Florian Wirtz, p\u00e9pite de la Mannschaft et du Bayer Leverkusen. Le r\u00e9cent champion d\u2019Angleterre a d\u00e9bours\u00e9 entre 135 et 150\u00a0millions d\u2019euros bonus compris, selon l\u2019estimation des m\u00e9dias britanniques et allemands, pour recruter le droitier au pied magique.<\/p>\n<p class=\"asset asset-text\">Les sommes \u00e9voqu\u00e9es, non confirm\u00e9es par les deux clubs, feraient du joueur allemand la troisi\u00e8me recrue la plus co\u00fbteuse de l\u2019histoire. Devant lui, on retrouve seulement le Br\u00e9silien Neymar (222\u00a0millions d\u2019euros du FC Barcelone au PSG en 2017) et le Fran\u00e7ais <a href=\"https:\/\/www.huffingtonpost.fr\/sport\/article\/kylian-mbappe-a-du-etre-hospitalise-pour-une-gastro-le-real-madrid-donne-de-ses-nouvelles_251581.html\" target=\"_blank\" rel=\"noopener\">Kylian Mbapp\u00e9<\/a> (180\u00a0millions d\u2019euros de Monaco au PSG en 2018). Une \u00e9poque o\u00f9 le PSG ne voyait aucune limite dans ses d\u00e9penses pour tenter de soulever la Ligue des champions.<\/p>\n<p class=\"asset asset-text\">Florian Wirtz devra par ailleurs \u00e9galement assumer \u00e0 22\u00a0ans l\u2019\u00e9tiquette de recrue la plus co\u00fbteuse de l\u2019histoire en Premier League, devant l\u2019Argentin Enzo Fernandez et l\u2019Equatorien Moises Caicedo, tous deux recrut\u00e9s \u00e0 prix d\u2019or en 2023 par Chelsea.<\/p>\n<p>    Un profil \u00e0 la Messi    <\/p>\n<p class=\"asset asset-text\">Les Reds ont sorti le carnet de ch\u00e8ques pour la saison 2 du coach Arne Slot, \u00e0 rebours d\u2019un \u00e9t\u00e9 pr\u00e9c\u00e9dent tr\u00e8s \u00e9conome, quand Federico Chiesa avait \u00e9t\u00e9 le seul renfort. Mais avec Florian Wirtz, Liverpool s\u2019offre un des attaquants les plus cot\u00e9s, d\u00e9j\u00e0 rod\u00e9 avec 31 s\u00e9lections sous le maillot national, et dot\u00e9 d\u2019un pied droit magique, qui lui vaut l\u2019un de ses surnoms en Allemagne, \u00ab\u00a0Zauberfuss\u00a0\u00bb.<\/p>\n<p class=\"asset asset-text\">Le ma\u00eetre \u00e0 jouer du Bayer a \u00e9t\u00e9 le joueur cl\u00e9 de l\u2019exceptionnelle saison 2023\/2024 conclue avec une Coupe d\u2019Allemagne, un titre en Bundesliga au bout d\u2019un parcours sans d\u00e9faite, et un seul revers sur les 53 rencontres de la saison, en finale de la Ligue Europa contre l\u2019Atalanta. \u00ab\u00a0\u201cFlo\u201d est l\u2019un des meilleurs joueurs du monde\u00a0\u00bb, n\u2019a pas h\u00e9sit\u00e9 \u00e0 dire son entra\u00eeneur d\u2019alors, Xabi Alonso, ancienne gloire de Liverpool.<\/p>\n<p class=\"asset asset-text\">Le d\u00e9sormais manager du Real Madrid l\u2019a m\u00eame compar\u00e9 \u00e0 Lionel Messi, pour l\u2019intelligence et l\u2019altruisme de son jeu. \u00ab\u00a0Pourquoi Messi est-il si bon\u00a0? Parce qu\u2019il sait quand et comment faire des passes simples. Messi dit\u00a0: \u201cTu es en meilleure position\u00a0? Voil\u00e0 le ballon\u201d\u00a0\u00bb, a dit l\u2019Espagnol, champion d\u2019Europe en 2005 avec Liverpool. \u00ab\u00a0Il ne s\u2019agit pas toujours de faire le geste le plus spectaculaire, mais le meilleur et le plus intelligent. C\u2019est ce que fait Florian\u00a0\u00bb.<\/p>\n<p class=\"asset asset-text\">Le natif de Pulheim, dans l\u2019ouest de l\u2019Allemagne, a int\u00e9gr\u00e9 le centre de formation du grand club local, le FC Cologne, \u00e0 l\u2019\u00e2ge de 7\u00a0ans en 2010, \u00e0 une vingtaine de minutes du domicile familial. Leverkusen, le rival r\u00e9gional, l\u2019a ensuite chip\u00e9 au printemps 2020 avant de le lancer dans le grand bain de la Bundesliga quelques jours apr\u00e8s son 17e anniversaire.<\/p>\n<p class=\"asset asset-text\">Il a connu une premi\u00e8re grosse blessure \u00e0 la fin de la saison 2021\/2022, une rupture des ligaments crois\u00e9s du genou gauche qui l\u2019a priv\u00e9 du Mondial au Qatar avec la Mannschaft. En s\u00e9lection, Julian Nagelsmann est parvenu \u00e0 le faire \u00e9voluer \u00e0 son meilleur niveau associ\u00e9 \u00e0 l\u2019autre joyau allemand, Jamal Musiala\u00a0; un duo \u00ab\u00a0Wusiala\u00a0\u00bb qui a enthousiasm\u00e9 l\u2019Allemagne \u00e0 l\u2019\u00e9t\u00e9 2024 lors de l\u2019Euro \u00e0 domicile et que le Bayern r\u00eavait de former en club.<\/p>\n","protected":false},"excerpt":{"rendered":"Liverpool Football Club Florian Wirtz, milieu offensif allemand de 22\u00a0ans, a sign\u00e9 \u00e0 Liverpool ce vendredi 20\u00a0juin pour&hellip;\n","protected":false},"author":2,"featured_media":192479,"comment_status":"","ping_status":"","sticky":false,"template":"","format":"standard","meta":{"footnotes":""},"categories":[9],"tags":[63,1011,27,3490,15383,517,60,33137],"class_list":{"0":"post-192478","1":"post","2":"type-post","3":"status-publish","4":"format-standard","5":"has-post-thumbnail","7":"category-sports","8":"tag-football","9":"tag-fr","10":"tag-france","11":"tag-liverpool","12":"tag-liverpool-fc","13":"tag-sport","14":"tag-sports","15":"tag-transferts-football"},"share_on_mastodon":{"url":"https:\/\/pubeurope.com\/@fr\/114719171990911129","error":""},"_links":{"self":[{"href":"https:\/\/www.europesays.com\/fr\/wp-json\/wp\/v2\/posts\/192478","targetHints":{"allow":["GET"]}}],"collection":[{"href":"https:\/\/www.europesays.com\/fr\/wp-json\/wp\/v2\/posts"}],"about":[{"href":"https:\/\/www.europesays.com\/fr\/wp-json\/wp\/v2\/types\/post"}],"author":[{"embeddable":true,"href":"https:\/\/www.europesays.com\/fr\/wp-json\/wp\/v2\/users\/2"}],"replies":[{"embeddable":true,"href":"https:\/\/www.europesays.com\/fr\/wp-json\/wp\/v2\/comments?post=192478"}],"version-history":[{"count":0,"href":"https:\/\/www.europesays.com\/fr\/wp-json\/wp\/v2\/posts\/192478\/revisions"}],"wp:featuredmedia":[{"embeddable":true,"href":"https:\/\/www.europesays.com\/fr\/wp-json\/wp\/v2\/media\/192479"}],"wp:attachment":[{"href":"https:\/\/www.europesays.com\/fr\/wp-json\/wp\/v2\/media?parent=192478"}],"wp:term":[{"taxonomy":"category","embeddable":true,"href":"https:\/\/www.europesays.com\/fr\/wp-json\/wp\/v2\/categories?post=192478"},{"taxonomy":"post_tag","embeddable":true,"href":"https:\/\/www.europesays.com\/fr\/wp-json\/wp\/v2\/tags?post=192478"}],"curies":[{"name":"wp","href":"https:\/\/api.w.org\/{rel}","templated":true}]}}