{"id":192486,"date":"2025-06-21T03:16:10","date_gmt":"2025-06-21T03:16:10","guid":{"rendered":"https:\/\/www.europesays.com\/fr\/192486\/"},"modified":"2025-06-21T03:16:10","modified_gmt":"2025-06-21T03:16:10","slug":"les-gens-souffrent-tellement-les-israeliens-fatigues-par-la-guerre-menee-par-son-gouvernement","status":"publish","type":"post","link":"https:\/\/www.europesays.com\/fr\/192486\/","title":{"rendered":"\u00ab\u00a0Les gens souffrent tellement\u00a0\u00bb : les Isra\u00e9liens fatigu\u00e9s par la guerre men\u00e9e par son gouvernement"},"content":{"rendered":"<p><img decoding=\"async\" class=\"c-ad__placeholder__logo\" src=\"https:\/\/static.euronews.com\/website\/images\/logos\/logo-euronews-grey-6-180x22.svg\" width=\"180\" height=\"22\" alt=\"\" loading=\"lazy\"\/>PUBLICIT\u00c9<\/p>\n<p>Jimmy est sur le qui-vive. Le samedi 7 octobre, ce secouriste b\u00e9n\u00e9vole \u00e9tait l&rsquo;un des premiers \u00e0 arriver sur les lieux de l&rsquo;attaque du Hamas. Ce jeudi 19 juin, il s&rsquo;est de nouveau mis en ordre de marche lorsque les sir\u00e8nes ont retenti \u00e0 Holon, ville situ\u00e9e au sud de Tel-Aviv. \u00ab\u00a0Lorsque les sir\u00e8nes retentissent, les premiers intervenant doivent monter dans leurs v\u00e9hicules et attendre que les appels du centre de contr\u00f4le commencent \u00e0 arriver\u00a0\u00bb, explique-t-il \u00e0 Euronews.<\/p>\n<p>\u00ab\u00a0Alors que nous nous dirigions vers le site touch\u00e9, j&rsquo;ai r\u00e9alis\u00e9 que nous approchions de mon immeuble. Lorsque nous sommes arriv\u00e9s, j&rsquo;ai r\u00e9alis\u00e9 qu&rsquo;effectivement, c&rsquo;\u00e9tait mon immeuble qui avait \u00e9t\u00e9 d\u00e9truit par un missile\u00a0\u00bb, raconte cet arabo-isra\u00e9lien de 36 ans, qui a grandi en Jordanie et \u00e0 J\u00e9rusalem-Est.<\/p>\n<p>Jimmy avait emm\u00e9nag\u00e9 la veille, son ancien appartement, dans lequel il vivant depuis quatre ans \u00e0 Revohot, ayant \u00e9t\u00e9 d\u00e9truit par un missile iranien en d\u00e9but de semaine. \u00ab\u00a0Tous les v\u00eatements sont d\u00e9truits, tout comme les quelques meubles qu&rsquo;il me restait.\u00a0\u00bb<\/p>\n<p>\u00ab\u00a0J&rsquo;ai vu beaucoup de choses ces derni\u00e8res ann\u00e9es\u00a0\u00bb, explique celui qui a appris \u00e0 \u00ab\u00a0d\u00e9connecter\u00a0\u00bb ses sentiments, \u00ab\u00a0car sinon je resterais assis \u00e0 pleurer devant cette guerre sans fin\u00a0\u00bb.<\/p>\n<p>\u00ab\u00a0Le plus dur pour moi, c&rsquo;est que j&rsquo;ai un fils de huit mois que je n&rsquo;ai pas vu depuis des mois, parce que ma femme et lui sont \u00e0 Eilat, dans le sud d&rsquo;Isra\u00ebl, o\u00f9 ils sont beaucoup plus en s\u00e9curit\u00e9 qu&rsquo;ici\u00a0\u00bb, poursuit celui qui dirige une entreprise de livraison. \u00ab\u00a0Le fait est que je dois continuer \u00e0 travailler quand je le peux, et j&rsquo;ai aussi l&rsquo;impression qu&rsquo;on a besoin de moi en tant que volontaire.\u00a0\u00bb<\/p>\n<p>\u00ab\u00a0Je ne crois pas que ce que fait le gouvernement soit juste\u00a0\u00bb<\/p>\n<p>Bien que l&rsquo;\u00c9tat h\u00e9breu soit en \u00e9tat d&rsquo;alerte depuis mercredi, pr\u00e8s d&rsquo;une semaine apr\u00e8s son offensive surprise sur l&rsquo;Iran, les restrictions impos\u00e9es aux civils ont \u00e9t\u00e9 assouplies et les activit\u00e9s professionnelles ont pu reprendre.<\/p>\n<p>Cependant, la vie quotidienne n&rsquo;a pas totalement repris. Les \u00e9coles sont toujours ferm\u00e9es et les rues restent vides. Pour de nombreux Isra\u00e9liens, il est de plus en plus difficile d&rsquo;\u00e9lever des enfants. \u00ab\u00a0Je ne serais pas aussi inqui\u00e8te si je ne l&rsquo;avais pas\u00a0\u00bb, a reconnu Emma, une Am\u00e9ricaine de 30 ans.<\/p>\n<p>\u00ab\u00a0Nous n&rsquo;avons pas d&rsquo;abri anti-bombes dans notre immeuble parce que nous vivons dans un quartier arabe et que mon mari est arabo-isra\u00e9lien. Beaucoup des appartements abordables en Isra\u00ebl ne sont pas \u00e9quip\u00e9s, alors la nuit, nous prenons notre b\u00e9b\u00e9 et allons dormir chez ma belle-m\u00e8re\u00a0\u00bb, a expliqu\u00e9 celle qui vit \u00e0 Jaffa, dans le sud Tel-Aviv, avec son mari et leur fils de 10 mois.<\/p>\n<p>Pour elle, si son pays est dans cette situation, c&rsquo;est de la faute du gouvernement. \u00ab\u00a0J&rsquo;ai la conscience plus tranquille que la plupart des Isra\u00e9liens, parce que je ne crois pas que ce que fait le gouvernement soit juste. Je comprends donc pourquoi nous sommes dans cette position\u00a0\u00bb, assure la m\u00e8re de famille.<\/p>\n<p>\u00ab\u00a0Je me sens incompris\u00a0\u00bb<\/p>\n<p>Nizan a la chance de pouvoir se r\u00e9fugier dans un abri quand les sir\u00e8nes retentissent. Cet entrepreneur de 34 ans, qui attend son premier enfant, r\u00e9side habituellement \u00e0 Tel-Aviv, mais a d\u00e9cid\u00e9 de d\u00e9m\u00e9nager \u00e0 Ha\u00effa, dans le nord du pays, depuis le d\u00e9but des frappes isra\u00e9liennes en Iran.<\/p>\n<p>\u00ab\u00a0Les bruits que nous entendons depuis l&rsquo;abri sont tr\u00e8s diff\u00e9rents de ceux que nous entendons lorsqu&rsquo;il s&rsquo;agit de missiles tir\u00e9s par le Hamas ou le Hezbollah. M\u00eame avec le <a href=\"https:\/\/fr.euronews.com\/2025\/06\/18\/pourquoi-le-dome-de-fer-na-t-il-pas-intercepte-tous-les-missiles-iraniens\" rel=\"nofollow noopener\" target=\"_blank\"><strong>D\u00f4me de fer,<\/strong><\/a> on a l&rsquo;impression qu&rsquo;un camion passe dans un tunnel juste au-dessus de nos t\u00eates\u00a0\u00bb, assure-t-il.<\/p>\n<p>\u00ab\u00a0Si vous \u00eates \u00e0 l&rsquo;ext\u00e9rieur, les instructions sont de vous allonger sur le sol avec les mains au-dessus de la t\u00eate, mais je ne pense pas que cela serve \u00e0 grand-chose\u00a0\u00bb, l\u00e2che Nizan, qui roulait vers Ha\u00effa lors de la premi\u00e8re attaque iranienne. \u00ab\u00a0Nous avons vu le ciel s&rsquo;illuminer\u00a0\u00bb, poursuit-il. \u00ab\u00a0Nous ne savions pas s&rsquo;il fallait s&rsquo;arr\u00eater, parce qu&rsquo;il y avait des alarmes dans tout le pays et que nous ne savions pas si la zone dans laquelle nous nous trouvions \u00e9tait concern\u00e9e. Nous ne savions pas s&rsquo;il \u00e9tait plus s\u00fbr de continuer \u00e0 rouler ou de s&rsquo;arr\u00eater sur le bord de la route\u00a0\u00bb, ajoute Nizan.<\/p>\n<p>Comme beaucoup, Nizan craint d\u00e9sormais les missiles. Sortir dans la rue ou faire ses courses est devenu anxiog\u00e8ne. Et pour cause : quelque 24 Isra\u00e9liens ont \u00e9t\u00e9 tu\u00e9s et 2 400 autres ont \u00e9t\u00e9 bless\u00e9s par des tirs de missiles iraniens au cours de la premi\u00e8re semaine du conflit, selon les autorit\u00e9s isra\u00e9liennes. En Iran, au moins 657 personnes ont \u00e9t\u00e9 tu\u00e9es par les frappes isra\u00e9liennes, affirment des groupes de d\u00e9fense des droits iraniens.<\/p>\n<p>Alors situation exceptionnelle oblige : Nizan g\u00e8re d\u00e9sormais son \u00e9quipe, compos\u00e9e de douze personnes, \u00e0 distance. \u00ab\u00a0Tous les matins, je re\u00e7ois des appels inquiets de mes coll\u00e8gues, qui me disent qu&rsquo;ils ont des enfants, qu&rsquo;ils ont peur \u00e0 cause d&rsquo;un missile ou d&rsquo;autre chose, qu&rsquo;ils ont du mal \u00e0 se concentrer\u00a0\u00bb, souffle le chef d&rsquo;entreprise.<\/p>\n<p>\u00ab\u00a0Je me sens incompris par les gens qui vivent en Europe. Isra\u00ebl a intensifi\u00e9 le conflit parce que l&rsquo;Iran a d\u00e9clar\u00e9 \u00e0 plusieurs reprises qu&rsquo;ils voulaient effacer Isra\u00ebl de la surface de la Terre\u00a0\u00bb, conclut Nizan.<\/p>\n<p>\u00ab\u00a0Les gens souffrent tellement\u00a0\u00bb<\/p>\n<p>Un sentiment d&rsquo;\u00e9puisement partag\u00e9 par beaucoup. Oriella, 59 ans, est enseignante \u00e0 Tel-Aviv. \u00ab\u00a0Il n&rsquo;y a plus de nuit. Votre t\u00eate est remplie d&rsquo;inqui\u00e9tudes et d&rsquo;ins\u00e9curit\u00e9s, parce que vous \u00eates mentalement \u00e9puis\u00e9, parce que nous sommes en guerre depuis des ann\u00e9es\u00a0\u00bb, assure-t-elle.<\/p>\n<p>\u00ab\u00a0Dans mon immeuble, il y a un abri. Les gens discutent, mais ils n&rsquo;ont pas vraiment envie de parler. Ils sont fatigu\u00e9s d&rsquo;avoir \u00e0 converser au milieu de la nuit, ils veulent dormir\u00a0\u00bb, poursuit-elle, d\u00e9crivant les enfants qui sont \u00ab\u00a0soit en train de discuter, soit en train de pleurer\u00a0\u00bb.<\/p>\n<p>\u00ab\u00a0Je n&rsquo;aime pas les guerres, je crois aux solutions diplomatiques, je pense que c&rsquo;est ce que nous devrions faire avec l&rsquo;Iran. Les gens souffrent tellement et pour quoi faire ? Pour avoir des guerres encore, et encore, et encore\u00a0\u00bb, soupire Oriella.<\/p>\n<p>Zohran, 35 ans, vit \u00e0 Tel Aviv et travaille dans le secteur de la nuit. Mais depuis quelques jours, il se retrouve au ch\u00f4mage technique. Il attend d\u00e9sormais de savoir s&rsquo;il recevra une compensation financi\u00e8re de la part du gouvernement. \u00ab\u00a0Je dirais que je suis habitu\u00e9 \u00e0 ce que ma vie soit suspendue\u00a0\u00bb, a-t-il d\u00e9clar\u00e9.<\/p>\n<p>\u00ab\u00a0Le fait de ne pas avoir d&rsquo;abri dans son immeuble est un souci majeur\u00a0\u00bb, reconna\u00eet-il, expliquant se r\u00e9fugier dans un parking souterrain se trouvant \u00e0 deux minutes de son appartement. \u00ab\u00a0Je vais m&rsquo;y r\u00e9fugier avec beaucoup d&rsquo;autres personnes.\u00a0\u00bb<\/p>\n<p>\u00ab\u00a0Bien que je sois un fervent opposant \u00e0 Benjamin Netanyahu, la plupart d&rsquo;entre nous sommes avec le gouvernement. Il s&rsquo;agit d&rsquo;une guerre contre un pays dont les dirigeants disent vouloir nous d\u00e9truire\u00a0\u00bb, conclut Zohran.<\/p>\n","protected":false},"excerpt":{"rendered":"PUBLICIT\u00c9 Jimmy est sur le qui-vive. Le samedi 7 octobre, ce secouriste b\u00e9n\u00e9vole \u00e9tait l&rsquo;un des premiers \u00e0&hellip;\n","protected":false},"author":2,"featured_media":192487,"comment_status":"","ping_status":"","sticky":false,"template":"","format":"standard","meta":{"footnotes":""},"categories":[5],"tags":[11,31122,1011,27,14,3019,664,12,25146,28],"class_list":{"0":"post-192486","1":"post","2":"type-post","3":"status-publish","4":"format-standard","5":"has-post-thumbnail","7":"category-international","8":"tag-actualites","9":"tag-conflit-israel-iran","10":"tag-fr","11":"tag-france","12":"tag-international","13":"tag-iran","14":"tag-israel","15":"tag-news","16":"tag-tel-aviv","17":"tag-world"},"share_on_mastodon":{"url":"https:\/\/pubeurope.com\/@fr\/114719187488136208","error":""},"_links":{"self":[{"href":"https:\/\/www.europesays.com\/fr\/wp-json\/wp\/v2\/posts\/192486","targetHints":{"allow":["GET"]}}],"collection":[{"href":"https:\/\/www.europesays.com\/fr\/wp-json\/wp\/v2\/posts"}],"about":[{"href":"https:\/\/www.europesays.com\/fr\/wp-json\/wp\/v2\/types\/post"}],"author":[{"embeddable":true,"href":"https:\/\/www.europesays.com\/fr\/wp-json\/wp\/v2\/users\/2"}],"replies":[{"embeddable":true,"href":"https:\/\/www.europesays.com\/fr\/wp-json\/wp\/v2\/comments?post=192486"}],"version-history":[{"count":0,"href":"https:\/\/www.europesays.com\/fr\/wp-json\/wp\/v2\/posts\/192486\/revisions"}],"wp:featuredmedia":[{"embeddable":true,"href":"https:\/\/www.europesays.com\/fr\/wp-json\/wp\/v2\/media\/192487"}],"wp:attachment":[{"href":"https:\/\/www.europesays.com\/fr\/wp-json\/wp\/v2\/media?parent=192486"}],"wp:term":[{"taxonomy":"category","embeddable":true,"href":"https:\/\/www.europesays.com\/fr\/wp-json\/wp\/v2\/categories?post=192486"},{"taxonomy":"post_tag","embeddable":true,"href":"https:\/\/www.europesays.com\/fr\/wp-json\/wp\/v2\/tags?post=192486"}],"curies":[{"name":"wp","href":"https:\/\/api.w.org\/{rel}","templated":true}]}}