{"id":192492,"date":"2025-06-21T03:19:17","date_gmt":"2025-06-21T03:19:17","guid":{"rendered":"https:\/\/www.europesays.com\/fr\/192492\/"},"modified":"2025-06-21T03:19:17","modified_gmt":"2025-06-21T03:19:17","slug":"saint-chamond-en-mode-soldes-la-rue-de-la-republique-devient-un-grand-bazar","status":"publish","type":"post","link":"https:\/\/www.europesays.com\/fr\/192492\/","title":{"rendered":"SAINT-CHAMOND EN MODE SOLDES : LA RUE DE LA R\u00c9PUBLIQUE DEVIENT UN GRAND BAZAR !"},"content":{"rendered":"<p>L\u2019association locale mise sur un \u00e9v\u00e9nement qui a su trouver sa place dans le paysage \u00e9conomique de la r\u00e9gion.<\/p>\n<p>Un week-end de folie commerciale<\/p>\n<p>Les 20 et 21 juin prochains marqueront le coup d\u2019envoi de cette op\u00e9ration s\u00e9duction massive. Pendant deux jours cons\u00e9cutifs, de 9 heures du matin \u00e0 7 heures du soir, le centre-ville va vibrer au rythme des bonnes affaires et des d\u00e9couvertes.<\/p>\n<p>La R\u00e9publique au centre de l\u2019action<\/p>\n<p>L\u2019art\u00e8re principale prendra ses quartiers \u00e0 partir de la Place Dorian, devenant l\u2019\u00e9picentre de cette effervescence marchande. Si l\u2019enthousiasme des commer\u00e7ants d\u00e9passe les pr\u00e9visions, les organisateurs n\u2019h\u00e9siteront pas \u00e0 d\u00e9border sur les voies adjacentes pour satisfaire tous les participants.<\/p>\n<p>Bien plus qu\u2019une simple vente<\/p>\n<p>Cette initiative va au-del\u00e0 du simple d\u00e9stockage estival \u00e0 Saint-Chamond. Elle cr\u00e9e un v\u00e9ritable moment de convivialit\u00e9 o\u00f9 les artisans et boutiquiers peuvent mettre en avant leur expertise tout en proposant des tarifs exceptionnels. Les chineurs et familles trouveront leur bonheur dans cette ambiance d\u00e9tendue et festive.<\/p>\n<p>Le petit plus qui fait la diff\u00e9rence<\/p>\n<p>Histoire de parfaire l\u2019exp\u00e9rience, un point de restauration permettra aux fl\u00e2neurs de faire une pause rafra\u00eechissante entre deux trouvailles, prolongeant ainsi le plaisir de cette escapade shopping en plein air \u00e0 Saint-Chamond.<\/p>\n<p>Rendez-vous rue de la R\u00e9publique (d\u00e9part Place Dorian), Saint-Chamond\u00a0Vendredi 20 et samedi 21 juin 2025, de 9h \u00e0 19h\u00a0Organis\u00e9 par l\u2019association Carr\u00e9ment Saint-Chamond<\/p>\n","protected":false},"excerpt":{"rendered":"L\u2019association locale mise sur un \u00e9v\u00e9nement qui a su trouver sa place dans le paysage \u00e9conomique de la&hellip;\n","protected":false},"author":2,"featured_media":192493,"comment_status":"","ping_status":"","sticky":false,"template":"","format":"standard","meta":{"footnotes":""},"categories":[9653],"tags":[1111,11,2430,17804,1777,674,1011,27,3367,12,25,9669,4001],"class_list":{"0":"post-192492","1":"post","2":"type-post","3":"status-publish","4":"format-standard","5":"has-post-thumbnail","7":"category-saint-etienne","8":"tag-actu","9":"tag-actualites","10":"tag-auvergne-rhone-alpes","11":"tag-braderie","12":"tag-eu","13":"tag-europe","14":"tag-fr","15":"tag-france","16":"tag-loire","17":"tag-news","18":"tag-republique-francaise","19":"tag-saint-chamond","20":"tag-saint-etienne"},"share_on_mastodon":{"url":"https:\/\/pubeurope.com\/@fr\/114719199325494556","error":""},"_links":{"self":[{"href":"https:\/\/www.europesays.com\/fr\/wp-json\/wp\/v2\/posts\/192492","targetHints":{"allow":["GET"]}}],"collection":[{"href":"https:\/\/www.europesays.com\/fr\/wp-json\/wp\/v2\/posts"}],"about":[{"href":"https:\/\/www.europesays.com\/fr\/wp-json\/wp\/v2\/types\/post"}],"author":[{"embeddable":true,"href":"https:\/\/www.europesays.com\/fr\/wp-json\/wp\/v2\/users\/2"}],"replies":[{"embeddable":true,"href":"https:\/\/www.europesays.com\/fr\/wp-json\/wp\/v2\/comments?post=192492"}],"version-history":[{"count":0,"href":"https:\/\/www.europesays.com\/fr\/wp-json\/wp\/v2\/posts\/192492\/revisions"}],"wp:featuredmedia":[{"embeddable":true,"href":"https:\/\/www.europesays.com\/fr\/wp-json\/wp\/v2\/media\/192493"}],"wp:attachment":[{"href":"https:\/\/www.europesays.com\/fr\/wp-json\/wp\/v2\/media?parent=192492"}],"wp:term":[{"taxonomy":"category","embeddable":true,"href":"https:\/\/www.europesays.com\/fr\/wp-json\/wp\/v2\/categories?post=192492"},{"taxonomy":"post_tag","embeddable":true,"href":"https:\/\/www.europesays.com\/fr\/wp-json\/wp\/v2\/tags?post=192492"}],"curies":[{"name":"wp","href":"https:\/\/api.w.org\/{rel}","templated":true}]}}