{"id":192509,"date":"2025-06-21T03:33:32","date_gmt":"2025-06-21T03:33:32","guid":{"rendered":"https:\/\/www.europesays.com\/fr\/192509\/"},"modified":"2025-06-21T03:33:32","modified_gmt":"2025-06-21T03:33:32","slug":"24-000-e-de-subvention-municipale-a-sos-mediterranee-il-attaque-la-ville-de-rennes-en-justice","status":"publish","type":"post","link":"https:\/\/www.europesays.com\/fr\/192509\/","title":{"rendered":"24\u00a0000\u00a0\u20ac de subvention municipale \u00e0 SOS M\u00e9diterran\u00e9e\u00a0: il attaque la Ville de Rennes en justice"},"content":{"rendered":"<p>Thomas Rousseau, candidat LR d\u00e9clar\u00e9 aux municipales 2026 \u00e0 Rennes, a annonc\u00e9 ce vendredi 20 juin 2025, dans un communiqu\u00e9, qu\u2019il va d\u00e9poser \u00ab ce jour un recours au tribunal administratif de Rennes pour demander l\u2019annulation \u00bb d\u2019une d\u00e9lib\u00e9ration prise lors du conseil municipal du 19 mai dernier.<\/p>\n<p>L\u2019objet de cette d\u00e9lib\u00e9ration ? La subvention de 24 000 \u20ac accord\u00e9e par la Ville de Rennes \u00e0 l\u2019ONG SOS M\u00e9diterran\u00e9e, association europ\u00e9enne de sauvetage en mer, notamment aupr\u00e8s de migrants. \u00ab Nous refusons que les Rennais payent pour des associations politiques et au d\u00e9triment de leurs besoins \u00bb, d\u00e9nonce le chef de file du groupe L\u2019Espoir rennais.<\/p>\n<p>\u00ab Mettre en place des outils de contr\u00f4le \u00bb<\/p>\n<p>Et ajoute vouloir \u00ab mettre en place des outils de contr\u00f4le et une refonte des crit\u00e8res d\u2019attribution des subventions pour qu\u2019elles servent en priorit\u00e9 les jeunes, l\u2019\u00e9ducation, le sport et l\u2019emploi local. \u00bb<\/p>\n<p>Dans cette d\u00e9lib\u00e9ration du conseil municipal, la Ville indique, elle, que \u00ab le Code g\u00e9n\u00e9ral des collectivit\u00e9s territoriales dispose que, dans le respect des engagements internationaux de la France, les collectivit\u00e9s territoriales et leurs groupements peuvent mettre en \u0153uvre et soutenir toute action internationale de coop\u00e9ration, d\u2019aide au d\u00e9veloppement ou \u00e0 caract\u00e8re humanitaire \u00bb.<\/p>\n<p>Dans ce cadre, \u00ab la Ville souhaite apporter son soutien \u00e0 l\u2019association SOS M\u00e9diterran\u00e9e qui a pour objet \u00ab de sauver la vie des personnes en d\u00e9tresse en mer et d\u2019assurer leur accompagnement et leur protection \u00bb. Son action de sauvetage en mer correspond aux principes de pr\u00e9servation de la vie humaine et de protection de sa dignit\u00e9 auxquels la Ville est attach\u00e9e \u00bb.<\/p>\n","protected":false},"excerpt":{"rendered":"Thomas Rousseau, candidat LR d\u00e9clar\u00e9 aux municipales 2026 \u00e0 Rennes, a annonc\u00e9 ce vendredi 20 juin 2025, dans&hellip;\n","protected":false},"author":2,"featured_media":192510,"comment_status":"","ping_status":"","sticky":false,"template":"","format":"standard","meta":{"footnotes":""},"categories":[2821],"tags":[1111,11,829,1777,674,1011,27,848,12,3364,584,25],"class_list":{"0":"post-192509","1":"post","2":"type-post","3":"status-publish","4":"format-standard","5":"has-post-thumbnail","7":"category-rennes","8":"tag-actu","9":"tag-actualites","10":"tag-bretagne","11":"tag-eu","12":"tag-europe","13":"tag-fr","14":"tag-france","15":"tag-ille-et-vilaine","16":"tag-news","17":"tag-politique-a-rennes","18":"tag-rennes","19":"tag-republique-francaise"},"share_on_mastodon":{"url":"https:\/\/pubeurope.com\/@fr\/114719254372936254","error":""},"_links":{"self":[{"href":"https:\/\/www.europesays.com\/fr\/wp-json\/wp\/v2\/posts\/192509","targetHints":{"allow":["GET"]}}],"collection":[{"href":"https:\/\/www.europesays.com\/fr\/wp-json\/wp\/v2\/posts"}],"about":[{"href":"https:\/\/www.europesays.com\/fr\/wp-json\/wp\/v2\/types\/post"}],"author":[{"embeddable":true,"href":"https:\/\/www.europesays.com\/fr\/wp-json\/wp\/v2\/users\/2"}],"replies":[{"embeddable":true,"href":"https:\/\/www.europesays.com\/fr\/wp-json\/wp\/v2\/comments?post=192509"}],"version-history":[{"count":0,"href":"https:\/\/www.europesays.com\/fr\/wp-json\/wp\/v2\/posts\/192509\/revisions"}],"wp:featuredmedia":[{"embeddable":true,"href":"https:\/\/www.europesays.com\/fr\/wp-json\/wp\/v2\/media\/192510"}],"wp:attachment":[{"href":"https:\/\/www.europesays.com\/fr\/wp-json\/wp\/v2\/media?parent=192509"}],"wp:term":[{"taxonomy":"category","embeddable":true,"href":"https:\/\/www.europesays.com\/fr\/wp-json\/wp\/v2\/categories?post=192509"},{"taxonomy":"post_tag","embeddable":true,"href":"https:\/\/www.europesays.com\/fr\/wp-json\/wp\/v2\/tags?post=192509"}],"curies":[{"name":"wp","href":"https:\/\/api.w.org\/{rel}","templated":true}]}}