{"id":192600,"date":"2025-06-21T04:27:10","date_gmt":"2025-06-21T04:27:10","guid":{"rendered":"https:\/\/www.europesays.com\/fr\/192600\/"},"modified":"2025-06-21T04:27:10","modified_gmt":"2025-06-21T04:27:10","slug":"pour-j-d-vance-la-garde-nationale-est-toujours-necessaire-a-los-angeles","status":"publish","type":"post","link":"https:\/\/www.europesays.com\/fr\/192600\/","title":{"rendered":"Pour J.D. Vance, la Garde nationale est \u00ab\u00a0toujours n\u00e9cessaire\u00a0\u00bb \u00e0 Los Angeles"},"content":{"rendered":"<p>Malgr\u00e9 un net apaisement dans les rues de <a href=\"https:\/\/www.20minutes.fr\/dossier\/los_angeles\" target=\"_blank\" class=\"color-ultramarine c-link\" rel=\"nofollow noopener\">Los Angeles<\/a>, la Maison-Blanche refuse de baisser la garde. Alors que la m\u00e9gapole californienne n\u2019a connu aucun d\u00e9bordement majeur depuis une semaine, le vice-pr\u00e9sident am\u00e9ricain <a href=\"https:\/\/www.20minutes.fr\/monde\/vance\/\" target=\"_blank\" class=\"color-ultramarine c-link\" rel=\"nofollow noopener\">J.D. Vance<\/a> a justifi\u00e9 vendredi le maintien de milliers de <a href=\"https:\/\/www.20minutes.fr\/dossier\/militaire\" target=\"_blank\" class=\"color-ultramarine c-link\" rel=\"nofollow noopener\">militaires<\/a> dans la ville, \u00e9voquant un climat \u00ab\u00a0toujours instable\u00a0\u00bb et des risques de r\u00e9cidive.<\/p>\n<p>\u00ab\u00a0Malheureusement, les soldats et les Marines restent toujours n\u00e9cessaires dans le contexte actuel, car on craint que la situation ne d\u00e9g\u00e9n\u00e8re \u00e0 nouveau\u00a0\u00bb, a-t-il d\u00e9clar\u00e9 lors d\u2019une visite du centre de commandement militaire install\u00e9 dans la cit\u00e9 <a href=\"https:\/\/www.20minutes.fr\/dossier\/californie\" target=\"_blank\" class=\"color-ultramarine c-link\" rel=\"nofollow noopener\">californienne<\/a>. Il a salu\u00e9 la d\u00e9cision rendue la veille par une cour d\u2019appel f\u00e9d\u00e9rale, qui valide le d\u00e9ploiement de la Garde nationale sans l\u2019aval du gouverneur. Pour le vice-pr\u00e9sident, cela d\u00e9montre que l\u2019intervention ordonn\u00e9e par Donald Trump \u00e9tait \u00ab\u00a0tout \u00e0 fait l\u00e9gitime et appropri\u00e9e\u00a0\u00bb.<\/p>\n<p>De nouveaux d\u00e9ploiements possibles<\/p>\n<p>Le pr\u00e9sident des Etats-Unis avait r\u00e9quisitionn\u00e9, d\u00e9but juin, 4.000 soldats de la Garde nationale de Californie et 700 <a href=\"https:\/\/www.20minutes.fr\/dossier\/armee_americaine\" target=\"_blank\" class=\"color-ultramarine c-link\" rel=\"nofollow noopener\">Marines<\/a> pour faire face \u00e0 des manifestations provoqu\u00e9es par une vague d\u2019interpellations ciblant des immigr\u00e9s en situation irr\u00e9guli\u00e8re. Si la plupart des rassemblements \u00e9taient pacifiques, certains avaient donn\u00e9 lieu \u00e0 des affrontements localis\u00e9s avec les forces de l\u2019ordre. Depuis, le calme est revenu, mais les arrestations se poursuivent.<\/p>\n<\/p>\n<p>J.D. Vance n\u2019a pas exclu de nouveaux d\u00e9ploiements\u00a0: \u00ab\u00a0Donald Trump le refera si n\u00e9cessaire\u00a0\u00bb, a-t-il averti, alors que l\u2019administration a lanc\u00e9 des op\u00e9rations similaires dans d\u2019autres grandes m\u00e9tropoles d\u00e9mocrates comme <a href=\"https:\/\/www.20minutes.fr\/dossier\/chicago\" target=\"_blank\" class=\"color-ultramarine c-link\" rel=\"nofollow noopener\">Chicago<\/a> et <a href=\"https:\/\/www.20minutes.fr\/dossier\/new_york\" target=\"_blank\" class=\"color-ultramarine c-link\" rel=\"nofollow noopener\">New York<\/a>. Le pr\u00e9sident entend faire de la lutte contre l\u2019immigration clandestine un pilier de son second mandat, avec l\u2019objectif affich\u00e9 d\u2019expulser des millions de personnes.<\/p>\n<p>Les d\u00e9mocrates accus\u00e9s de faciliter les violences<\/p>\n<p>A Los Angeles, les militaires prot\u00e8gent notamment les b\u00e2timents f\u00e9d\u00e9raux et les agents de la police migratoire (ICE). Mais l\u2019op\u00e9ration suscite de vives critiques de la part des autorit\u00e9s locales. La maire Karen Bass et le gouverneur Gavin Newsom d\u00e9noncent une \u00ab\u00a0mesure extr\u00eame et injustifi\u00e9e\u00a0\u00bb qui \u00ab\u00a0fabrique une crise\u00a0\u00bb artificielle \u00e0 des fins politiques. Tous deux estiment que les effectifs de police municipaux sont suffisants.<\/p>\n<p><a href=\"https:\/\/www.20minutes.fr\/monde\/etats-unis\/\" target=\"_blank\" class=\"c-link c-btn c-btn--primary\" rel=\"nofollow noopener\">Notre dossier sur les Etats-Unis<\/a><\/p>\n<p>Face \u00e0 ces accusations, J.D. Vance a accus\u00e9 les \u00e9lus <a href=\"https:\/\/www.20minutes.fr\/dossier\/parti_democrate\" target=\"_blank\" class=\"color-ultramarine c-link\" rel=\"nofollow noopener\">d\u00e9mocrates<\/a> de \u00ab\u00a0faciliter la violence et les \u00e9meutes\u00a0\u00bb par leur politique migratoire permissive. Il reproche \u00e0 Los Angeles et \u00e0 l\u2019Etat de Californie leur statut de \u00ab\u00a0sanctuaire\u00a0\u00bb, o\u00f9 la coop\u00e9ration entre les polices locales et les forces f\u00e9d\u00e9rales de l\u2019immigration est fortement restreinte par la loi. \u00ab\u00a0En traitant la ville comme une ville sanctuaire, Gavin Newsom et Karen Bass ont en quelque sorte d\u00e9clar\u00e9 la chasse aux forces de l\u2019ordre f\u00e9d\u00e9rales ouverte\u00a0\u00bb, a-t-il lanc\u00e9.<\/p>\n","protected":false},"excerpt":{"rendered":"Malgr\u00e9 un net apaisement dans les rues de Los Angeles, la Maison-Blanche refuse de baisser la garde. Alors&hellip;\n","protected":false},"author":2,"featured_media":192601,"comment_status":"","ping_status":"","sticky":false,"template":"","format":"standard","meta":{"footnotes":""},"categories":[5],"tags":[47,11,17274,2139,75,10643,73,1011,27,6734,14,79,6116,74,12,23893,28],"class_list":{"0":"post-192600","1":"post","2":"type-post","3":"status-publish","4":"format-standard","5":"has-post-thumbnail","7":"category-international","8":"tag-actualite","9":"tag-actualites","10":"tag-armee-americaine","11":"tag-californie","12":"tag-donald-trump","13":"tag-emeutes","14":"tag-etats-unis","15":"tag-fr","16":"tag-france","17":"tag-immigration-clandestine","18":"tag-international","19":"tag-j-d-vance","20":"tag-los-angeles","21":"tag-monde","22":"tag-news","23":"tag-parti-democrate-usa","24":"tag-world"},"share_on_mastodon":{"url":"https:\/\/pubeurope.com\/@fr\/114719466693589001","error":""},"_links":{"self":[{"href":"https:\/\/www.europesays.com\/fr\/wp-json\/wp\/v2\/posts\/192600","targetHints":{"allow":["GET"]}}],"collection":[{"href":"https:\/\/www.europesays.com\/fr\/wp-json\/wp\/v2\/posts"}],"about":[{"href":"https:\/\/www.europesays.com\/fr\/wp-json\/wp\/v2\/types\/post"}],"author":[{"embeddable":true,"href":"https:\/\/www.europesays.com\/fr\/wp-json\/wp\/v2\/users\/2"}],"replies":[{"embeddable":true,"href":"https:\/\/www.europesays.com\/fr\/wp-json\/wp\/v2\/comments?post=192600"}],"version-history":[{"count":0,"href":"https:\/\/www.europesays.com\/fr\/wp-json\/wp\/v2\/posts\/192600\/revisions"}],"wp:featuredmedia":[{"embeddable":true,"href":"https:\/\/www.europesays.com\/fr\/wp-json\/wp\/v2\/media\/192601"}],"wp:attachment":[{"href":"https:\/\/www.europesays.com\/fr\/wp-json\/wp\/v2\/media?parent=192600"}],"wp:term":[{"taxonomy":"category","embeddable":true,"href":"https:\/\/www.europesays.com\/fr\/wp-json\/wp\/v2\/categories?post=192600"},{"taxonomy":"post_tag","embeddable":true,"href":"https:\/\/www.europesays.com\/fr\/wp-json\/wp\/v2\/tags?post=192600"}],"curies":[{"name":"wp","href":"https:\/\/api.w.org\/{rel}","templated":true}]}}