{"id":192606,"date":"2025-06-21T04:30:17","date_gmt":"2025-06-21T04:30:17","guid":{"rendered":"https:\/\/www.europesays.com\/fr\/192606\/"},"modified":"2025-06-21T04:30:17","modified_gmt":"2025-06-21T04:30:17","slug":"saint-etienne-cette-boutique-a-quitte-steel-pour-sinstaller-en-centre-ville-sa-responsable-explique-pourquoi","status":"publish","type":"post","link":"https:\/\/www.europesays.com\/fr\/192606\/","title":{"rendered":"Saint-\u00c9tienne. Cette boutique a quitt\u00e9 Steel pour s\u2019installer en centre-ville\u00a0: sa responsable explique pourquoi"},"content":{"rendered":"<p>C\u2019est une nouvelle qui ne pourra que r\u00e9jouir tous les amoureux et les d\u00e9fenseurs du centre-ville\u00a0: alors qu\u2019on s\u2019est malheureusement plut\u00f4t habitu\u00e9s \u00e0 des d\u00e9m\u00e9nagements dans le sens inverse (H&amp;M, Zara\u2026), un commerce vient de quitter Steel pour le centre-ville.<\/p>\n<p>Il s\u2019agit de <a href=\"https:\/\/www.leprogres.fr\/economie\/2025\/01\/11\/a-steel-une-boutique-avec-uniquement-des-vetements-noirs\" target=\"_blank\" rel=\"nofollow noopener\">la boutique Noir de monde, qui s\u2019\u00e9tait install\u00e9e au centre commercial du Pont-de-l\u2019\u00c2ne<\/a> d\u00e9but d\u00e9cembre\u00a02024. Noir de monde, c\u2019est une enseigne cr\u00e9\u00e9e en 2021 par un couple de la Dr\u00f4me passionn\u00e9 de mode.<\/p>\n<p>Apr\u00e8s avoir ouvert des magasins \u00e0 Valence, Grenoble ou encore Metz, ils avaient d\u00e9cid\u00e9 de s\u2019installer \u00e0 Saint-\u00c9tienne. \u00ab\u00a0\u00c0 la base, ce sont des adeptes du commerce de centre-ville. \u00c0 un moment, ils ont voulu tenter les centres commerciaux, comme ici \u00e0 Steel, mais ils en sont vite revenus\u00a0\u00bb, raconte Charlotte Blaise, la responsable de la boutique st\u00e9phanoise.<\/p>\n<p>  \u00ab\u00a0Steel, ce n\u2019est pas la panac\u00e9e non plus\u00a0\u00bb<\/p>\n<p>L\u2019aventure \u00e0 Steel n\u2019aura ainsi dur\u00e9 que six mois. \u00ab\u00a0On parle souvent des difficult\u00e9s du centre-ville, mais Steel, ce n\u2019est pas\u00a0la panac\u00e9e non plus. Il y a un \u00e9norme turn-over et, tous les mois, il y a des magasins qui ferment, comme encore derni\u00e8rement IDKids, Subway\u2026\u00a0\u00bb, souligne Charlotte Blaise.<\/p>\n<p>Noir de monde n\u2019a pas trouv\u00e9 sa client\u00e8le au Pont-de-l\u2019\u00c2ne. Essentiellement pour\u00a0un probl\u00e8me d\u2019emplacement, selon la commer\u00e7ante\u00a0: \u00ab\u00a0On \u00e9tait situ\u00e9s tout au fond de l\u2019all\u00e9e principale, \u00e0 c\u00f4t\u00e9 des macarons Deville. Mais les gens ne vont pas plus loin que Zara. Beaucoup de gens nous d\u00e9couvraient en allant aux toilettes\u2026\u00a0\u00bb<\/p>\n<p>Charlotte Blaise n\u2019\u00e9pargne pas non plus la direction du centre\u00a0: \u00ab\u00a0Ils n\u2019ont fait aucune communication sur notre boutique sur leurs r\u00e9seaux sociaux. Il faut croire qu\u2019il n\u2019y a que les grandes enseignes qui les int\u00e9ressent\u2026\u00a0\u00bb<\/p>\n<p>  Un emplacement seulement provisoire<\/p>\n<p>Enfin, la commer\u00e7ante pointe les loyers tr\u00e8s \u00e9lev\u00e9s de Steel. Sans vouloir donner le montant pr\u00e9cis, elle rapporte qu\u2019\u00ab\u00a0un mois de loyer l\u00e0-bas, c\u2019\u00e9tait plus cher qu\u2019une ann\u00e9e compl\u00e8te ici en\u00a0centre-ville\u00a0\u00bb.<\/p>\n<p>Bref, autant de raisons qui ont conduit les fondateurs de la marque \u00e0 rendre les cl\u00e9s de leur boutique du Pont-de-l\u2019\u00c2ne\u00a0: Noir de monde a ferm\u00e9 ses portes \u00e0 Steel le jeudi 12\u00a0juin au soir\u2026 pour les rouvrir d\u00e8s le lendemain au 9 rue Michelet, dans l\u2019ancienne boutique de d\u00e9co Atmosph\u00e8re, qui \u00e9tait ferm\u00e9e depuis environ un an.<\/p>\n<p>Mais cet emplacement n\u2019est que provisoire. \u00ab\u00a0On voulait partir de Steel au plus vite, on a donc choisi ce local, mais qui est un peu trop petit avec seulement 35\u00a0m\u00b2.\u00a0\u00bb En novembre prochain, Noir de monde d\u00e9m\u00e9nagera donc \u00e0 nouveau, toujours en centre-ville, mais rue Alsace-Lorraine.<\/p>\n<p>  Une seconde boutique, Plume, en pr\u00e9vision<\/p>\n<p>Et bonne nouvelle, le 9 rue Michelet ne refermera pas ses portes puisque c\u2019est la nouvelle enseigne des fondateurs de Noir de monde qui s\u2019y installera\u00a0: Plume, avec cette fois-ci des v\u00eatements de couleurs. \u00ab\u00a0Ils viennent d\u2019ouvrir une premi\u00e8re boutique \u00e0 Valence.\u00a0\u00bb<\/p>\n<p>En attendant, Noir de monde attend donc ses clientes rue Michelet, toujours avec sa s\u00e9lection de v\u00eatements, accessoires, chaussures\u2026 uniquement de couleur noire. Des produits de marques italiennes, chic et \u00ab\u00a0fashion\u00a0\u00bb, pour toutes les tailles et toutes les bourses.<\/p>\n<p>\u00ab\u00a0Depuis l\u2019ouverture, j\u2019ai plein de St\u00e9phanois qui me remercient, qui m\u2019encouragent\u2026\u00a0\u00bb, sourit Charlotte Blaise, ravie.<\/p>\n","protected":false},"excerpt":{"rendered":"C\u2019est une nouvelle qui ne pourra que r\u00e9jouir tous les amoureux et les d\u00e9fenseurs du centre-ville\u00a0: alors qu\u2019on&hellip;\n","protected":false},"author":2,"featured_media":192607,"comment_status":"","ping_status":"","sticky":false,"template":"","format":"standard","meta":{"footnotes":""},"categories":[9653],"tags":[1111,11,2430,4406,33,7539,1777,674,107,1011,27,3367,12,25,4001,7538],"class_list":{"0":"post-192606","1":"post","2":"type-post","3":"status-publish","4":"format-standard","5":"has-post-thumbnail","7":"category-saint-etienne","8":"tag-actu","9":"tag-actualites","10":"tag-auvergne-rhone-alpes","11":"tag-commerce-et-services","12":"tag-economie","13":"tag-edition-loire-sud","14":"tag-eu","15":"tag-europe","16":"tag-fil-info","17":"tag-fr","18":"tag-france","19":"tag-loire","20":"tag-news","21":"tag-republique-francaise","22":"tag-saint-etienne","23":"tag-saint-etienne-ville"},"share_on_mastodon":{"url":"https:\/\/pubeurope.com\/@fr\/114719478578538075","error":""},"_links":{"self":[{"href":"https:\/\/www.europesays.com\/fr\/wp-json\/wp\/v2\/posts\/192606","targetHints":{"allow":["GET"]}}],"collection":[{"href":"https:\/\/www.europesays.com\/fr\/wp-json\/wp\/v2\/posts"}],"about":[{"href":"https:\/\/www.europesays.com\/fr\/wp-json\/wp\/v2\/types\/post"}],"author":[{"embeddable":true,"href":"https:\/\/www.europesays.com\/fr\/wp-json\/wp\/v2\/users\/2"}],"replies":[{"embeddable":true,"href":"https:\/\/www.europesays.com\/fr\/wp-json\/wp\/v2\/comments?post=192606"}],"version-history":[{"count":0,"href":"https:\/\/www.europesays.com\/fr\/wp-json\/wp\/v2\/posts\/192606\/revisions"}],"wp:featuredmedia":[{"embeddable":true,"href":"https:\/\/www.europesays.com\/fr\/wp-json\/wp\/v2\/media\/192607"}],"wp:attachment":[{"href":"https:\/\/www.europesays.com\/fr\/wp-json\/wp\/v2\/media?parent=192606"}],"wp:term":[{"taxonomy":"category","embeddable":true,"href":"https:\/\/www.europesays.com\/fr\/wp-json\/wp\/v2\/categories?post=192606"},{"taxonomy":"post_tag","embeddable":true,"href":"https:\/\/www.europesays.com\/fr\/wp-json\/wp\/v2\/tags?post=192606"}],"curies":[{"name":"wp","href":"https:\/\/api.w.org\/{rel}","templated":true}]}}