{"id":192612,"date":"2025-06-21T04:33:19","date_gmt":"2025-06-21T04:33:19","guid":{"rendered":"https:\/\/www.europesays.com\/fr\/192612\/"},"modified":"2025-06-21T04:33:19","modified_gmt":"2025-06-21T04:33:19","slug":"handball-exclu-de-proligue-nancy-va-faire-appel-yanis-dury-a-valence","status":"publish","type":"post","link":"https:\/\/www.europesays.com\/fr\/192612\/","title":{"rendered":"Handball. Exclu de Proligue, Nancy va faire appel, Yanis Dury \u00e0 Valence"},"content":{"rendered":"<p>La Ligue nationale a r\u00e9cemment annonc\u00e9 la liste des\u2026 13 \u00e9quipes autoris\u00e9es \u00e0 participer au championnat de Proligue en 2025-2026. N\u2019y figure pas Nancy (neuvi\u00e8me\u00a0cette saison), ni les deux promus, Saintes et Dreux\/Vernouillet, recal\u00e9s pour des raisons financi\u00e8res.<\/p>\n<p>Le club coach\u00e9 par l\u2019ancien Dijonnais Ulrich Chaduteaud a vite annonc\u00e9 dans un communiqu\u00e9 qu\u2019il ferait appel, d\u00e9non\u00e7ant \u00ab\u00a0une d\u00e9cision accueillie avec surprise et consternation, tant elle entre en contradiction avec la r\u00e9alit\u00e9 des efforts men\u00e9s par (le) club depuis plusieurs mois. [\u2026] Cette d\u00e9cision, que nous jugeons pr\u00e9matur\u00e9e et injuste, ne nous laisse pas sans voix et nous allons la faire entendre.\u00a0\u00bb<\/p>\n<p>De Barcelone \u00e0 la Proligue<\/p>\n<p>Dixi\u00e8me de Proligue lors de l\u2019exercice \u00e9coul\u00e9, Valence va de son c\u00f4t\u00e9 accueillir Yanis Dury (25 ans). L\u2019arri\u00e8re gauche c\u00f4te-d\u2019orien \u00e9voluait c<a href=\"https:\/\/www.bienpublic.com\/sport\/2024\/11\/20\/la-belle-aventure-barcelonaise-du-dijonnais-yanis-dury\" target=\"_blank\" rel=\"noopener\">ette saison avec l\u2019\u00e9quipe r\u00e9serve de Barcelone<\/a>, lui qui \u00e9tait parti en Espagne pour valider son dipl\u00f4me d\u2019ing\u00e9nieur, apr\u00e8s avoir \u00e9volu\u00e9 par le pass\u00e9 \u00e0 Villeurbanne (N1 puis Proligue).<\/p>\n","protected":false},"excerpt":{"rendered":"La Ligue nationale a r\u00e9cemment annonc\u00e9 la liste des\u2026 13 \u00e9quipes autoris\u00e9es \u00e0 participer au championnat de Proligue&hellip;\n","protected":false},"author":2,"featured_media":192613,"comment_status":"","ping_status":"","sticky":false,"template":"","format":"standard","meta":{"footnotes":""},"categories":[9635],"tags":[1111,11,2930,8587,8588,1777,674,107,1011,27,775,1792,1702,12,25,517],"class_list":{"0":"post-192612","1":"post","2":"type-post","3":"status-publish","4":"format-standard","5":"has-post-thumbnail","7":"category-nancy","8":"tag-actu","9":"tag-actualites","10":"tag-dijon","11":"tag-dijon-ville","12":"tag-edition-dijon-et-son-agglomeration","13":"tag-eu","14":"tag-europe","15":"tag-fil-info","16":"tag-fr","17":"tag-france","18":"tag-grand-est","19":"tag-handball","20":"tag-nancy","21":"tag-news","22":"tag-republique-francaise","23":"tag-sport"},"share_on_mastodon":{"url":"https:\/\/pubeurope.com\/@fr\/114719490337489817","error":""},"_links":{"self":[{"href":"https:\/\/www.europesays.com\/fr\/wp-json\/wp\/v2\/posts\/192612","targetHints":{"allow":["GET"]}}],"collection":[{"href":"https:\/\/www.europesays.com\/fr\/wp-json\/wp\/v2\/posts"}],"about":[{"href":"https:\/\/www.europesays.com\/fr\/wp-json\/wp\/v2\/types\/post"}],"author":[{"embeddable":true,"href":"https:\/\/www.europesays.com\/fr\/wp-json\/wp\/v2\/users\/2"}],"replies":[{"embeddable":true,"href":"https:\/\/www.europesays.com\/fr\/wp-json\/wp\/v2\/comments?post=192612"}],"version-history":[{"count":0,"href":"https:\/\/www.europesays.com\/fr\/wp-json\/wp\/v2\/posts\/192612\/revisions"}],"wp:featuredmedia":[{"embeddable":true,"href":"https:\/\/www.europesays.com\/fr\/wp-json\/wp\/v2\/media\/192613"}],"wp:attachment":[{"href":"https:\/\/www.europesays.com\/fr\/wp-json\/wp\/v2\/media?parent=192612"}],"wp:term":[{"taxonomy":"category","embeddable":true,"href":"https:\/\/www.europesays.com\/fr\/wp-json\/wp\/v2\/categories?post=192612"},{"taxonomy":"post_tag","embeddable":true,"href":"https:\/\/www.europesays.com\/fr\/wp-json\/wp\/v2\/tags?post=192612"}],"curies":[{"name":"wp","href":"https:\/\/api.w.org\/{rel}","templated":true}]}}