{"id":192614,"date":"2025-06-21T04:34:13","date_gmt":"2025-06-21T04:34:13","guid":{"rendered":"https:\/\/www.europesays.com\/fr\/192614\/"},"modified":"2025-06-21T04:34:13","modified_gmt":"2025-06-21T04:34:13","slug":"construction-dune-piscine-a-six-fours-ca-se-precise-franchement","status":"publish","type":"post","link":"https:\/\/www.europesays.com\/fr\/192614\/","title":{"rendered":"Construction d\u2019une piscine \u00e0 Six-Fours: \u00e7a se pr\u00e9cise franchement"},"content":{"rendered":"<p>Un sujet en am\u00e8ne souvent un autre au conseil municipal de Six-Fours. Apr\u00e8s le vote des comptes de gestion 2024, tandis que le maire se f\u00e9licitait, cette ann\u00e9e encore, d\u2019\u00eatre aux commandes d\u2019une commune \u00ab\u00a0qui n\u2019a aucun probl\u00e8me budg\u00e9taire et qui d\u00e9gage des exc\u00e9dents consid\u00e9rables\u00a0\u00bb, l\u2019\u00e9lu d\u2019opposition Dominique Nemeth a, lui, reproch\u00e9 \u00ab\u00a0un manque d\u2019investissement\u00a0\u00bb, rappelant au passage l\u2019attente des Six-Fournais d\u00e9sireux de profiter d\u2019une piscine parfaitement op\u00e9rationnelle&#8230;<\/p>\n<p>\u00ab\u00a0Pas d\u2019investissement? Vous plaisantez, a d\u2019abord r\u00e9agi Jean-S\u00e9bastien Vialatte. Et les 23 millions pour les nouvelles \u00e9coles!\u00a0\u00bb Il a ensuite donn\u00e9 des pr\u00e9cisions sur le dossier piscine(s). Rappelons que le projet de mutualisation du complexe Aquasud avec la ville de La Seyne est tomb\u00e9 \u00e0 l\u2019eau, et que l\u2019id\u00e9e de r\u00e9nover l\u2019actuelle piscine Tournesol, situ\u00e9e traverse des Hoirs, n\u2019est plus \u00e0 l\u2019ordre du jour: elle n\u2019est plus adapt\u00e9e, trop petite et trop co\u00fbteuse en entretien et en fonctionnement.<\/p>\n<p>Aussi la piste d\u2019en construire une nouvelle dans le quartier de Repentance, d\u00e9j\u00e0 \u00e9voqu\u00e9e il y a quelques mois, est-elle revenue sur le tapis. L\u2019occasion pour le premier magistrat d\u2019annoncer que l\u2019affaire est m\u00eame bien avanc\u00e9e: \u00ab\u00a0La semaine prochaine, le jury de concours pour choisir un architecte va se r\u00e9unir, a-t-il lanc\u00e9. C\u2019est parti, elle va \u00eatre faite, et quasiment sans emprunt.\u00a0\u00bb<\/p>\n<p>Padel \u00e0 Repentance: vers une acceptation?<\/p>\n<p>L\u2019\u00e9dile a encore indiqu\u00e9 que les travaux seront act\u00e9s avant les prochaines \u00e9lections municipales, \u00ab\u00a0pour qu\u2019on ne puisse pas revenir en arri\u00e8re\u00a0\u00bb. \u00ab\u00a0Il s\u2019agira d\u2019une piscine sportive, sans toboggan ou autre, de 25m, mais avec 6 couloirs au lieu de 4 actuellement.\u00a0\u00bb<\/p>\n<p>Renseignements suppl\u00e9mentaires pris apr\u00e8s la s\u00e9ance, l\u2019appel d\u2019offres a d\u00e9j\u00e0 eu lieu, auquel une vingtaine d\u2019architectes a r\u00e9pondu. Trois seront s\u00e9lectionn\u00e9s sur dossier la semaine prochaine donc, qui seront alors appel\u00e9s \u00e0 pr\u00e9senter un avant-projet \u00e0 la Ville. Le candidat retenu sera connu en septembre. Le cahier des charges impose une \u00ab\u00a0piscine d\u2019ext\u00e9rieur, mais couverte\u00a0\u00bb.<\/p>\n<p>Sous r\u00e9serve d\u2019adaptations selon les propositions de l\u2019architecte, la mairie souhaite privil\u00e9gier une structure avec un toit, et des parois en partie ouvertes pour permettre une ventilation naturelle et limiter le ph\u00e9nom\u00e8ne de chloramine, \u00ab\u00a0qui co\u00fbte cher \u00e0 traiter\u00a0\u00bb dans un endroit clos. \u00ab\u00a0En fait, on cherche une solution \u00e9cologique\u00a0\u00bb, r\u00e9sume le maire.<\/p>\n<p>Une chose en amenant d\u00e9cid\u00e9ment une autre, ce projet devrait effectivement voir le jour tout \u00e0 c\u00f4t\u00e9 du terrain o\u00f9 un complexe de padel est toujours d\u2019actualit\u00e9, a indiqu\u00e9 le maire en r\u00e9action \u00e0 une question de Gilles Baldacchino. Et: \u00ab\u00a0Le p\u00e9titionnaire a d\u00e9pos\u00e9 un nouveau permis, a confi\u00e9 Jean-S\u00e9bastien Vialatte. Apparemment, il a rencontr\u00e9 les gens du quartier, avec qui il se serait mis d\u2019accord (tandis qu\u2019un recours est toujours pendant au tribunal administratif). Mais j\u2019attends de voir. \u00ab\u00a0<\/p>\n<p>Vers une reconversion de la piscine Tournesol?<\/p>\n<p>\u00ab\u00a0Et que va devenir l\u2019actuelle piscine?\u00a0\u00bb, a relanc\u00e9 Dominique Nemeth. S\u2019il est trop t\u00f4t pour le dire, \u00ab\u00a0c\u2019est un vrai sujet\u00a0\u00bb, estime le maire, qui envisage en tout cas de conserver cette structure remarquable, de l\u2019architecte Bernard Schoeller et construite en 1979. Et d\u2019en d\u00e9tourner la fonction premi\u00e8re: \u00ab\u00a0On re\u00e7oit d\u00e9j\u00e0 des propositions, comme une salle d\u2019exposition en lien avec les activit\u00e9s sportives \u00e0 Six-Fours et ses champions; un lieu de rencontre pour les associations; quelqu\u2019un a m\u00eame propos\u00e9 une serre aux papillons\u2026 Mais \u00e0 l\u2019heure actuelle, il n\u2019y a rien de d\u00e9cid\u00e9. On choisira ensemble\u00a0\u00bb, a-t-il d\u00e9clar\u00e9, \u00e0 la surprise de M. Nemeth, heureux de l\u2019invitation. \u00ab\u00a0Mais apr\u00e8s les \u00e9lections\u00a0\u00bb, a souffl\u00e9 le maire sortant\u2026 et visiblement confiant.<\/p>\n<p>            R\u00e9sidences autonomie, city stade, cam\u00e9ras&#8230;<\/p>\n<p>L\u2019avenir des r\u00e9sidences autonomie communales s\u2019est de nouveau invit\u00e9 dans le d\u00e9bat. Le maire a redit que \u00ab\u00a0ces structures ne correspondent plus aux attentes des personnes \u00e2g\u00e9es valides\u00a0\u00bb, et particuli\u00e8rement \u00e0 la Fondation Leli\u00e8vre, bien plus excentr\u00e9e que la r\u00e9sidence Faraut \u00ab\u00a0o\u00f9 certains pensionnaires ont encore plaisir \u00e0 se rendre en centre-ville\u00a0\u00bb.<\/p>\n<p>Avec \u00ab\u00a0un d\u00e9ficit de 700.000 euros l\u2019an dernier\u00a0\u00bb cumul\u00e9 sur ces structures, cette perte d\u2019attractivit\u00e9 est donc particuli\u00e8rement pr\u00e9occupante pour la commune. \u00ab\u00a0Nous avons d\u00e9j\u00e0 ferm\u00e9 une des deux ailes de la Fondation Leli\u00e8vre\u00a0\u00bb, a fait savoir Jean-S\u00e9bastien Vialatte. Et des \u00e9tudes ont invalid\u00e9 la possibilit\u00e9 de transformer les lieux en une structure m\u00e9dicalis\u00e9e.<\/p>\n<p>Une piste existe cependant: adapter l\u2019aile vid\u00e9e pour y faire des chambres d\u2019\u00e9tudiants \u00e0 destination du lyc\u00e9e professionnel de la Coudouli\u00e8re, qui conna\u00eet une forte demande. C\u2019est en r\u00e9flexion.<\/p>\n<p>La construction d\u2019un city stade \u00e0 proximit\u00e9 des \u00e9coles Condorcet et Reynier va d\u00e9buter la semaine prochaine. D\u2019une surface de 12 m sur 24 m, il sera destin\u00e9 aux \u00e9l\u00e8ves sur le temps scolaire, puis \u00e0 tous en dehors.<\/p>\n<p>Le dispositif de vid\u00e9oprotection va encore se renforcer, avec une dizaine de cam\u00e9ras fixes suppl\u00e9mentaires et trois nomades.<\/p>\n<p>L\u2019ensemble du conseil a salu\u00e9 l\u2019accession en Nationale 3 du club de football de Six-Fours, bien que suspendue \u00e0 une ultime commission, \u00ab\u00a0mais qui ne devrait pas poser de probl\u00e8me\u00a0\u00bb, croit savoir le maire. Il a not\u00e9 le c\u00f4t\u00e9 \u00ab\u00a0historique\u00a0\u00bb de la performance. Et \u00ab\u00a0assur\u00e9 le club du soutien (notamment financier) de la Ville et de TPM dans cette nouvelle aventure.\u00a0\u00bb<\/p>\n","protected":false},"excerpt":{"rendered":"Un sujet en am\u00e8ne souvent un autre au conseil municipal de Six-Fours. Apr\u00e8s le vote des comptes de&hellip;\n","protected":false},"author":2,"featured_media":192615,"comment_status":"","ping_status":"","sticky":false,"template":"","format":"standard","meta":{"footnotes":""},"categories":[9619],"tags":[1111,11,1777,674,1011,27,12,316,882,25,2310,1352,3366],"class_list":{"0":"post-192614","1":"post","2":"type-post","3":"status-publish","4":"format-standard","5":"has-post-thumbnail","7":"category-toulon","8":"tag-actu","9":"tag-actualites","10":"tag-eu","11":"tag-europe","12":"tag-fr","13":"tag-france","14":"tag-news","15":"tag-politique","16":"tag-provence-alpes-cote-dazur","17":"tag-republique-francaise","18":"tag-toulon","19":"tag-urbanisme","20":"tag-vie-locale"},"share_on_mastodon":{"url":"https:\/\/pubeurope.com\/@fr\/114719494369194078","error":""},"_links":{"self":[{"href":"https:\/\/www.europesays.com\/fr\/wp-json\/wp\/v2\/posts\/192614","targetHints":{"allow":["GET"]}}],"collection":[{"href":"https:\/\/www.europesays.com\/fr\/wp-json\/wp\/v2\/posts"}],"about":[{"href":"https:\/\/www.europesays.com\/fr\/wp-json\/wp\/v2\/types\/post"}],"author":[{"embeddable":true,"href":"https:\/\/www.europesays.com\/fr\/wp-json\/wp\/v2\/users\/2"}],"replies":[{"embeddable":true,"href":"https:\/\/www.europesays.com\/fr\/wp-json\/wp\/v2\/comments?post=192614"}],"version-history":[{"count":0,"href":"https:\/\/www.europesays.com\/fr\/wp-json\/wp\/v2\/posts\/192614\/revisions"}],"wp:featuredmedia":[{"embeddable":true,"href":"https:\/\/www.europesays.com\/fr\/wp-json\/wp\/v2\/media\/192615"}],"wp:attachment":[{"href":"https:\/\/www.europesays.com\/fr\/wp-json\/wp\/v2\/media?parent=192614"}],"wp:term":[{"taxonomy":"category","embeddable":true,"href":"https:\/\/www.europesays.com\/fr\/wp-json\/wp\/v2\/categories?post=192614"},{"taxonomy":"post_tag","embeddable":true,"href":"https:\/\/www.europesays.com\/fr\/wp-json\/wp\/v2\/tags?post=192614"}],"curies":[{"name":"wp","href":"https:\/\/api.w.org\/{rel}","templated":true}]}}