{"id":192622,"date":"2025-06-21T04:40:13","date_gmt":"2025-06-21T04:40:13","guid":{"rendered":"https:\/\/www.europesays.com\/fr\/192622\/"},"modified":"2025-06-21T04:40:13","modified_gmt":"2025-06-21T04:40:13","slug":"tout-se-jouera-aux-elections-municipales","status":"publish","type":"post","link":"https:\/\/www.europesays.com\/fr\/192622\/","title":{"rendered":"TOUT SE JOUERA AUX \u00c9LECTIONS MUNICIPALES"},"content":{"rendered":"<p>Posted On 21 juin 2025 <\/p>\n<p style=\"text-align: justify;\">La loi qui a supprim\u00e9 les ZFE, <a href=\"https:\/\/grenoble-le-changement.fr\/2025\/05\/31\/est-ce-la-fin-de-la-zfe-a-grenoble\/\" rel=\"nofollow noopener\" target=\"_blank\">le 24 juin n&rsquo;est pas encore d\u00e9finitivement adopt\u00e9e<\/a>. Elle doit passer en commission mixte paritaire Assembl\u00e9e\/S\u00e9nat \u00e0 la rentr\u00e9e. Si elle \u00e9tait confirm\u00e9e, elle encourt la censure que les \u00e9lus Verts\/LFI\/PS demanderont pour tenter de la faire annuler sous le pr\u00e9texte dit du \u00ab\u00a0cavalier\u00a0\u00bb : la suppression des ZFE est rattach\u00e9e \u00e0 une loi de simplification administrative, elle est donc tr\u00e8s \u00e9loign\u00e9e du texte initial.\u00a0<\/p>\n<p style=\"text-align: justify;\">Ce juridisme fou, dit \u00ab\u00a0\u00e9tat de droit\u00a0\u00bb, pourrait permettre d&rsquo;aller contre la volont\u00e9 d&rsquo;une majorit\u00e9 de D\u00e9put\u00e9s. En attendant la M\u00e9tropole a d\u00e9cid\u00e9 de \u00ab prolonger la p\u00e9riode p\u00e9dagogique de douze mois pour les v\u00e9hicules Crit\u2019air 3, soit jusqu\u2019en juillet 2026. \u00bb (DL du 20\/6\/25). C&rsquo;est \u00e0 dire de frapper apr\u00e8s les \u00e9lections.<\/p>\n<p><img decoding=\"async\" data-id=\"61466\" src=\"https:\/\/i0.wp.com\/grenoble-le-changement.fr\/wp-content\/uploads\/2023\/05\/Circulation-ZFE.jpg?w=678&amp;ssl=1\" alt=\"\" class=\"wp-image-61466 jetpack-lazy-image\" data-recalc-dims=\"1\" data-lazy-src=\"https:\/\/www.europesays.com\/fr\/wp-content\/uploads\/2025\/06\/Circulation-ZFE.jpg\" \/><br \/>\nL&rsquo;affiche de l&rsquo;Union de Quartier Berriat contre l&rsquo;attaque des pauvres <\/p>\n<p><strong>LES \u00c9LUS ROUGE\/VERTS FERONT LA ZFE QUOI QU&rsquo;IL ARRIVE<\/strong><\/p>\n<p style=\"text-align: justify;\">On va en effet demeurer dans le grand flou jusqu&rsquo;aux \u00e9lections. Loi vot\u00e9e ou pas. Mais d&rsquo;ores et d\u00e9j\u00e0 les \u00e9lus Rouge\/Verts aid\u00e9s des \u00e9lus PS pr\u00e9voient de se raccrocher au \u00ab\u00a0Plan Protection de l&rsquo;Atmosph\u00e8re\u00a0\u00bb sign\u00e9 en pr\u00e9fecture qui contraint \u00ab\u00a0de mettre en place une ZFE pour v\u00e9hicules particuliers, a minima selon le calendrier demand\u00e9 par la loi.\u00a0\u00bb (DL du 20\/6\/25). Obligation de ZFE m\u00eame si la loi ZFE est annul\u00e9e ? Cet imbroglio donnera toutes les possibilit\u00e9s aux \u00e9lus pour poursuivre dans la coercition imb\u00e9cile.\u00a0<\/p>\n<p style=\"text-align: justify;\"><strong>ILS INVENTENT DES MORTS \u00c0 TOUS LES COINS DE RUE<\/strong><\/p>\n<p style=\"text-align: justify;\">D&rsquo;ailleurs les \u00e9lus Piollistes &#8211; donc <a href=\"https:\/\/grenoble-le-changement.fr\/2025\/05\/26\/scop-alma-que-fait-laurence-ruffin-verts-lfi-des-2-5-millions-d-e-de-resultats\/\" rel=\"nofollow noopener\" target=\"_blank\">Laurence Ruffin<\/a> qui se pr\u00e9sente pour eux &#8211; font d\u00e9j\u00e0 dans la surench\u00e8re et l&rsquo;affolement. <a href=\"https:\/\/grenoble-le-changement.fr\/2025\/04\/11\/zfe-linsupportable-hypocrisie-de-piolle-et-des-verts-lfi-a-grenoble\/\" rel=\"nofollow noopener\" target=\"_blank\">D\u00e9non\u00e7ant les morts de pollution<\/a> qui jonchent les trottoirs de nos villes &#8211; en r\u00e9alit\u00e9, sur des crit\u00e8res tr\u00e8s discutables selon lesquels dans le Tri\u00e8ves, en moyenne, les habitants b\u00e9n\u00e9ficieraient de l&rsquo;ordre de trois mois de vie suppl\u00e9mentaire et, rapport\u00e9 au nombre, \u00e7a fait des morts &#8211; ils appellent \u00e0 \u00ab\u00a0une r\u00e9volution des politiques de mobilit\u00e9\u00a0\u00bb. (DL du 20\/6\/25). Pour eux mettre en place une politique \u00e9quilibr\u00e9e, ne pas p\u00e9naliser les pauvres c&rsquo;est favoriser \u00ab\u00a0le tout-voitures\u00a0\u00bb.<\/p>\n<p style=\"text-align: justify;\"><strong>L. RUFFIN : LA CANDIDATE DE PIOLLE SUR LA LIGNE DURE<\/strong><\/p>\n<p style=\"text-align: justify;\"><a href=\"https:\/\/grenoble-le-changement.fr\/2025\/03\/13\/j-cucarollo-verts-lfi-perd-son-proces-contre-glc\/\" rel=\"nofollow noopener\" target=\"_blank\">Margot Belair<\/a>, Laurence Ruffin, <a href=\"https:\/\/grenoble-le-changement.fr\/2024\/02\/14\/culture-a-grenoble-nouveau-crash-de-lucille-lheureux\/\" rel=\"nofollow noopener\" target=\"_blank\">Lucille Lheureux<\/a>\u00a0et Nicolas Beron-Perez qui ont pr\u00e9sent\u00e9 leur candidature hier pour continuer la politique municipale sont sur cette ligne dure <a href=\"https:\/\/grenoble-le-changement.fr\/2025\/01\/16\/grenoble-a-coeur-et-la-zfe-toutes-les-facons-de-mentir-aux-grenoblois-sont-reunies\/\" rel=\"nofollow noopener\" target=\"_blank\">et de mensonges.<\/a> Le dernier qui appartient au groupe communiste navigue en pleine contradiction : au Conseil M\u00e9tropolitain, Jacqueline Madrennes, de son groupe, avait d\u00e9pos\u00e9 un voeu pour abroger la ZFE compte tenu <a href=\"https:\/\/grenoble-le-changement.fr\/2025\/01\/27\/zfe-la-grogne-montre-contre-la-fausse-ecologie-vraiment-punitive\/\" rel=\"nofollow noopener\" target=\"_blank\">des cons\u00e9quences pour les personnes modestes.<\/a> Le m\u00eame groupe qui avait refus\u00e9 tous les amendements d&rsquo;Alain Carignon visant \u00e0 reporter la ZFE de trois ans&#8230;\u00a0<\/p>\n<p style=\"text-align: justify;\">Tout le monde est d\u00e9sormais align\u00e9 sur la ligne Ruffin\/Piolle, <a href=\"https:\/\/grenoble-le-changement.fr\/2025\/06\/14\/laurence-ruffin-ecarte-ses-concurrentes-et-copie-les-methodes-piolle\/\" rel=\"nofollow noopener\" target=\"_blank\">toujours la m\u00eame<\/a>, la plus \u00e9loign\u00e9e de la r\u00e9alit\u00e9 et de toute once de pragmatisme.<\/p>\n<p><img decoding=\"async\" data-id=\"80608\" src=\"https:\/\/i1.wp.com\/grenoble-le-changement.fr\/wp-content\/uploads\/2025\/03\/montpellier-zfe.png?w=678&amp;ssl=1\" alt=\"\" class=\"wp-image-80608 jetpack-lazy-image\" data-recalc-dims=\"1\" data-lazy-src=\"https:\/\/www.europesays.com\/fr\/wp-content\/uploads\/2025\/06\/montpellier-zfe.png\" \/>D&rsquo;autres villes ont d\u00e9j\u00e0 fait le choix de r\u00e9trop\u00e9daler<br \/>\nD&rsquo;autres villes de gauche avaient repouss\u00e9 \u00e0 apr\u00e8s les \u00e9lections municipales &#8230;<\/p>\n<p style=\"text-align: justify;\"><strong>ALAIN CARIGNON METTRA FIN AUX CRIT&rsquo;AIR 3 QUOI QU&rsquo;IL ARRIVE<\/strong><\/p>\n<p style=\"text-align: justify;\">Quoi qu&rsquo;il arrive, l<a href=\"https:\/\/grenoble-le-changement.fr\/2024\/11\/15\/zfe-75-000-voitures-sont-interdites-dentree-dans-la-metropole-le-1er-janvier\/\" rel=\"nofollow noopener\" target=\"_blank\">a seule certitude est la fin des Crit&rsquo;Air 3 au 1er juillet 2026<\/a> si Alain Carignon est \u00e9lu Maire de Grenoble. Car m\u00eame la loi maintenue ne contraint pas Grenoble \u00e0 mettre en place cette mesure. Rien n&#8217;emp\u00eache donc Grenoble de s&rsquo;y refuser.\u00a0<\/p>\n<p style=\"text-align: justify;\"><strong>DES \u00c9LUS PS VONT JOUER LES SUPPL\u00c9TIFS COMME D&rsquo;HABITUDE<\/strong><\/p>\n<p style=\"text-align: justify;\">Cette usine \u00e0 gaz l\u00e9gislative et r\u00e9glementaire permet aux citoyens de comprendre qui d\u00e9cide quoi. Localement la reconduction de la majorit\u00e9 sortante <a href=\"https:\/\/grenoble-le-changement.fr\/2024\/11\/23\/laurence-ruffin-verts-lfi-petits-mensonges-et-gros-sabots\/\" rel=\"nofollow noopener\" target=\"_blank\">que Laurence Ruffin<\/a> appelle \u00e0 demeurer \u00e0 l&rsquo;identique, avec LFI et des socialistes d\u00e9croch\u00e9s (les nouveaux<a href=\"https:\/\/grenoble-le-changement.fr\/2024\/06\/21\/maxence-alloto-anatomie-dune-trompette\/\" rel=\"nofollow noopener\" target=\"_blank\"> Maxence Alloto<\/a>, Anouche Agobian ou Laure Masson de 2026) &#8211; on sait comment ils finissent (!) &#8211; <a href=\"https:\/\/grenoble-le-changement.fr\/2025\/05\/01\/amandine-germain-ps-deja-au-service-laurence-ruffin-verts\/\" rel=\"nofollow noopener\" target=\"_blank\">qui vendent leur \u00e2me pour un plat de lentilles<\/a>, produirait un alignement sur cette folie anti-voitures \u00e0 priori, par principe, et sans discernement ni prise en compte des besoins.<\/p>\n<p style=\"text-align: justify;\"><strong>LA ZFE EST SUSPENDUE AUX \u00c9LECTIONS MUNICIPALES<\/strong><\/p>\n<p style=\"text-align: justify;\">Ce dossier de la ZFE est suspendu aux \u00e9lections municipales. M\u00eame si la loi de suppression \u00e9tait vot\u00e9e, m\u00eame si elle \u00e9tait promulgu\u00e9e par le Pr\u00e9sident de la R\u00e9publique qui peut ne pas le faire, m\u00eame si elle n&rsquo;\u00e9tait pas censur\u00e9e par le Conseil Constitutionnel, localement les \u00e9lus se raccrocheraient au Plan de Protection de l&rsquo;Atmosph\u00e8re pour frapper les automobilistes.\u00a0<\/p>\n<\/p>\n<p>\u00c0 maintes reprises Alain Carignon est intervenu au Conseil Municipal et au Conseil M\u00e9tropolitain pour emp\u00eacher, retarder en attendant les \u00e9lections municipales<\/p>\n<p><strong>TOUTES LES COMMUNES DE LA M\u00c9TROPIOLLE SONT CONCERN\u00c9ES<\/strong><\/p>\n<p style=\"text-align: justify;\">Tous ceux qui d\u00e9sirent un d\u00e9veloppement harmonieux et \u00e9quilibr\u00e9 de la M\u00e9tropole, tous ceux qui sont atterr\u00e9s par l&rsquo;appauvrissement de son centre, par les difficult\u00e9s de vivre subies par des milliers d&rsquo;habitants \u00e2g\u00e9s, \u00e0 mobilit\u00e9 r\u00e9duite, des familles qui ne peuvent plus utiliser des modes de d\u00e9placements en fonction de leurs besoins r\u00e9els, doivent observer les enjeux et se mobiliser.\u00a0<\/p>\n<p style=\"text-align: justify;\">Dans toutes les communes de la M\u00e9tropole il faut battre les \u00e9lus associ\u00e9s aux Rouge\/Verts, c&rsquo;est \u00e0 dire les \u00e9lus sortants \u00e0 Echirolles, Pont de Claix, St Martin d&rsquo;H\u00e8res, Gi\u00e8res, Poisat, Meylan, Seyssinet, Seyssins, Varces&#8230; Ce sont eux qui ont vot\u00e9 avec Piolle hier et qui voteraient <a href=\"https:\/\/grenoble-le-changement.fr\/2024\/11\/23\/laurence-ruffin-verts-lfi-petits-mensonges-et-gros-sabots\/\" rel=\"nofollow noopener\" target=\"_blank\">avec Laurence Ruffin demain. <\/a><\/p>\n<p style=\"text-align: justify;\"><strong>LES CITOYENS CONSCIENTS DOIVENT S&rsquo;ENGAGER<\/strong><\/p>\n<p style=\"text-align: justify;\">Il ne s&rsquo;agit donc pas de rousp\u00e9ter dans son coin ou sur son clavier. Mais bien de s&rsquo;engager \u00e0 Grenoble et dans ces communes pour changer la donne. En prenant contact avec les groupes d&rsquo;opposition pour participer \u00e0 leur action p\u00e9dagogique d&rsquo;information. Sur les d\u00e9placements comme sur le reste, c&rsquo;est la derni\u00e8re chance du territoire.\u00a0<\/p>\n","protected":false},"excerpt":{"rendered":"Posted On 21 juin 2025 La loi qui a supprim\u00e9 les ZFE, le 24 juin n&rsquo;est pas encore&hellip;\n","protected":false},"author":2,"featured_media":192623,"comment_status":"","ping_status":"","sticky":false,"template":"","format":"standard","meta":{"footnotes":""},"categories":[9566],"tags":[1111,11,9601,33156,2430,33157,9607,1777,674,1011,27,2731,10849,27722,10136,10612,10613,10614,12,24294,25,3533],"class_list":{"0":"post-192622","1":"post","2":"type-post","3":"status-publish","4":"format-standard","5":"has-post-thumbnail","7":"category-grenoble","8":"tag-actu","9":"tag-actualites","10":"tag-alain-carignon","11":"tag-anouche-agobian","12":"tag-auvergne-rhone-alpes","13":"tag-critair-3","14":"tag-eric-piolle","15":"tag-eu","16":"tag-europe","17":"tag-fr","18":"tag-france","19":"tag-grenoble","20":"tag-jacqueline-madrennes","21":"tag-laure-masson","22":"tag-laurence-ruffin","23":"tag-lucille-lheureux","24":"tag-margot-belair","25":"tag-maxence-alloto","26":"tag-news","27":"tag-nicolas-beron-perez","28":"tag-republique-francaise","29":"tag-zfe"},"share_on_mastodon":{"url":"https:\/\/pubeurope.com\/@fr\/114719518006476843","error":""},"_links":{"self":[{"href":"https:\/\/www.europesays.com\/fr\/wp-json\/wp\/v2\/posts\/192622","targetHints":{"allow":["GET"]}}],"collection":[{"href":"https:\/\/www.europesays.com\/fr\/wp-json\/wp\/v2\/posts"}],"about":[{"href":"https:\/\/www.europesays.com\/fr\/wp-json\/wp\/v2\/types\/post"}],"author":[{"embeddable":true,"href":"https:\/\/www.europesays.com\/fr\/wp-json\/wp\/v2\/users\/2"}],"replies":[{"embeddable":true,"href":"https:\/\/www.europesays.com\/fr\/wp-json\/wp\/v2\/comments?post=192622"}],"version-history":[{"count":0,"href":"https:\/\/www.europesays.com\/fr\/wp-json\/wp\/v2\/posts\/192622\/revisions"}],"wp:featuredmedia":[{"embeddable":true,"href":"https:\/\/www.europesays.com\/fr\/wp-json\/wp\/v2\/media\/192623"}],"wp:attachment":[{"href":"https:\/\/www.europesays.com\/fr\/wp-json\/wp\/v2\/media?parent=192622"}],"wp:term":[{"taxonomy":"category","embeddable":true,"href":"https:\/\/www.europesays.com\/fr\/wp-json\/wp\/v2\/categories?post=192622"},{"taxonomy":"post_tag","embeddable":true,"href":"https:\/\/www.europesays.com\/fr\/wp-json\/wp\/v2\/tags?post=192622"}],"curies":[{"name":"wp","href":"https:\/\/api.w.org\/{rel}","templated":true}]}}