{"id":192624,"date":"2025-06-21T04:41:08","date_gmt":"2025-06-21T04:41:08","guid":{"rendered":"https:\/\/www.europesays.com\/fr\/192624\/"},"modified":"2025-06-21T04:41:08","modified_gmt":"2025-06-21T04:41:08","slug":"grenoble-ces-lignes-de-bus-et-de-tram-a-larret-pour-le-deuxieme-jour-de-greve-a-mtag","status":"publish","type":"post","link":"https:\/\/www.europesays.com\/fr\/192624\/","title":{"rendered":"Grenoble. Ces lignes de bus et de tram \u00e0 l&rsquo;arr\u00eat pour le deuxi\u00e8me jour de gr\u00e8ve \u00e0 MTag"},"content":{"rendered":"<p>            Par<br \/>\n        <strong><br \/>\n            <a href=\"https:\/\/actu.fr\/auteur\/redaction-grenoble\" title=\"Consulter tous les articles de R\u00e9daction Grenoble\" target=\"_blank\" rel=\"noopener\">R\u00e9daction Grenoble<\/a><br \/>\n        <\/strong><\/p>\n<p>        Publi\u00e9 le<\/p>\n<p>            21 juin 2025 \u00e0 6h02        <\/p>\n<p>Apr\u00e8s une <a href=\"https:\/\/actu.fr\/auvergne-rhone-alpes\/grenoble_38185\/grenoble-greve-dans-les-bus-et-trams-un-enfer-ces-lignes-ne-circuleront-pas-vendredi_62798697.html\" target=\"_blank\" rel=\"noopener\">premi\u00e8re journ\u00e9e de gr\u00e8ve<\/a> tr\u00e8s suivie, les agents de <strong>MTag<\/strong> remettent le couvert, samedi 21 juin, jour de la F\u00eate de la musique.\u00a0<\/p>\n<p class=\" wall-content\">Le gestionnaire des r\u00e9seaux de transports en commun de la M\u00e9tropole de Grenoble, MR\u00e9so, a confirm\u00e9 le <a href=\"https:\/\/www.reso-m.fr\/55-infotrafic.htm\" target=\"_blank\" rel=\"noopener\">plan de circulation<\/a> sur la capitale des Alpes pour ce samedi. L\u00e0 aussi, <strong>plusieurs lignes de bus et de tram<\/strong> sont impact\u00e9es par la gr\u00e8ve, jusqu\u2019\u00e0 dimanche 22 juin au matin.<\/p>\n<p>Toujours aucun tram samedi<\/p>\n<p class=\" wall-content\">Comme la veille, les <strong>cinq lignes de tram ne circuleront pas<\/strong> ce samedi sur <a href=\"https:\/\/actu.fr\/auvergne-rhone-alpes\/grenoble_38185\" target=\"_blank\" rel=\"noopener\">Grenoble<\/a>, tout comme les <strong>7 lignes de bus urbains<\/strong> d\u00e9j\u00e0 \u00e0 l\u2019arr\u00eat : les lignes C2, C6, et\u00a0les lignes 16, 18, 19, 20 et 22.<\/p>\n<p class=\" wall-content\">Les autres lignes Chrono (C1, C3, C4, C5, C7, C8) circuleront avec une \u00ab\u00a0fr\u00e9quence et une amplitude restreinte\u00a0\u00bb, pr\u00e9vient MR\u00e9so.<\/p>\n<p>    <a href=\"https:\/\/www.facebook.com\/plugins\/post.php?href=https%3A%2F%2Fwww.facebook.com%2FTransports.Mreso%2Fposts%2Fpfbid0m6jjR3vmxk2SUy1itkcyxnmKFWvzHGdMwugwyzg2FuTpXpBYrP7PKU6ga11PAdx1l&amp;show_text=true&amp;width=350\" title=\"Ouvrie le lien\" target=\"_blank\" rel=\"noopener\">Cliquez ici pour visualiser le contenu<\/a><\/p>\n<p class=\" wall-content\">Les lignes de transports intra-Voironnais et intra-Gr\u00e9sivaudan ne sont pas concern\u00e9es par ces perturbations.<\/p>\n<p>Vid\u00e9os : en ce moment sur Actu<\/p>\n<p class=\" wall-content\">Il faudra donc trouver un autre moyen de se rendre \u00e0 Grenoble si vous souhaitez profiter de la <a href=\"https:\/\/actu.fr\/auvergne-rhone-alpes\/grenoble_38185\/fete-de-la-musique-2025-a-grenoble-cinq-concerts-gratuits-selectionnes-pour-vous_62764366.html\" target=\"_blank\" rel=\"noopener\">F\u00eate de la musique<\/a>. \u00c0 noter que le SMMAG (Syndicat mixte des mobilit\u00e9s de l\u2019aire grenobloise) a tout de m\u00eame d\u00e9cid\u00e9 de rendre les bus et trams gratuits d\u00e8s 17 heures ce samedi.<\/p>\n<p>Un appel \u00e0 la gr\u00e8ve de l\u2019intersyndicale<\/p>\n<p class=\" wall-content\">Pour rappel, l\u2019appel \u00e0 la gr\u00e8ve a \u00e9t\u00e9 lanc\u00e9 par l\u2019intersyndicale MTag pour protester contre un <strong>projet de r\u00e9organisation interne<\/strong>\u00a0qui, selon elle, d\u00e9graderait davantage les conditions de travail des salari\u00e9s.<\/p>\n<p class=\" wall-content\">En outre, une <a href=\"https:\/\/actu.fr\/auvergne-rhone-alpes\/grenoble_38185\/grenoble-greve-annoncee-des-transports-mtag-un-avant-gout-de-ce-qui-nous-attend_62760738.html\" target=\"_blank\" rel=\"noopener\">quarantaine de postes serait menac\u00e9e<\/a> par cette r\u00e9organisation, affirme les syndicats.<\/p>\n<p class=\" wall-content\">Suivez toute l\u2019actualit\u00e9 de vos villes et m\u00e9dias favoris en vous inscrivant \u00e0 <a href=\"https:\/\/moncompte.actu.fr\" title=\"D\u00e9couvez Mon Actu\" rel=\"nofollow noopener\" data-trk=\"{&quot;cta&quot;:{&quot;action&quot;:&quot;https:\\\/\\\/moncompte.actu.fr&quot;,&quot;category&quot;:&quot;mon compte&quot;,&quot;from&quot;:&quot;article footer&quot;,&quot;name&quot;:&quot;Mon actu&quot;,&quot;type&quot;:&quot;cta&quot;}}\" target=\"_blank\">Mon Actu<\/a>.<\/p>\n","protected":false},"excerpt":{"rendered":"Par R\u00e9daction Grenoble Publi\u00e9 le 21 juin 2025 \u00e0 6h02 Apr\u00e8s une premi\u00e8re journ\u00e9e de gr\u00e8ve tr\u00e8s suivie,&hellip;\n","protected":false},"author":2,"featured_media":192625,"comment_status":"","ping_status":"","sticky":false,"template":"","format":"standard","meta":{"footnotes":""},"categories":[9566],"tags":[1111,11,2430,1777,674,1011,27,2731,6151,12,25,104,2803,8194],"class_list":{"0":"post-192624","1":"post","2":"type-post","3":"status-publish","4":"format-standard","5":"has-post-thumbnail","7":"category-grenoble","8":"tag-actu","9":"tag-actualites","10":"tag-auvergne-rhone-alpes","11":"tag-eu","12":"tag-europe","13":"tag-fr","14":"tag-france","15":"tag-grenoble","16":"tag-greve","17":"tag-news","18":"tag-republique-francaise","19":"tag-societe","20":"tag-transport","21":"tag-transport-de-lagglomeration-grenobloise-tag"},"share_on_mastodon":{"url":"https:\/\/pubeurope.com\/@fr\/114719521716303257","error":""},"_links":{"self":[{"href":"https:\/\/www.europesays.com\/fr\/wp-json\/wp\/v2\/posts\/192624","targetHints":{"allow":["GET"]}}],"collection":[{"href":"https:\/\/www.europesays.com\/fr\/wp-json\/wp\/v2\/posts"}],"about":[{"href":"https:\/\/www.europesays.com\/fr\/wp-json\/wp\/v2\/types\/post"}],"author":[{"embeddable":true,"href":"https:\/\/www.europesays.com\/fr\/wp-json\/wp\/v2\/users\/2"}],"replies":[{"embeddable":true,"href":"https:\/\/www.europesays.com\/fr\/wp-json\/wp\/v2\/comments?post=192624"}],"version-history":[{"count":0,"href":"https:\/\/www.europesays.com\/fr\/wp-json\/wp\/v2\/posts\/192624\/revisions"}],"wp:featuredmedia":[{"embeddable":true,"href":"https:\/\/www.europesays.com\/fr\/wp-json\/wp\/v2\/media\/192625"}],"wp:attachment":[{"href":"https:\/\/www.europesays.com\/fr\/wp-json\/wp\/v2\/media?parent=192624"}],"wp:term":[{"taxonomy":"category","embeddable":true,"href":"https:\/\/www.europesays.com\/fr\/wp-json\/wp\/v2\/categories?post=192624"},{"taxonomy":"post_tag","embeddable":true,"href":"https:\/\/www.europesays.com\/fr\/wp-json\/wp\/v2\/tags?post=192624"}],"curies":[{"name":"wp","href":"https:\/\/api.w.org\/{rel}","templated":true}]}}