{"id":192630,"date":"2025-06-21T04:44:16","date_gmt":"2025-06-21T04:44:16","guid":{"rendered":"https:\/\/www.europesays.com\/fr\/192630\/"},"modified":"2025-06-21T04:44:16","modified_gmt":"2025-06-21T04:44:16","slug":"finances-de-la-ville-jumelage-avec-aida-les-points-a-lordre-du-jour-lundi","status":"publish","type":"post","link":"https:\/\/www.europesays.com\/fr\/192630\/","title":{"rendered":"finances de la Ville, jumelage avec Aida\u2026 les points \u00e0 l\u2019ordre du jour lundi"},"content":{"rendered":"<p>  &#8211; Une trajectoire d\u2019endettement \u00e0 surveiller<\/p>\n<p>\u00ab\u00a0Entre\u00a02019 et\u00a02023, <a href=\"https:\/\/www.dna.fr\/politique\/2025\/05\/14\/l-endettement-croissant-de-la-ville-passe-au-crible-de-la-chambre-regionale-des-compte\" target=\"_blank\" rel=\"noopener\">la situation financi\u00e8re de la commune de Strasbourg s\u2019est d\u00e9grad\u00e9e<\/a> \u00a0\u00bb, malgr\u00e9 une hausse importante des recettes fiscales. La synth\u00e8se de la Chambre, soumise ce lundi 23\u00a0juin au conseil municipal, a un d\u00e9but un peu raide. Et ce d\u2019autant que les magistrats pointent que le taux d\u2019\u00e9pargne brute est tomb\u00e9 \u00e0 8,2\u00a0% en 2023. La capacit\u00e9 d\u2019autofinancement nette ne couvrant que 19\u00a0% des investissements r\u00e9alis\u00e9s sur la p\u00e9riode (524\u00a0millions d\u2019euros).<\/p>\n<p>La suite n\u2019est pas tendre non plus. <a href=\"https:\/\/www.dna.fr\/politique\/2025\/03\/28\/la-dette-va-dans-le-rouge-le-climat-aussi\" target=\"_blank\" rel=\"noopener\">La moiti\u00e9 des investissements a \u00e9t\u00e9 financ\u00e9e \u00ab\u00a0par l\u2019emprunt\u00a0\u00bb<\/a> , faisant passer le d\u00e9lai de d\u00e9sendettement de \u00ab\u00a05,1 \u00e0 9,2 ann\u00e9es\u00a0\u00bb. Si cette tendance se poursuit, \u00ab\u00a0la Ville pourrait d\u00e9passer le seuil d\u2019alerte de 12 ans d\u00e8s 2025\u00a0\u00bb, et la capacit\u00e9 d\u2019autofinancement nette serait quasiment nulle d\u00e8s 2027.<\/p>\n<p>Par ailleurs, 12\u00a0% des investissements ont \u00e9t\u00e9 financ\u00e9s par \u00ab\u00a0des cessions de patrimoine\u00a0\u00bb, mais le plan de cession pour les ann\u00e9es \u00e0 venir ne permet pas d\u2019envisager un maintien de ce niveau de financement. La Chambre recommande donc \u00e0 la Ville d\u2019accro\u00eetre son \u00e9pargne \u00ab\u00a0en optimisant ses d\u00e9penses de fonctionnement\u00a0\u00bb, afin de contenir l\u2019endettement. En gros, d\u00e9penser moins parce qu\u2019il n\u2019y aura de toute fa\u00e7on plus d\u2019argenterie \u00e0 vendre. Ouch.<\/p>\n<p>\u00c0 noter, la Ville n\u2019est pas rest\u00e9e les bras ballants. <a href=\"https:\/\/www.dna.fr\/p\/jeanne-barseghian\" target=\"_blank\" rel=\"noopener\">Jeanne Barseghian<\/a>, dans un courrier annex\u00e9 \u00e0 la d\u00e9lib\u00e9ration et dat\u00e9 de mars, conteste la m\u00e9thodologie du calcul de la capacit\u00e9 de d\u00e9sendettement qu\u2019applique la CRC. Sans aller trop loin dans la technique financi\u00e8re, la maire y souligne que des provisions r\u00e9alis\u00e9es pour couvrir les risques li\u00e9s \u00e0 la hausse du co\u00fbt de l\u2019\u00e9nergie ne sont pas reprises en recettes, alors que la d\u00e9pense est bien retrac\u00e9e dans le compte de gestion. \u00ab\u00a0Le constat d\u2019une d\u00e9gradation acc\u00e9l\u00e9r\u00e9e de la situation financi\u00e8re de la commune me semble devoir \u00eatre \u00e0 tout le moins nuanc\u00e9\u00a0\u00bb, \u00e9crit donc l\u2019\u00e9dile. Et bim\u00a0!<\/p>\n<p>  &#8211; Une politique \u00e9ducative renforc\u00e9e, mais des r\u00e9sultats in\u00e9gaux<\/p>\n<p>\u00ab\u00a0Entre\u00a02019 et\u00a02023, alors que les effectifs scolaires ont baiss\u00e9 de 5\u00a0%\u00a0\u00bb, les d\u00e9penses \u00e9ducatives ont augment\u00e9 de 26\u00a0% en fonctionnement et de 38\u00a0% en investissement, rel\u00e8ve par ailleurs la CRC. Ces hausses s\u2019expliquent notamment par l\u2019embauche d\u2019Atsem pour all\u00e9ger les effectifs par classe, et par la prise en charge croissante de la restauration scolaire. Ce n\u2019est pas une critique, on peut m\u00eame y voir la reconnaissance que c\u2019est un domaine o\u00f9 la municipalit\u00e9 a beaucoup fait.<\/p>\n<p>Cependant, des disparit\u00e9s demeurent, pointe la Chambre r\u00e9gionale\u00a0: environ 20\u00a0% des cantines assurent trois services quotidiens, toutes les \u00e9coles ne sont pas aux normes de s\u00e9curit\u00e9, et l\u2019accueil p\u00e9riscolaire reste in\u00e9gal. Les magistrats invitent la commune \u00ab\u00a0\u00e0 mener une \u00e9tude sur les \u00e9l\u00e8ves scolaris\u00e9s hors de leur commune de r\u00e9sidence et \u00e0 demander\u00a0\u00bb, si besoin, le remboursement des frais aff\u00e9rents aux mairies concern\u00e9es. Financi\u00e8rement de bonne gestion, mais peut-\u00eatre politiquement p\u00e9rilleux.<\/p>\n<p>  Proche-Orient\u00a0: le jumelage avec le camp d\u2019Aida, point ultrasensible<\/p>\n<p>Dans \u00ab\u00a0la continuit\u00e9 des motions vot\u00e9es les 6\u00a0novembre et 12\u00a0d\u00e9cembre 2023\u00a0\u00bb, <a href=\"https:\/\/www.dna.fr\/politique\/2025\/05\/22\/strasbourg-va-etre-jumelee-avec-le-camp-d-aida-en-soutien-au-peuple-palestinien\" target=\"_blank\" rel=\"noopener\">Strasbourg propose de conclure un jumelage avec le camp de r\u00e9fugi\u00e9s d\u2019Aida (Cisjordanie)<\/a> , via son comit\u00e9 populaire, pour renforcer les coop\u00e9rations dans la jeunesse, la culture, le sport et les droits des femmes. Elle entend aussi participer \u00e0 un projet de biblioth\u00e8que pour enfants \u00e0 Bethl\u00e9em, aux c\u00f4t\u00e9s de Grenoble, Montpellier et Chartres, dans le cadre d\u2019un appel \u00e0 projet franco palestinien 2025 \u2013 2027 du minist\u00e8re des Affaires \u00e9trang\u00e8res.<\/p>\n<p>La Ville pr\u00e9voit enfin de verser 20\u00a0000\u00a0\u20ac au Fonds de solidarit\u00e9 Gaza de Cit\u00e9s unies France, et de soutenir les actions de sensibilisation locales li\u00e9es \u00e0 la Palestine. Elle r\u00e9affirme son attachement au cessez-le-feu, \u00e0 la fin du si\u00e8ge de Gaza, \u00e0 la lib\u00e9ration des otages et \u00e0 la cr\u00e9ation d\u2019un \u00c9tat palestinien aux c\u00f4t\u00e9s d\u2019Isra\u00ebl.<\/p>\n<p>On sait d\u00e9j\u00e0 que \u00e7a ne suffira pas \u00e0 d\u00e9samorcer la pol\u00e9mique\u00a0: le Consistoire isra\u00e9lite, le Crif Alsace et le Fonds social juif unifi\u00e9 appellent \u00e0 un rassemblement en amont du conseil, 8\u00a0h\u00a030 devant le centre administratif, pour sensibiliser les \u00e9lus \u00ab\u00a0sur les discours de haines antisionistes qui se d\u00e9veloppent dans notre ville \u00e0 travers les graffitis, les affiches et les manifestations radicales\u00a0\u00bb. Pour rappeler \u00ab\u00a0qu\u2019Isra\u00ebl se sacrifie pour emp\u00eacher le d\u00e9veloppement de la menace islamiste dans le monde\u00a0\u00bb. En \u00ab\u00a0solidarit\u00e9 avec la Ville jumel\u00e9e de Ramat Gan sous les bombardements du r\u00e9gime des Mollah et contre le gel du jumelage\u00a0\u00bb.<\/p>\n","protected":false},"excerpt":{"rendered":"&#8211; Une trajectoire d\u2019endettement \u00e0 surveiller \u00ab\u00a0Entre\u00a02019 et\u00a02023, la situation financi\u00e8re de la commune de Strasbourg s\u2019est d\u00e9grad\u00e9e&hellip;\n","protected":false},"author":2,"featured_media":192631,"comment_status":"","ping_status":"","sticky":false,"template":"","format":"standard","meta":{"footnotes":""},"categories":[2820],"tags":[1111,11,1984,2880,1777,674,107,1011,27,775,3035,12,316,25,640,2879],"class_list":{"0":"post-192630","1":"post","2":"type-post","3":"status-publish","4":"format-standard","5":"has-post-thumbnail","7":"category-strasbourg","8":"tag-actu","9":"tag-actualites","10":"tag-conseil-municipal","11":"tag-edition-strasbourg","12":"tag-eu","13":"tag-europe","14":"tag-fil-info","15":"tag-fr","16":"tag-france","17":"tag-grand-est","18":"tag-la-matinale-strasbourg","19":"tag-news","20":"tag-politique","21":"tag-republique-francaise","22":"tag-strasbourg","23":"tag-strasbourg-ville"},"share_on_mastodon":{"url":"https:\/\/pubeurope.com\/@fr\/114719533699729531","error":""},"_links":{"self":[{"href":"https:\/\/www.europesays.com\/fr\/wp-json\/wp\/v2\/posts\/192630","targetHints":{"allow":["GET"]}}],"collection":[{"href":"https:\/\/www.europesays.com\/fr\/wp-json\/wp\/v2\/posts"}],"about":[{"href":"https:\/\/www.europesays.com\/fr\/wp-json\/wp\/v2\/types\/post"}],"author":[{"embeddable":true,"href":"https:\/\/www.europesays.com\/fr\/wp-json\/wp\/v2\/users\/2"}],"replies":[{"embeddable":true,"href":"https:\/\/www.europesays.com\/fr\/wp-json\/wp\/v2\/comments?post=192630"}],"version-history":[{"count":0,"href":"https:\/\/www.europesays.com\/fr\/wp-json\/wp\/v2\/posts\/192630\/revisions"}],"wp:featuredmedia":[{"embeddable":true,"href":"https:\/\/www.europesays.com\/fr\/wp-json\/wp\/v2\/media\/192631"}],"wp:attachment":[{"href":"https:\/\/www.europesays.com\/fr\/wp-json\/wp\/v2\/media?parent=192630"}],"wp:term":[{"taxonomy":"category","embeddable":true,"href":"https:\/\/www.europesays.com\/fr\/wp-json\/wp\/v2\/categories?post=192630"},{"taxonomy":"post_tag","embeddable":true,"href":"https:\/\/www.europesays.com\/fr\/wp-json\/wp\/v2\/tags?post=192630"}],"curies":[{"name":"wp","href":"https:\/\/api.w.org\/{rel}","templated":true}]}}