{"id":192636,"date":"2025-06-21T04:47:13","date_gmt":"2025-06-21T04:47:13","guid":{"rendered":"https:\/\/www.europesays.com\/fr\/192636\/"},"modified":"2025-06-21T04:47:13","modified_gmt":"2025-06-21T04:47:13","slug":"cette-oeuvre-de-totor-mise-aux-encheres-au-profit-de-la-recherche-contre-les-cancers-pediatriques-a-nice","status":"publish","type":"post","link":"https:\/\/www.europesays.com\/fr\/192636\/","title":{"rendered":"Cette \u0153uvre de Totor mise aux ench\u00e8res au profit de la recherche contre les cancers p\u00e9diatriques \u00e0 Nice"},"content":{"rendered":"<p>Un Totor \u00e0 moto. Fonceur et triomphant. C\u2019est la pi\u00e8ce ma\u00eetresse d\u2019une vente aux ench\u00e8res au profit des enfants malades. Une vente en guise de rendez-vous annuel donn\u00e9 par le Lions Club Nice Mass\u00e9na.<\/p>\n<p>Ce club service ni\u00e7ois organise sa vente caritative demain, dans la d\u00e9pendance d\u2019une \u00e9glise du Vieux-Nice. Parrain\u00e9e par l\u2019artiste St\u00e9phane Bolongaro, le p\u00e8re du chien Totor, cette vente aura pour cible la lutte contre les cancers p\u00e9diatriques. D\u2019o\u00f9 le slogan de la vente: \u00ab\u00a0Ensemble, aidons la recherche\u00a0\u00bb.<\/p>\n<p>On peut l\u2019aider en achetant des tableaux r\u00e9gionalistes, des \u0153uvres contemporaines, des objets d\u2019histoire et du quotidien, des livres, des bandes dessin\u00e9es\u2026 Le chien Totor chevauchant une moto sera donc la star de ce grand moment de solidarit\u00e9 et de g\u00e9n\u00e9rosit\u00e9. Il sera \u00e9galement \u00e0 l\u2019affiche du tramway avec son effigie placard\u00e9e sur le train urbain d\u00e8s la semaine prochaine.<\/p>\n<p><strong>Savoir+<\/strong><br \/>&#13;<br \/>\nVente aux ench\u00e8res demain, \u00e0 14h30, salle du presbyt\u00e8re de l\u2019\u00e9glise Saint-Martin-et-Saint-Augustin, rue Sincaire. Exposition des \u0153uvres et objets de 10h30 \u00e0 12h30.<\/p>\n","protected":false},"excerpt":{"rendered":"Un Totor \u00e0 moto. Fonceur et triomphant. C\u2019est la pi\u00e8ce ma\u00eetresse d\u2019une vente aux ench\u00e8res au profit des&hellip;\n","protected":false},"author":2,"featured_media":192637,"comment_status":"","ping_status":"","sticky":false,"template":"","format":"standard","meta":{"footnotes":""},"categories":[2819],"tags":[1111,11,1777,674,1011,27,12,2401,882,25,3366],"class_list":{"0":"post-192636","1":"post","2":"type-post","3":"status-publish","4":"format-standard","5":"has-post-thumbnail","7":"category-nice","8":"tag-actu","9":"tag-actualites","10":"tag-eu","11":"tag-europe","12":"tag-fr","13":"tag-france","14":"tag-news","15":"tag-nice","16":"tag-provence-alpes-cote-dazur","17":"tag-republique-francaise","18":"tag-vie-locale"},"share_on_mastodon":{"url":"https:\/\/pubeurope.com\/@fr\/114719545381947862","error":""},"_links":{"self":[{"href":"https:\/\/www.europesays.com\/fr\/wp-json\/wp\/v2\/posts\/192636","targetHints":{"allow":["GET"]}}],"collection":[{"href":"https:\/\/www.europesays.com\/fr\/wp-json\/wp\/v2\/posts"}],"about":[{"href":"https:\/\/www.europesays.com\/fr\/wp-json\/wp\/v2\/types\/post"}],"author":[{"embeddable":true,"href":"https:\/\/www.europesays.com\/fr\/wp-json\/wp\/v2\/users\/2"}],"replies":[{"embeddable":true,"href":"https:\/\/www.europesays.com\/fr\/wp-json\/wp\/v2\/comments?post=192636"}],"version-history":[{"count":0,"href":"https:\/\/www.europesays.com\/fr\/wp-json\/wp\/v2\/posts\/192636\/revisions"}],"wp:featuredmedia":[{"embeddable":true,"href":"https:\/\/www.europesays.com\/fr\/wp-json\/wp\/v2\/media\/192637"}],"wp:attachment":[{"href":"https:\/\/www.europesays.com\/fr\/wp-json\/wp\/v2\/media?parent=192636"}],"wp:term":[{"taxonomy":"category","embeddable":true,"href":"https:\/\/www.europesays.com\/fr\/wp-json\/wp\/v2\/categories?post=192636"},{"taxonomy":"post_tag","embeddable":true,"href":"https:\/\/www.europesays.com\/fr\/wp-json\/wp\/v2\/tags?post=192636"}],"curies":[{"name":"wp","href":"https:\/\/api.w.org\/{rel}","templated":true}]}}