{"id":192638,"date":"2025-06-21T04:48:25","date_gmt":"2025-06-21T04:48:25","guid":{"rendered":"https:\/\/www.europesays.com\/fr\/192638\/"},"modified":"2025-06-21T04:48:25","modified_gmt":"2025-06-21T04:48:25","slug":"le-circuit-de-leau-potable-dans-une-usine-de-traitement-et-ses-limites","status":"publish","type":"post","link":"https:\/\/www.europesays.com\/fr\/192638\/","title":{"rendered":"Le circuit de l\u2019eau potable dans une usine de traitement et ses limites"},"content":{"rendered":"<tr wp_automatic_readability=\"5.8676470588235\">\n<td valign=\"middle\" align=\"center\" class=\"col-logo\" wp_automatic_readability=\"5\">\n    <img decoding=\"async\" src=\"https:\/\/maville.com\/design\/images\/logo-of-monetise.svg?version=20130627\" alt=\"logo Ouest-France\" height=\"66\"\/><\/p>\n<p>Contenu r\u00e9serv\u00e9 aux abonn\u00e9s<\/p>\n<\/td>\n<td class=\"col-titre\">\n\t\t\tVendredi 20 juin 2025 21:46<br \/>\n\t\t\t<a class=\"icon-bulle sizeL count\" href=\"#ancreAvis\"><br \/>\n\t&#8230;<br \/>\n<\/a><\/td>\n<\/tr>\n<p>\t\t<a class=\"mavillebox2 elmt-photo\" href=\"https:\/\/maville.com\/photosmvi\/2025\/06\/20\/P35304411D6864012G.jpg\" title=\" L\u2019unit\u00e9 de production d\u2019eau potable du Plessis-Pas-Brunet, \u00e0 Nort-sur-Erdre (Loire-Atlantique) a \u00e9t\u00e9 inaugur\u00e9e, vendredi 20\u00a0juin, apr\u00e8s des travaux de r\u00e9habilitation.  \u00a9  Ouest-France  &lt;!--TAG-BLC credit--&gt;\" rel=\"galerie_actu nofollow noopener\" target=\"_blank\"><br \/>\n\t<img decoding=\"async\" src=\"https:\/\/www.europesays.com\/fr\/wp-content\/uploads\/2025\/06\/P35304411D6864012G_crop_640-330_.jpg\" alt=\"photo  l\u2019unit\u00e9 de production d\u2019eau potable du plessis-pas-brunet, \u00e0 nort-sur-erdre (loire-atlantique) a \u00e9t\u00e9 inaugur\u00e9e, vendredi 20\u00a0juin, apr\u00e8s des travaux de r\u00e9habilitation.  \u00a9  ouest-france \"\/><br \/>\n\t1<br \/>\n<\/a><\/p>\n<p class=\"elmt-legende\"> L\u2019unit\u00e9 de production d\u2019eau potable du Plessis-Pas-Brunet, \u00e0 Nort-sur-Erdre (Loire-Atlantique) a \u00e9t\u00e9 inaugur\u00e9e, vendredi 20\u00a0juin, apr\u00e8s des travaux de r\u00e9habilitation.  \u00a9  Ouest-France  <\/p>\n<p>\t\tComment l\u2019eau potable arrive-t-elle jusque dans nos robinets de la meilleure qualit\u00e9 possible\u00a0? C\u2019est le r\u00f4le d\u2019une unit\u00e9 de production. Le syndicat public Atlantic\u2019eau g\u00e8re quatorze des dix-sept\u00a0de Loire-Atlantique. Il vient d\u2019inaugurer celle du Plessis-Pas-Brunet, \u00e0 Nort-sur-Erdre. On vous explique comment \u00e7a marche et quelles sont les limites d\u2019une usine comme celle-ci.<\/p>\n<p><b>Cet article est r\u00e9serv\u00e9 aux abonn\u00e9s<\/b><\/p>\n<p>Pour un acc\u00e8s imm\u00e9diat, abonnez-vous<\/p>\n<p><b>1\u00e8re semaine offerte<\/b><\/p>\n<p>\t\t B\u00e9atrice CHOT-PLASSOT. \u00a0\u00a0<br \/>\n\t\tOuest-France<\/p>\n<p>Retrouvez d&rsquo;autres actus sur les communes de :<\/p>\n<p>\t\t&#13;<\/p>\n","protected":false},"excerpt":{"rendered":"Contenu r\u00e9serv\u00e9 aux abonn\u00e9s Vendredi 20 juin 2025 21:46 &#8230; 1 L\u2019unit\u00e9 de production d\u2019eau potable du Plessis-Pas-Brunet,&hellip;\n","protected":false},"author":2,"featured_media":192639,"comment_status":"","ping_status":"","sticky":false,"template":"","format":"standard","meta":{"footnotes":""},"categories":[2818],"tags":[1111,11,14106,4858,1777,674,1011,27,16885,766,12,2636,4859,25,3272,227,2103],"class_list":{"0":"post-192638","1":"post","2":"type-post","3":"status-publish","4":"format-standard","5":"has-post-thumbnail","7":"category-nantes","8":"tag-actu","9":"tag-actualites","10":"tag-circuit","11":"tag-eau","12":"tag-eu","13":"tag-europe","14":"tag-fr","15":"tag-france","16":"tag-limites","17":"tag-nantes","18":"tag-news","19":"tag-pays-de-la-loire","20":"tag-potable","21":"tag-republique-francaise","22":"tag-saint-nazaire","23":"tag-traitement","24":"tag-usine"},"share_on_mastodon":{"url":"https:\/\/pubeurope.com\/@fr\/114719549300758275","error":""},"_links":{"self":[{"href":"https:\/\/www.europesays.com\/fr\/wp-json\/wp\/v2\/posts\/192638","targetHints":{"allow":["GET"]}}],"collection":[{"href":"https:\/\/www.europesays.com\/fr\/wp-json\/wp\/v2\/posts"}],"about":[{"href":"https:\/\/www.europesays.com\/fr\/wp-json\/wp\/v2\/types\/post"}],"author":[{"embeddable":true,"href":"https:\/\/www.europesays.com\/fr\/wp-json\/wp\/v2\/users\/2"}],"replies":[{"embeddable":true,"href":"https:\/\/www.europesays.com\/fr\/wp-json\/wp\/v2\/comments?post=192638"}],"version-history":[{"count":0,"href":"https:\/\/www.europesays.com\/fr\/wp-json\/wp\/v2\/posts\/192638\/revisions"}],"wp:featuredmedia":[{"embeddable":true,"href":"https:\/\/www.europesays.com\/fr\/wp-json\/wp\/v2\/media\/192639"}],"wp:attachment":[{"href":"https:\/\/www.europesays.com\/fr\/wp-json\/wp\/v2\/media?parent=192638"}],"wp:term":[{"taxonomy":"category","embeddable":true,"href":"https:\/\/www.europesays.com\/fr\/wp-json\/wp\/v2\/categories?post=192638"},{"taxonomy":"post_tag","embeddable":true,"href":"https:\/\/www.europesays.com\/fr\/wp-json\/wp\/v2\/tags?post=192638"}],"curies":[{"name":"wp","href":"https:\/\/api.w.org\/{rel}","templated":true}]}}