{"id":192650,"date":"2025-06-21T04:54:08","date_gmt":"2025-06-21T04:54:08","guid":{"rendered":"https:\/\/www.europesays.com\/fr\/192650\/"},"modified":"2025-06-21T04:54:08","modified_gmt":"2025-06-21T04:54:08","slug":"mons-en-baroeul-attention-des-travaux-chez-heineken-vont-perturber-la-circulation-pendant-plusieurs-semaines","status":"publish","type":"post","link":"https:\/\/www.europesays.com\/fr\/192650\/","title":{"rendered":"Mons-en-Bar\u0153ul. Attention, des travaux chez Heineken vont perturber la circulation pendant plusieurs semaines"},"content":{"rendered":"<p>            Par<br \/>\n        <strong><br \/>\n            <a href=\"https:\/\/actu.fr\/auteur\/nicolas-demollien\" title=\"Consulter tous les articles de Nicolas Demollien\" target=\"_blank\" rel=\"noopener\">Nicolas Demollien<\/a><br \/>\n        <\/strong><\/p>\n<p>        Publi\u00e9 le<\/p>\n<p>            21 juin 2025 \u00e0 6h08        <\/p>\n<p>Prudence si vous devez circuler <b>aux abords de l\u2019immense usine Heineken<\/b> \u00e0 <a href=\"https:\/\/actu.fr\/hauts-de-france\/mons-en-baroeul_59410\" target=\"_blank\" rel=\"noopener\">Mons-en-Bar\u0153ul<\/a>, tout pr\u00e8s de <a href=\"https:\/\/actu.fr\/hauts-de-france\/lille_59350\" target=\"_blank\" rel=\"noopener\">Lille<\/a> (Nord). En effet, l\u2019entreprise doit mener d\u2019<b>importants travaux<\/b> qui vont <b>perturber<\/b> la <a href=\"https:\/\/actu.fr\/tag\/circulation\" target=\"_blank\" rel=\"noopener\">circulation<\/a> durant <b>plusieurs semaines<\/b>, du jeudi 26 juin au vendredi 18 juillet 2025.<\/p>\n<p>Un chantier chez Heineken perturbe la circulation \u00e0 Mons-en-Bar\u0153ul\u00a0<\/p>\n<p class=\" wall-content\">Concr\u00e8tement, la <b>portion de la rue du G\u00e9n\u00e9ral de Gaulle<\/b> entre l\u2019avenue Marc Sangnier et la rue d\u2019Auvergne sera totalement ferm\u00e9e \u00e0 la circulation.<\/p>\n<p class=\" wall-content\">\u00ab\u00a0La <b>circulation, l\u2019arr\u00eat et le stationnement de v\u00e9hicules seront g\u00eanants<\/b> sur ce passage durant la dur\u00e9e du chantier\u00a0\u00bb, pr\u00e9vient-on du c\u00f4t\u00e9 de la Ville.<\/p>\n<p class=\" wall-content\">La circulation des v\u00e9hicules sera donc d\u00e9vi\u00e9e en amont par l\u2019avenue du Bar\u0153ul et les voies adjacentes en direction de la Pilaterie, \u00ab\u00a0sauf livraison en desserte locale et desserte des habitations riveraines\u00a0\u00bb, pr\u00e9cise la municipalit\u00e9. Notons \u00e9galement que la <b>circulation des pi\u00e9tons sera interdite dans l\u2019emprise du chantier<\/b> et d\u00e9tourn\u00e9e vers les rues adjacentes.<\/p>\n<p>    <a href=\"https:\/\/www.facebook.com\/plugins\/post.php?href=https%3A%2F%2Fwww.facebook.com%2Fmonsenbaroeul59370%2Fposts%2Fpfbid0a2aiXN5y9YXt1Jf5Q46tKxRq39w1xB9Zpt7zpXMzrYqXfufped3ULNDW3yQ51eJzl&amp;show_text=true&amp;width=350\" title=\"Ouvrie le lien\" target=\"_blank\" rel=\"noopener\">Cliquez ici pour visualiser le contenu<\/a><\/p>\n<p>Vid\u00e9os : en ce moment sur Actu<\/p>\n<p class=\" wall-content\">Le chantier, qualifi\u00e9 d\u2019important pour Heineken, n\u00e9cessite les <b>installations de nouvelles cuves<\/b> sur son site.<\/p>\n<p class=\" wall-content\">Suivez toute l\u2019actualit\u00e9 de vos villes et m\u00e9dias favoris en vous inscrivant \u00e0 <a href=\"https:\/\/moncompte.actu.fr\" title=\"D\u00e9couvez Mon Actu\" rel=\"nofollow noopener\" data-trk=\"{&quot;cta&quot;:{&quot;action&quot;:&quot;https:\\\/\\\/moncompte.actu.fr&quot;,&quot;category&quot;:&quot;mon compte&quot;,&quot;from&quot;:&quot;article footer&quot;,&quot;name&quot;:&quot;Mon actu&quot;,&quot;type&quot;:&quot;cta&quot;}}\" target=\"_blank\">Mon Actu<\/a>.<\/p>\n","protected":false},"excerpt":{"rendered":"Par Nicolas Demollien Publi\u00e9 le 21 juin 2025 \u00e0 6h08 Prudence si vous devez circuler aux abords de&hellip;\n","protected":false},"author":2,"featured_media":192651,"comment_status":"","ping_status":"","sticky":false,"template":"","format":"standard","meta":{"footnotes":""},"categories":[2815],"tags":[1111,11,7722,3542,1777,674,1011,27,811,1307,12,25,104,2086],"class_list":{"0":"post-192650","1":"post","2":"type-post","3":"status-publish","4":"format-standard","5":"has-post-thumbnail","7":"category-lille","8":"tag-actu","9":"tag-actualites","10":"tag-biere","11":"tag-circulation","12":"tag-eu","13":"tag-europe","14":"tag-fr","15":"tag-france","16":"tag-hauts-de-france","17":"tag-lille","18":"tag-news","19":"tag-republique-francaise","20":"tag-societe","21":"tag-travaux"},"share_on_mastodon":{"url":"https:\/\/pubeurope.com\/@fr\/114719572850172433","error":""},"_links":{"self":[{"href":"https:\/\/www.europesays.com\/fr\/wp-json\/wp\/v2\/posts\/192650","targetHints":{"allow":["GET"]}}],"collection":[{"href":"https:\/\/www.europesays.com\/fr\/wp-json\/wp\/v2\/posts"}],"about":[{"href":"https:\/\/www.europesays.com\/fr\/wp-json\/wp\/v2\/types\/post"}],"author":[{"embeddable":true,"href":"https:\/\/www.europesays.com\/fr\/wp-json\/wp\/v2\/users\/2"}],"replies":[{"embeddable":true,"href":"https:\/\/www.europesays.com\/fr\/wp-json\/wp\/v2\/comments?post=192650"}],"version-history":[{"count":0,"href":"https:\/\/www.europesays.com\/fr\/wp-json\/wp\/v2\/posts\/192650\/revisions"}],"wp:featuredmedia":[{"embeddable":true,"href":"https:\/\/www.europesays.com\/fr\/wp-json\/wp\/v2\/media\/192651"}],"wp:attachment":[{"href":"https:\/\/www.europesays.com\/fr\/wp-json\/wp\/v2\/media?parent=192650"}],"wp:term":[{"taxonomy":"category","embeddable":true,"href":"https:\/\/www.europesays.com\/fr\/wp-json\/wp\/v2\/categories?post=192650"},{"taxonomy":"post_tag","embeddable":true,"href":"https:\/\/www.europesays.com\/fr\/wp-json\/wp\/v2\/tags?post=192650"}],"curies":[{"name":"wp","href":"https:\/\/api.w.org\/{rel}","templated":true}]}}