{"id":192655,"date":"2025-06-21T04:57:09","date_gmt":"2025-06-21T04:57:09","guid":{"rendered":"https:\/\/www.europesays.com\/fr\/192655\/"},"modified":"2025-06-21T04:57:09","modified_gmt":"2025-06-21T04:57:09","slug":"marseille-zone-etendue-interdiction-de-circulation-stationnement-cet-evenement-populaire-de-retour","status":"publish","type":"post","link":"https:\/\/www.europesays.com\/fr\/192655\/","title":{"rendered":"Marseille. Zone \u00e9tendue, interdiction de circulation, stationnement&#8230; Cet \u00e9v\u00e9nement populaire de retour"},"content":{"rendered":"<p>            Par<br \/>\n        <strong><br \/>\n            <a href=\"https:\/\/actu.fr\/auteur\/thibault-nadal-actu-fr\" title=\"Consulter tous les articles de Thibault Nadal\" rel=\"nofollow noopener\" target=\"_blank\">Thibault Nadal<\/a><br \/>\n        <\/strong><\/p>\n<p>        Publi\u00e9 le<\/p>\n<p>            21 juin 2025 \u00e0 6h08        <\/p>\n<p>C\u2019est un rendez-vous d\u00e9sormais incontournable. Ce dimanche 22\u00a0juin 2025, la ville de <a href=\"https:\/\/actu.fr\/marseille\/\" rel=\"nofollow noopener\" target=\"_blank\">Marseille<\/a> s\u2019appr\u00eate \u00e0 c\u00e9l\u00e9brer <strong>la 30e \u00e9dition de \u00ab\u2009La Voie est Libre\u2009\u00bb<\/strong>, cet \u00e9v\u00e9nement qui, depuis quatre ans, permet de se promener en toute s\u00e9curit\u00e9 sur <a href=\"https:\/\/actu.fr\/tag\/corniche\" rel=\"nofollow noopener\" target=\"_blank\">la Corniche<\/a> (7e), puisque <a href=\"https:\/\/actu.fr\/tag\/automobile\" rel=\"nofollow noopener\" target=\"_blank\">les voitures<\/a> y sont interdites.<\/p>\n<p class=\" wall-content\">Pour cette nouvelle journ\u00e9e, la municipalit\u00e9 promet \u00ab\u2009quelques surprises\u2009\u00bb et annonce que \u00ab\u2009la pi\u00e9tonnisation de la Corniche Kennedy s\u2019\u00e9tendra, <strong>exceptionnellement, de la plage des Catalans jusqu\u2019au David<\/strong>\u2009\u00bb de 11h \u00e0 20h.<\/p>\n<p>Un programme riche<\/p>\n<p class=\" wall-content\">Le coup d\u2019envoi sera donn\u00e9 par <a href=\"https:\/\/actu.fr\/tag\/benoit-payan\" rel=\"nofollow noopener\" target=\"_blank\">Beno\u00eet Payan<\/a>. Le maire de Marseille viendra en personne d\u00e9voiler \u00ab\u2009la plaque officielle du Stade nautique Florence Arthaud, en hommage \u00e0 la navigatrice l\u00e9gendaire\u2009\u00bb.<\/p>\n<p class=\" wall-content\">La journ\u00e9e sera ensuite rythm\u00e9e par plusieurs activit\u00e9s culturelles, musicales ou sportives, avec notamment des sorties en mer. <strong>Le tout gratuitement<\/strong>. Le programme complet est \u00e0 retrouver sur le site de la ville en cliquant sur <a href=\"https:\/\/www.marseille.fr\/sites\/default\/files\/contenu\/environnement\/PDF\/lvel-programme-2206.pdf\" rel=\"nofollow noopener\" target=\"_blank\">ce lien<\/a>.<\/p>\n<p class=\" wall-content\">Comme \u00e0 chaque \u00e9dition de \u00ab\u2009La Voie est Libre\u2009\u00bb, plusieurs restrictions de circulation et de stationnement sont impos\u00e9s. Voici le d\u00e9tail.<\/p>\n<p>Vid\u00e9os : en ce moment sur ActuStationnement interdit<strong>Du jeudi\u00a019, 21h30, au lundi 23\u00a0juin \u00e0 23h\u2009:<\/strong><\/p>\n<ul class=\" wall-content\">\n<li>Sur la totalit\u00e9 des emplacements du terre-plein situ\u00e9 \u00e0 la hauteur du n\u00b0397,<\/li>\n<li>C\u00f4t\u00e9 impair, sur 20m \u00e0 la hauteur du chemin du Vallon de l\u2019Oriol,<\/li>\n<li>Promenade G. Pompidou c\u00f4t\u00e9 impair sur 20m \u00e0 partir du n\u00b095.<\/li>\n<\/ul>\n<p class=\" wall-content\"><strong>Du samedi\u00a021, 8h, au dimanche 22\u00a0juin, 23h<\/strong>\u2009:<\/p>\n<ul class=\" wall-content\">\n<li>Place Paul-Ricard en totalit\u00e9,<\/li>\n<li>Parking face \u00e0 la Villa Gaby.<\/li>\n<\/ul>\n<p class=\" wall-content\"><strong>Du samedi\u00a021, 21h30, au dimanche 22\u00a0juin, 23h<\/strong>\u2009:<\/p>\n<ul class=\" wall-content\">\n<li>Place du Proph\u00e8te en totalit\u00e9,<\/li>\n<li>Parking du Mar\u00e9graphe en totalit\u00e9,<\/li>\n<li>Parking de l\u2019H\u00e9lice en totalit\u00e9 (M\u00e9morial des Rapatri\u00e9s d\u2019Alg\u00e9rie),<\/li>\n<li>Square Danjaume en totalit\u00e9 (M\u00e9morial des Poilus d\u2019Orient),<\/li>\n<li>Entre l\u2019avenue Talabot et la rue Cne-Dessemond, des deux c\u00f4t\u00e9s,<\/li>\n<li>Entre l\u2019avenue du Colonel-S\u00e9rot et l\u2019avenue Talabot des deux c\u00f4t\u00e9s,<\/li>\n<li>Traverse Sainte-H\u00e9l\u00e8ne\u2009: entre la rue Pierre-Mouren et la Corniche Kennedy des deux c\u00f4t\u00e9s,<\/li>\n<li>Entre l\u2019avenue du Colonel-S\u00e9rot et la rue du Commandant-Rolland des deux c\u00f4t\u00e9s,<\/li>\n<li>Rue F\u00e9lix Fr\u00e9gier\u2009: entre Corniche Kennedy et 15 emplacements r\u00e9glement\u00e9s (jusqu\u2019\u00e0 20h seulement).<\/li>\n<\/ul>\n<p>Circulation interdite<\/p>\n<p class=\" wall-content\"><strong>Le dimanche 22\u00a0juin, de 8h30 \u00e0 21h30<\/strong>\u2009:<\/p>\n<ul class=\" wall-content\">\n<li>Corniche Pr\u00e9sident JF-Kennedy entre la promenade Georges Pompidou et l\u2019avenue Talabot et dans ce sens,<\/li>\n<li>L\u2019avenue Talabot et la rue du Cne-Dessemond,<\/li>\n<li>La traverse Pey entre le boulevard Bompard et la Corniche Pr\u00e9sident JF-Kennedy,<\/li>\n<li>La rue Pierre-Mouren entre la rue d\u2019Endoume et la Corniche Pr\u00e9sident JF-Kennedy,<\/li>\n<li>La promenade G. Pompidou entre la rue du Commandant-Rolland et la Corniche,<\/li>\n<li>Promenade G. Pompidou entre av. du Prado et corniche JF-Kennedy,<\/li>\n<li>Contre-all\u00e9e promenade G. Pompidou entre r\u00e9sidence Le N\u00e9r\u00e9e et av. du Cdt-Rolland.<\/li>\n<\/ul>\n<p>Un collectif d\u00e9nonce la tenue de la \u00ab\u2009La Voie est Libre\u2009\u00bb<\/p>\n<p class=\" wall-content\">Mais cette nouvelle \u00e9dition avec un parcours \u00e9tendu a provoqu\u00e9 la col\u00e8re du collectif \u00ab\u2009Notre Corniche Kennedy Marseille\u2009\u00bb. Sur <a href=\"https:\/\/actu.fr\/tag\/facebook\" rel=\"nofollow noopener\" target=\"_blank\">Facebook<\/a>, ses membres assurent avoir \u00e9t\u00e9 pr\u00e9venus \u00e0 la derni\u00e8re minute. \u00ab\u2009Avec 1\u00a0mois de retard, <strong>certains riverains de la Corniche ont re\u00e7u cette lettre le 18\u00a0juin<\/strong> pour le moins assez incroyable aux odeurs de campagne municipale\u2009\u00bb, \u00e9crivent-ils<\/p>\n<p>    <a href=\"https:\/\/www.facebook.com\/plugins\/post.php?href=https%3A%2F%2Fwww.facebook.com%2Fpermalink.php%3Fstory_fbid%3Dpfbid0En1vRaksyjoYRuJ3wj2cgrvKwwkCN73kRQtapDQAUVXjRKYmmdo7WRHZSTd8MdK5l%26id%3D100080205262708&amp;show_text=true&amp;width=350\" title=\"Ouvrie le lien\" rel=\"nofollow noopener\" target=\"_blank\">Cliquez ici pour visualiser le contenu<\/a><\/p>\n<p class=\" wall-content\">Farouchement oppos\u00e9s \u00e0 cette initiative, ils disent <strong>\u00eatre \u00ab\u2009bloqu\u00e9s arbitrairement par les journ\u00e9es pi\u00e9tonnes\u2009\u00bb<\/strong> et affirment proposer \u00ab\u2009des circuits alternatifs\u2009\u00bb. Des courriers qui, selon eux, sont rest\u00e9s sans r\u00e9ponse.<\/p>\n<p class=\" wall-content\">Suivez toute l\u2019actualit\u00e9 de vos villes et m\u00e9dias favoris en vous inscrivant \u00e0 <a href=\"https:\/\/moncompte.actu.fr\" title=\"D\u00e9couvez Mon Actu\" rel=\"nofollow noopener\" data-trk=\"{&quot;cta&quot;:{&quot;action&quot;:&quot;https:\\\/\\\/moncompte.actu.fr&quot;,&quot;category&quot;:&quot;mon compte&quot;,&quot;from&quot;:&quot;article footer&quot;,&quot;name&quot;:&quot;Mon actu&quot;,&quot;type&quot;:&quot;cta&quot;}}\" target=\"_blank\">Mon Actu<\/a>.<\/p>\n","protected":false},"excerpt":{"rendered":"Par Thibault Nadal Publi\u00e9 le 21 juin 2025 \u00e0 6h08 C\u2019est un rendez-vous d\u00e9sormais incontournable. Ce dimanche 22\u00a0juin&hellip;\n","protected":false},"author":2,"featured_media":192656,"comment_status":"","ping_status":"","sticky":false,"template":"","format":"standard","meta":{"footnotes":""},"categories":[2814],"tags":[1111,11,646,7958,1777,674,1011,27,884,12,882,25,104],"class_list":{"0":"post-192655","1":"post","2":"type-post","3":"status-publish","4":"format-standard","5":"has-post-thumbnail","7":"category-marseille","8":"tag-actu","9":"tag-actualites","10":"tag-automobile","11":"tag-corniche","12":"tag-eu","13":"tag-europe","14":"tag-fr","15":"tag-france","16":"tag-marseille","17":"tag-news","18":"tag-provence-alpes-cote-dazur","19":"tag-republique-francaise","20":"tag-societe"},"share_on_mastodon":{"url":"https:\/\/pubeurope.com\/@fr\/114719584631952488","error":""},"_links":{"self":[{"href":"https:\/\/www.europesays.com\/fr\/wp-json\/wp\/v2\/posts\/192655","targetHints":{"allow":["GET"]}}],"collection":[{"href":"https:\/\/www.europesays.com\/fr\/wp-json\/wp\/v2\/posts"}],"about":[{"href":"https:\/\/www.europesays.com\/fr\/wp-json\/wp\/v2\/types\/post"}],"author":[{"embeddable":true,"href":"https:\/\/www.europesays.com\/fr\/wp-json\/wp\/v2\/users\/2"}],"replies":[{"embeddable":true,"href":"https:\/\/www.europesays.com\/fr\/wp-json\/wp\/v2\/comments?post=192655"}],"version-history":[{"count":0,"href":"https:\/\/www.europesays.com\/fr\/wp-json\/wp\/v2\/posts\/192655\/revisions"}],"wp:featuredmedia":[{"embeddable":true,"href":"https:\/\/www.europesays.com\/fr\/wp-json\/wp\/v2\/media\/192656"}],"wp:attachment":[{"href":"https:\/\/www.europesays.com\/fr\/wp-json\/wp\/v2\/media?parent=192655"}],"wp:term":[{"taxonomy":"category","embeddable":true,"href":"https:\/\/www.europesays.com\/fr\/wp-json\/wp\/v2\/categories?post=192655"},{"taxonomy":"post_tag","embeddable":true,"href":"https:\/\/www.europesays.com\/fr\/wp-json\/wp\/v2\/tags?post=192655"}],"curies":[{"name":"wp","href":"https:\/\/api.w.org\/{rel}","templated":true}]}}