{"id":192657,"date":"2025-06-21T04:58:09","date_gmt":"2025-06-21T04:58:09","guid":{"rendered":"https:\/\/www.europesays.com\/fr\/192657\/"},"modified":"2025-06-21T04:58:09","modified_gmt":"2025-06-21T04:58:09","slug":"lyon-une-gendarme-sanctionnee-pour-son-humour-de-camionneur-la-justice-en-remet-une-couche","status":"publish","type":"post","link":"https:\/\/www.europesays.com\/fr\/192657\/","title":{"rendered":"Lyon. Une gendarme sanctionn\u00e9e pour son humour de \u00ab\u00a0camionneur\u00a0\u00bb, la justice en remet une couche"},"content":{"rendered":"<p>            Par<br \/>\n        <strong><br \/>\n            <a href=\"https:\/\/actu.fr\/auteur\/redaction-lyon\" title=\"Consulter tous les articles de R\u00e9daction Lyon\" target=\"_blank\" rel=\"noopener\">R\u00e9daction Lyon<\/a><br \/>\n        <\/strong><\/p>\n<p>        Publi\u00e9 le<\/p>\n<p>            21 juin 2025 \u00e0 6h44        <\/p>\n<p>Le tribunal administratif de <a href=\"https:\/\/actu.fr\/auvergne-rhone-alpes\/lyon_69123\" target=\"_blank\" rel=\"noopener\">Lyon<\/a> a d\u00e9bout\u00e9 une <strong>ancienne adjudante-cheffe<\/strong> de la brigade territoriale autonome (BTA) de Brignais (Rh\u00f4ne) qui entendait contester la sanction qui lui avait \u00e9t\u00e9 inflig\u00e9e sa hi\u00e9rarchie pour ses <strong>\u00ab\u00a0m\u00e9disances \u00e0 caract\u00e8re sexuel\u00a0\u00bb sur une subalterne<\/strong>.<\/p>\n<p class=\" wall-content\">Le commandant de la r\u00e9gion de gendarmerie Auvergne-Rh\u00f4ne-Alpes avait en effet inflig\u00e9 \u00ab\u00a0vingt jours d\u2019arr\u00eats\u00a0\u00bb \u2013 mais avec \u00ab\u00a0dispense d\u2019ex\u00e9cution\u00a0\u00bb \u2013 \u00e0 l\u2019encontre de l\u2019int\u00e9ress\u00e9e le 4 juillet 2023.<\/p>\n<p class=\" wall-content\">Cette gendarme, qui avait quitt\u00e9 Brignais en novembre 2022 pour rejoindre la brigade territoriale de Francheville (Rh\u00f4ne), avait alors saisi la justice administrative le 5 septembre 2023 : elle maintenait que cette sanction reposait sur des faits \u00ab\u00a0mat\u00e9riellement inexacts\u00a0\u00bb et qu\u2019elle \u00e9tait en tout \u00e9tat de cause \u00ab\u00a0disproportionn\u00e9e\u00a0\u00bb.<\/p>\n<p>Des \u00ab\u00a0propos d\u00e9nigrants sur la personnalit\u00e9 d\u2019une gendarme\u00a0\u00bb<\/p>\n<p class=\" wall-content\">La requ\u00e9rante voulait donc que la justice fasse \u00ab\u00a0injonction\u00a0\u00bb au ministre\u00a0(Renaissance)\u00a0des Arm\u00e9es <a href=\"https:\/\/actu.fr\/normandie\/vernon_27681\/quatre-ministres-en-visite-a-vernon-pour-annoncer-louverture-dune-nouvelle-usine-sur-le-site-darianegroup_62772132.html\" target=\"_blank\" rel=\"noopener\">S\u00e9bastien Lecornu<\/a> de bien vouloir \u00ab\u00a0effacer\u00a0\u00bb cette sanction disciplinaire de son dossier \u00ab\u00a0dans un d\u00e9lai de quinze jours\u00a0\u00bb et avec \u00ab\u00a0200 \u20ac par jour de retard\u00a0\u00bb : elle \u00e9tait de nature \u00e0 nuire \u00e0 son avancement de carri\u00e8re.<\/p>\n<p class=\" wall-content\">\u00ab\u00a0L\u2019autorit\u00e9 disciplinaire s\u2019est fond\u00e9e sur l\u2019enqu\u00eate administrative (\u2026), de laquelle il est ressorti que la requ\u00e9rante \u00ab\u00a0a tenu \u00e0 plusieurs reprises des propos d\u00e9nigrants sur la personnalit\u00e9 d\u2019une gendarme ainsi que des m\u00e9disances \u00e0 caract\u00e8re sexuel ou sur son \u00e9tat de sant\u00e9\u00a0\u00bb\u00a0\u00bb, r\u00e9sume le tribunal administratif de Lyon dans un jugement en date du 14 avril 2025 qui vient d\u2019\u00eatre rendu public.<\/p>\n<p class=\" wall-content\">La requ\u00e9rante s\u2019\u00e9tait aussi vu reprocher d\u2019avoir \u00ab\u00a0manqu\u00e9 de sagacit\u00e9 en ne remarquant pas le trouble qu\u2019elle a provoqu\u00e9\u00a0\u00bb chez sa subordonn\u00e9e.<\/p>\n<p>\u00ab\u00a0Froide\u00a0\u00bb, \u00ab\u00a0pr\u00e9cieuse\u00a0\u00bb, \u00ab\u00a0coinc\u00e9e\u00a0\u00bb<\/p>\n<p class=\" wall-content\">\u00ab\u00a0Elle a notamment qualifi\u00e9 \u00e0 plusieurs reprises cette collaboratrice de \u00ab\u00a0froide\u00a0\u00bb, \u00ab\u00a0pr\u00e9cieuse\u00a0\u00bb, \u00ab\u00a0coinc\u00e9e\u00a0\u00bb et indiqu\u00e9 qu\u2019elle \u00ab\u00a0n\u2019avait pas les \u00e9paules pour \u00eatre officier de police judiciaire\u00a0\u00bb\u00a0\u00bb, recontextualisent encore les juges lyonnais.<\/p>\n<p class=\" wall-content\">\u00ab\u00a0Si Mme X. fait valoir qu\u2019elle n\u2019a jamais entendu d\u00e9nigrer la gendarme par ces propos, qui visaient \u00e0 alerter la militaire de la perception, par leur hi\u00e9rarchie, de son comportement, (\u2026) toutefois ces remarques ont entra\u00een\u00e9 chez elle un fort sentiment de mal-\u00eatre au travail, dont elle a fait part \u00e0 plusieurs coll\u00e8gues\u00a0\u00bb, soulignent les juges lyonnais.<\/p>\n<p class=\" wall-content\">\u00ab\u00a0En outre, si la requ\u00e9rante nie toute intention de blesser ou harceler la gendarme, elle n\u2019a pas pour autant per\u00e7u le trouble que son comportement causait chez sa collaboratrice.\u00a0\u00bb<\/p>\n<p>Des \u00ab\u00a0propos \u00e0 caract\u00e8re sexuel\u00a0\u00bb sur sa coll\u00e8gue<\/p>\n<p class=\" wall-content\">L\u2019ancienne adjudante-cheffe de la brigade de Brignais avait aussi tenu des \u00ab\u00a0propos \u00e0 caract\u00e8re sexuel \u00e0 l\u2019encontre de la m\u00eame subordonn\u00e9e\u00a0\u00bb.<\/p>\n<p class=\" wall-content\">\u00ab\u00a0Les propos concern\u00e9s, qui font un lien direct entre la personnalit\u00e9 de la gendarme et sa sexualit\u00e9, ont \u00e9t\u00e9 tenus \u00e0 l\u2019issue d\u2019une r\u00e9union de service en salle de pause et ont \u00e9t\u00e9 entendus par trois autres militaires\u00a0\u00bb, souligne le tribunal administratif de Lyon.<\/p>\n<p class=\" wall-content\">\u00ab\u00a0La requ\u00e9rante ne conteste pas s\u00e9rieusement qu\u2019elle aurait pu tenir de tels propos, sans toutefois s\u2019en souvenir\u00a0\u00bb, ajoute la juridiction.<\/p>\n<p>Coutumi\u00e8re d\u2019un humour \u00ab\u00a0potache\u00a0\u00bb, \u00ab\u00a0rustique\u00a0\u00bb ou \u00ab\u00a0de camionneur\u00a0\u00bb<\/p>\n<p class=\" wall-content\">\u00ab\u00a0Il ressort \u00e9galement des auditions des militaires de la brigade de Brignais que cette derni\u00e8re est coutumi\u00e8re d\u2019un \u00ab\u00a0humour\u00a0\u00bb qualifi\u00e9 de \u00ab\u00a0potache\u00a0\u00bb, \u00ab\u00a0rustique\u00a0\u00bb ou \u00ab\u00a0de camionneur\u00a0\u00bb, allant parfois jusqu\u2019\u00e0 des \u00ab\u00a0blagues \u00e0 caract\u00e8re sexuel.\u00a0\u00bb<\/p>\n<p class=\" wall-content\">Le tribunal administratif de Lyon a simplement conc\u00e9d\u00e9 \u00e0 la requ\u00e9rante qu\u2019il n\u2019\u00e9tait pas d\u00e9montr\u00e9 qu\u2019elle ait tax\u00e9 de \u00ab\u00a0fragile\u00a0\u00bb l\u2019\u00e9tat de sant\u00e9 de sa subalterne.<\/p>\n<p>Le tribunal confirme la sanction de la gendarme<\/p>\n<p class=\" wall-content\">\u00ab\u00a0Cependant cette autorit\u00e9 aurait pris la m\u00eame d\u00e9cision si elle s\u2019\u00e9tait uniquement fond\u00e9e sur la r\u00e9it\u00e9ration de propos d\u00e9nigrants et les m\u00e9disances \u00e0 caract\u00e8re sexuel\u00a0\u00bb, consid\u00e8re le tribunal administratif de Lyon. \u00ab\u00a0Ces agissements d\u00e9montrent des manquements aux r\u00e8gles de d\u00e9ontologie qui s\u2019imposent \u00e0 tout sous-officier de la gendarmerie (\u2026) et la m\u00e9connaissance des obligations de l\u2019int\u00e9ress\u00e9e \u00e0 ses obligations d\u2019exemplarit\u00e9, de dignit\u00e9 et de discernement.\u00a0\u00bb<\/p>\n<p class=\" wall-content\">\u00ab\u00a0Eu \u00e9gard \u00e0 la gravit\u00e9 de ces agissements, commis (\u2026) alors que l\u2019int\u00e9ress\u00e9e exer\u00e7ait des fonctions d\u2019encadrement et nonobstant les bons \u00e9tats de service de l\u2019int\u00e9ress\u00e9e, l\u2019autorit\u00e9 investie du pouvoir disciplinaire n\u2019a pas pris une sanction disproportionn\u00e9e en lui infligeant vingt jours d\u2019arr\u00eats, avec dispense, sanction qui n\u2019est pas la plus s\u00e9v\u00e8re\u00a0\u00bb, rappelle en conclusion le tribunal administratif de Lyon.<\/p>\n<p class=\" wall-content\"><strong>GF (PressPepper)<\/strong><\/p>\n<p class=\" wall-content\">Suivez toute l\u2019actualit\u00e9 de vos villes et m\u00e9dias favoris en vous inscrivant \u00e0 <a href=\"https:\/\/moncompte.actu.fr\" title=\"D\u00e9couvez Mon Actu\" rel=\"nofollow noopener\" data-trk=\"{&quot;cta&quot;:{&quot;action&quot;:&quot;https:\\\/\\\/moncompte.actu.fr&quot;,&quot;category&quot;:&quot;mon compte&quot;,&quot;from&quot;:&quot;article footer&quot;,&quot;name&quot;:&quot;Mon actu&quot;,&quot;type&quot;:&quot;cta&quot;}}\" target=\"_blank\">Mon Actu<\/a>.<\/p>\n","protected":false},"excerpt":{"rendered":"Par R\u00e9daction Lyon Publi\u00e9 le 21 juin 2025 \u00e0 6h44 Le tribunal administratif de Lyon a d\u00e9bout\u00e9 une&hellip;\n","protected":false},"author":2,"featured_media":192658,"comment_status":"","ping_status":"","sticky":false,"template":"","format":"standard","meta":{"footnotes":""},"categories":[1889],"tags":[1111,11,2430,15787,1777,674,1011,27,3381,303,2428,12,25,104],"class_list":{"0":"post-192657","1":"post","2":"type-post","3":"status-publish","4":"format-standard","5":"has-post-thumbnail","7":"category-lyon","8":"tag-actu","9":"tag-actualites","10":"tag-auvergne-rhone-alpes","11":"tag-droit-des-travailleurs","12":"tag-eu","13":"tag-europe","14":"tag-fr","15":"tag-france","16":"tag-gendarmerie","17":"tag-justice","18":"tag-lyon","19":"tag-news","20":"tag-republique-francaise","21":"tag-societe"},"share_on_mastodon":{"url":"https:\/\/pubeurope.com\/@fr\/114719588599839346","error":""},"_links":{"self":[{"href":"https:\/\/www.europesays.com\/fr\/wp-json\/wp\/v2\/posts\/192657","targetHints":{"allow":["GET"]}}],"collection":[{"href":"https:\/\/www.europesays.com\/fr\/wp-json\/wp\/v2\/posts"}],"about":[{"href":"https:\/\/www.europesays.com\/fr\/wp-json\/wp\/v2\/types\/post"}],"author":[{"embeddable":true,"href":"https:\/\/www.europesays.com\/fr\/wp-json\/wp\/v2\/users\/2"}],"replies":[{"embeddable":true,"href":"https:\/\/www.europesays.com\/fr\/wp-json\/wp\/v2\/comments?post=192657"}],"version-history":[{"count":0,"href":"https:\/\/www.europesays.com\/fr\/wp-json\/wp\/v2\/posts\/192657\/revisions"}],"wp:featuredmedia":[{"embeddable":true,"href":"https:\/\/www.europesays.com\/fr\/wp-json\/wp\/v2\/media\/192658"}],"wp:attachment":[{"href":"https:\/\/www.europesays.com\/fr\/wp-json\/wp\/v2\/media?parent=192657"}],"wp:term":[{"taxonomy":"category","embeddable":true,"href":"https:\/\/www.europesays.com\/fr\/wp-json\/wp\/v2\/categories?post=192657"},{"taxonomy":"post_tag","embeddable":true,"href":"https:\/\/www.europesays.com\/fr\/wp-json\/wp\/v2\/tags?post=192657"}],"curies":[{"name":"wp","href":"https:\/\/api.w.org\/{rel}","templated":true}]}}