{"id":19266,"date":"2025-04-12T06:39:04","date_gmt":"2025-04-12T06:39:04","guid":{"rendered":"https:\/\/www.europesays.com\/fr\/19266\/"},"modified":"2025-04-12T06:39:04","modified_gmt":"2025-04-12T06:39:04","slug":"lyon-politiques-gregory-doucet-en-garde-a-vue-et-sondage-municipales","status":"publish","type":"post","link":"https:\/\/www.europesays.com\/fr\/19266\/","title":{"rendered":"Lyon Politiques : Gr\u00e9gory Doucet en garde \u00e0 vue et sondage municipales"},"content":{"rendered":"<p>Le directeur de la publication de LyonMag Alexis Andr\u00e9, le journaliste Rapha\u00ebl Ruffier-Fossoul, la fondatrice du Lab des Id\u00e9es publiques et de l&rsquo;Equipe des Lyonnes Alexandra Carraz-Ceselli, le conseiller municipal de V\u00e9nissieux Farid Ben Moussa et le politologue Romain Blachier interviennent sur les sujets suivants :<\/p>\n<p>&#8211; Gr\u00e9gory Doucet en garde \u00e0 vue : quel impact \u00e0 Lyon ? Doit-il d\u00e9missionner ?<\/p>\n<p>&#8211; Sondage municipales \u00e0 Lyon : Jean-Michel Aulas en t\u00eate, mais toujours trop loin du compte ?<\/p>\n<\/p>\n<p><strong><a href=\"https:\/\/www.lyonmag.com\/category\/61\/lyon-politiques\" target=\"_blank\" rel=\"nofollow noopener\">Lyon Politiques<\/a> est \u00e0 retrouver tous les vendredis \u00e0 16h30 sur LyonMag.com et sur <a href=\"https:\/\/www.youtube.com\/channel\/UCepdRYTQt5vKtrz-CuaFzpg\" target=\"_blank\" rel=\"nofollow noopener\">la cha\u00eene Youtube de LyonMag<\/a>. Partagez, r\u00e9agissez sur les diff\u00e9rents r\u00e9seaux sociaux de LyonMag.<\/strong><\/p>\n<p>00:00 Introduction\/Sommaire<br \/>&#13;<br \/>\n00:38 Gr\u00e9gory Doucet en garde \u00e0 vue<br \/>&#13;<br \/>\n28:49 Sondage municipales\/Aulas<\/p>\n<p>            <a href=\"#\" class=\"back-page\" rel=\"back\">X<\/a><\/p>\n","protected":false},"excerpt":{"rendered":"Le directeur de la publication de LyonMag Alexis Andr\u00e9, le journaliste Rapha\u00ebl Ruffier-Fossoul, la fondatrice du Lab des&hellip;\n","protected":false},"author":2,"featured_media":19267,"comment_status":"","ping_status":"","sticky":false,"template":"","format":"standard","meta":{"footnotes":""},"categories":[1889],"tags":[1111,11,2813,2190,2430,1109,251,1112,2811,1777,674,118,1011,27,1922,1110,1114,2428,2810,12,241,316,25,2812,517,800],"class_list":{"0":"post-19266","1":"post","2":"type-post","3":"status-publish","4":"format-standard","5":"has-post-thumbnail","7":"category-lyon","8":"tag-actu","9":"tag-actualites","10":"tag-article","11":"tag-asvel","12":"tag-auvergne-rhone-alpes","13":"tag-breves","14":"tag-culture","15":"tag-depeches","16":"tag-economique","17":"tag-eu","18":"tag-europe","19":"tag-faits-divers","20":"tag-fr","21":"tag-france","22":"tag-info","23":"tag-informations","24":"tag-infos","25":"tag-lyon","26":"tag-lyonmag","27":"tag-news","28":"tag-ol","29":"tag-politique","30":"tag-republique-francaise","31":"tag-sociale","32":"tag-sport","33":"tag-transports"},"share_on_mastodon":{"url":"","error":""},"_links":{"self":[{"href":"https:\/\/www.europesays.com\/fr\/wp-json\/wp\/v2\/posts\/19266","targetHints":{"allow":["GET"]}}],"collection":[{"href":"https:\/\/www.europesays.com\/fr\/wp-json\/wp\/v2\/posts"}],"about":[{"href":"https:\/\/www.europesays.com\/fr\/wp-json\/wp\/v2\/types\/post"}],"author":[{"embeddable":true,"href":"https:\/\/www.europesays.com\/fr\/wp-json\/wp\/v2\/users\/2"}],"replies":[{"embeddable":true,"href":"https:\/\/www.europesays.com\/fr\/wp-json\/wp\/v2\/comments?post=19266"}],"version-history":[{"count":0,"href":"https:\/\/www.europesays.com\/fr\/wp-json\/wp\/v2\/posts\/19266\/revisions"}],"wp:featuredmedia":[{"embeddable":true,"href":"https:\/\/www.europesays.com\/fr\/wp-json\/wp\/v2\/media\/19267"}],"wp:attachment":[{"href":"https:\/\/www.europesays.com\/fr\/wp-json\/wp\/v2\/media?parent=19266"}],"wp:term":[{"taxonomy":"category","embeddable":true,"href":"https:\/\/www.europesays.com\/fr\/wp-json\/wp\/v2\/categories?post=19266"},{"taxonomy":"post_tag","embeddable":true,"href":"https:\/\/www.europesays.com\/fr\/wp-json\/wp\/v2\/tags?post=19266"}],"curies":[{"name":"wp","href":"https:\/\/api.w.org\/{rel}","templated":true}]}}