{"id":192663,"date":"2025-06-21T05:03:14","date_gmt":"2025-06-21T05:03:14","guid":{"rendered":"https:\/\/www.europesays.com\/fr\/192663\/"},"modified":"2025-06-21T05:03:14","modified_gmt":"2025-06-21T05:03:14","slug":"voici-les-lignes-de-metro-rer-et-bus-ouvertes-toute-la-nuit","status":"publish","type":"post","link":"https:\/\/www.europesays.com\/fr\/192663\/","title":{"rendered":"voici les lignes de m\u00e9tro, RER et bus ouvertes toute la nuit"},"content":{"rendered":"<p>            Par<br \/>\n        <strong><br \/>\n            <a href=\"https:\/\/actu.fr\/auteur\/redaction-paris\" title=\"Consulter tous les articles de R\u00e9daction Paris\" target=\"_blank\" rel=\"noopener\">R\u00e9daction Paris<\/a><br \/>\n        <\/strong><\/p>\n<p>        Publi\u00e9 le<\/p>\n<p>            21 juin 2025 \u00e0 6h14        <\/p>\n<p>Cette premi\u00e8re soir\u00e9e d\u2019\u00e9t\u00e9 <a href=\"https:\/\/actu.fr\/ile-de-france\/paris_75056\/meteo-jusqu-a-39-c-en-france-jusqu-ou-les-temperatures-vont-elles-s-envoler-a-paris-et-en-ile-de-france_62802091.html\" target=\"_blank\" rel=\"noopener\">s\u2019annonce chaude et festive<\/a>. Samedi 21\u00a0juin 2025, partout en France, des milliers d\u2019artistes, amateurs ou confirm\u00e9s, joueront dans les rues, les bars et les places des villes et des villages pour <a href=\"https:\/\/actu.fr\/tag\/fete-de-la-musique\" target=\"_blank\" rel=\"noopener\">la f\u00eate de la musique<\/a>. Afin de permettre aux Franciliens et aux Parisiens de profiter jusqu\u2019au petit matin, certains <a href=\"https:\/\/actu.fr\/tag\/metro\" target=\"_blank\" rel=\"noopener\">m\u00e9tros<\/a>, RER, Trains et bus seront ouverts <strong>toute la nuit<\/strong>.<\/p>\n<p>M\u00e9tro<\/p>\n<p class=\" wall-content\">Les lignes 1, 2, 4, 6, 9 et 14 seront ouvertes toute la nuit. Mais, attention, toutes les stations ne seront pas desservies.<\/p>\n<p>    <img   decoding=\"async\" loading=\"lazy\" src=\"https:\/\/www.europesays.com\/fr\/wp-content\/uploads\/2025\/06\/idfm-fetes-metro-musique-2025-v02-page-0001-1-960x640.jpg\" alt=\"Le plan des m\u00e9tros et RER ouverts toute la nuit samedi 21 juin 2025.\" width=\"960\" height=\"640\"\/><br \/>\n    Le plan des m\u00e9tros et RER ouverts toute la nuit samedi 21\u00a0juin 2025. (\u00a9IDFM)Train et RER<\/p>\n<p class=\" wall-content\">Les lignes H, J, P, R, L et N proposeront toutes des trajets jusqu\u2019au petit matin, mais il n\u2019y aura parfois que deux trains dans la nuit. Les RER A, B, C, D et E seront ouverts la nuit, mais comme pour les m\u00e9tros, toutes les gares ne seront pas desservies et la fr\u00e9quence sera r\u00e9duite.<\/p>\n<p>    <img   decoding=\"async\" loading=\"lazy\" src=\"https:\/\/www.europesays.com\/fr\/wp-content\/uploads\/2025\/06\/idfm-fetes-rer-train-musique-2025-page-0001-960x640.jpg\" alt=\"La carte des RER et des Trains le soir du samedi 21 juin 2025.\" width=\"960\" height=\"640\"\/><br \/>\n    La carte des RER et des Trains le soir du samedi 21\u00a0juin 2025. (\u00a9IDFM)Vid\u00e9os : en ce moment sur ActuBus<br \/>\n    <img   decoding=\"async\" loading=\"lazy\" src=\"https:\/\/www.europesays.com\/fr\/wp-content\/uploads\/2025\/06\/idfm-fetes-bus-nuit-musique-2025-page-0001-960x640.jpg\" alt=\"Les lignes de bus ouvertes toute la nuit samedi 21 juin 2025.\" width=\"960\" height=\"640\"\/><br \/>\n    Les lignes de bus ouvertes toute la nuit samedi 21\u00a0juin 2025. (\u00a9IDFM)La f\u00eate jusque dans le m\u00e9tro<\/p>\n<p class=\" wall-content\">Des surprises sont organis\u00e9es dans certains m\u00e9tros et RER. \u00ab\u2009Nos agents vous attendront toute la journ\u00e9e du 21\u00a0juin pour partager ce moment festif avec vous\u2009\u00bb, annonce IDFM.<\/p>\n<p>RER<\/p>\n<p class=\" wall-content\"><strong>Ligne A\u2009:<\/strong><\/p>\n<p class=\" wall-content\">\u2013 La D\u00e9fense \u2013 16h \u2013 18h \u2013 Pr\u00e9sence des Musiciens du m\u00e9tro<\/p>\n<p class=\" wall-content\">\u2013 Ch\u00e2telet \u2013 Les Halles \u2013 16h \u2013 18h \u2013 Pr\u00e9sence des Musiciens du m\u00e9tro<\/p>\n<p class=\" wall-content\">\u2013 Vincennes \u2013 le 20\u00a0juin avec un karaok\u00e9 \u2013 15h \u2013 18h<\/p>\n<p class=\" wall-content\"><strong>Ligne B\u2009:<\/strong><\/p>\n<p class=\" wall-content\">\u2013 Denfert-Rochereau \u2013 15h \u2013 18h \u2013 Pr\u00e9sence des Musiciens du m\u00e9tro<\/p>\n<p class=\" wall-content\">\u2013 Bourg-La-Reine \u2013 16h \u2013 18h \u2013 Pr\u00e9sence des Musiciens du m\u00e9tro<\/p>\n<p class=\" wall-content\">\u2013 Massy-Palaiseau \u2013 14h \u2013 17h<\/p>\n<p><strong>M\u00e9tro<\/strong><\/p>\n<p class=\" wall-content\"><strong>Ligne 1\u2009:<\/strong><\/p>\n<p class=\" wall-content\">\u2013 Charles de Gaulle \u2013 Etoile \u2013 15h30 \u2013 18h<\/p>\n<p class=\" wall-content\">\u2013 Gare de Lyon \u2013 16h \u2013 18h30<\/p>\n<p class=\" wall-content\"><strong>Ligne 2\u2009:<\/strong><\/p>\n<p class=\" wall-content\">\u2013 Jaur\u00e8s \u2013 12h \u2013 18h<\/p>\n<p class=\" wall-content\"><strong>Ligne 3\u2009:<\/strong><\/p>\n<p class=\" wall-content\">\u2013 Havre-Caumartin \u2013 16h \u2013 18h \u2013 Pr\u00e9sence des Musiciens du m\u00e9tro<\/p>\n<p class=\" wall-content\"><strong>Ligne 5\u2009:<\/strong><\/p>\n<p class=\" wall-content\">\u2013 Bastille \u2013 15h \u2013 18h<\/p>\n<p class=\" wall-content\"><strong>Ligne 6\u2009:<\/strong><\/p>\n<p class=\" wall-content\">\u2013 Bir-Hakeim \u2013 16h \u2013 18h \u2013 Pr\u00e9sence des Musiciens du m\u00e9tro<\/p>\n<p class=\" wall-content\"><strong>Ligne 7\u2009:<\/strong><\/p>\n<p class=\" wall-content\">\u2013 Porte de la Villette \u2013 le 18\u00a0juin \u2013 16h \u2013 18h \u2013 Pr\u00e9sence des Musiciens du m\u00e9tro<\/p>\n<p class=\" wall-content\">\u2013 Chauss\u00e9e d\u2019Antin \u2013 Lafayette \u2013 le 17\u00a0juin \u2013 16h \u2013 18h \u2013 Pr\u00e9sence des Musiciens du m\u00e9tro<\/p>\n<p class=\" wall-content\">\u2013 Villejuif \u2013 Louis Aragon \u2013 le 16\u00a0juin \u2013 16h \u2013 18h \u2013 Pr\u00e9sence des Musiciens du m\u00e9tro<\/p>\n<p class=\" wall-content\"><strong>Ligne 8\u2009:<\/strong><\/p>\n<p class=\" wall-content\">\u2013 Porte Dor\u00e9e \u2013 16h \u2013 18h \u2013 Pr\u00e9sence des Musiciens du m\u00e9tro<\/p>\n<p class=\" wall-content\"><strong>Ligne 9\u2009:<\/strong><\/p>\n<p class=\" wall-content\">\u2013 Marcel Sembat \u2013 20h \u2013 22h<\/p>\n<p class=\" wall-content\">\u2013 Miromesnil \u2013 14h \u2013 17h<\/p>\n<p class=\" wall-content\">\u2013 Voltaire \u2013 9h \u2013 11h<\/p>\n<p class=\" wall-content\"><strong>Ligne 10\u2009:<\/strong><\/p>\n<p class=\" wall-content\">\u2013 La Motte-Picquet Grenelle \u2013 16h \u2013 18h \u2013 Pr\u00e9sence des Musiciens du m\u00e9tro<\/p>\n<p class=\" wall-content\"><strong>Ligne 11\u2009:<\/strong><\/p>\n<p class=\" wall-content\">\u2013 R\u00e9publique 16h \u2013 18h \u2013 Pr\u00e9sence des Musiciens du m\u00e9tro<\/p>\n<p class=\" wall-content\"><strong>Ligne 12\u2009:<\/strong><\/p>\n<p class=\" wall-content\">\u2013 Lamarck-Caulaincourt \u2013 16h \u2013 18h \u2013 Pr\u00e9sence des Musiciens du m\u00e9tro<\/p>\n<p class=\" wall-content\"><strong>Ligne 13\u2009:<\/strong><\/p>\n<p class=\" wall-content\">\u2013 Saint-Denis \u2013 Porte de Paris \u2013 10h30 \u2013 16h<\/p>\n<p class=\" wall-content\"><strong>Ligne 14\u2009:<\/strong><\/p>\n<p class=\" wall-content\">\u2013 Bercy \u2013 16h \u2013 18h \u2013 Pr\u00e9sence des Musiciens du m\u00e9tro<\/p>\n<p class=\" wall-content\">\u2013 Saint-Lazare \u2013 14h30 \u2013 15h30<\/p>\n<p class=\" wall-content\">Suivez toute l\u2019actualit\u00e9 de vos villes et m\u00e9dias favoris en vous inscrivant \u00e0 <a href=\"https:\/\/moncompte.actu.fr\" title=\"D\u00e9couvez Mon Actu\" rel=\"nofollow noopener\" data-trk=\"{&quot;cta&quot;:{&quot;action&quot;:&quot;https:\\\/\\\/moncompte.actu.fr&quot;,&quot;category&quot;:&quot;mon compte&quot;,&quot;from&quot;:&quot;article footer&quot;,&quot;name&quot;:&quot;Mon actu&quot;,&quot;type&quot;:&quot;cta&quot;}}\" target=\"_blank\">Mon Actu<\/a>.<\/p>\n","protected":false},"excerpt":{"rendered":"Par R\u00e9daction Paris Publi\u00e9 le 21 juin 2025 \u00e0 6h14 Cette premi\u00e8re soir\u00e9e d\u2019\u00e9t\u00e9 s\u2019annonce chaude et festive.&hellip;\n","protected":false},"author":2,"featured_media":192664,"comment_status":"","ping_status":"","sticky":false,"template":"","format":"standard","meta":{"footnotes":""},"categories":[1888],"tags":[1111,1928,11,1927,1777,674,25885,1011,27,10883,12,1926,626,1925,625,25,104],"class_list":{"0":"post-192663","1":"post","2":"type-post","3":"status-publish","4":"format-standard","5":"has-post-thumbnail","7":"category-paris","8":"tag-actu","9":"tag-actu-paris","10":"tag-actualites","11":"tag-actualites-paris","12":"tag-eu","13":"tag-europe","14":"tag-fete-de-la-musique","15":"tag-fr","16":"tag-france","17":"tag-ile-de-france-mobilites","18":"tag-news","19":"tag-news-paris","20":"tag-paris","21":"tag-paris-news","22":"tag-ratp","23":"tag-republique-francaise","24":"tag-societe"},"share_on_mastodon":{"url":"https:\/\/pubeurope.com\/@fr\/114719608481533762","error":""},"_links":{"self":[{"href":"https:\/\/www.europesays.com\/fr\/wp-json\/wp\/v2\/posts\/192663","targetHints":{"allow":["GET"]}}],"collection":[{"href":"https:\/\/www.europesays.com\/fr\/wp-json\/wp\/v2\/posts"}],"about":[{"href":"https:\/\/www.europesays.com\/fr\/wp-json\/wp\/v2\/types\/post"}],"author":[{"embeddable":true,"href":"https:\/\/www.europesays.com\/fr\/wp-json\/wp\/v2\/users\/2"}],"replies":[{"embeddable":true,"href":"https:\/\/www.europesays.com\/fr\/wp-json\/wp\/v2\/comments?post=192663"}],"version-history":[{"count":0,"href":"https:\/\/www.europesays.com\/fr\/wp-json\/wp\/v2\/posts\/192663\/revisions"}],"wp:featuredmedia":[{"embeddable":true,"href":"https:\/\/www.europesays.com\/fr\/wp-json\/wp\/v2\/media\/192664"}],"wp:attachment":[{"href":"https:\/\/www.europesays.com\/fr\/wp-json\/wp\/v2\/media?parent=192663"}],"wp:term":[{"taxonomy":"category","embeddable":true,"href":"https:\/\/www.europesays.com\/fr\/wp-json\/wp\/v2\/categories?post=192663"},{"taxonomy":"post_tag","embeddable":true,"href":"https:\/\/www.europesays.com\/fr\/wp-json\/wp\/v2\/tags?post=192663"}],"curies":[{"name":"wp","href":"https:\/\/api.w.org\/{rel}","templated":true}]}}