{"id":192667,"date":"2025-06-21T05:05:10","date_gmt":"2025-06-21T05:05:10","guid":{"rendered":"https:\/\/www.europesays.com\/fr\/192667\/"},"modified":"2025-06-21T05:05:10","modified_gmt":"2025-06-21T05:05:10","slug":"la-liste-par-arrondissement-des-piscines-decouvertes-et-bassins-exterieurs","status":"publish","type":"post","link":"https:\/\/www.europesays.com\/fr\/192667\/","title":{"rendered":"la liste par arrondissement des piscines d\u00e9couvertes et bassins ext\u00e9rieurs"},"content":{"rendered":"<p>            Par<br \/>\n        <strong><br \/>\n            <a href=\"https:\/\/actu.fr\/auteur\/redaction-paris\" title=\"Consulter tous les articles de R\u00e9daction Paris\" rel=\"nofollow noopener\" target=\"_blank\">R\u00e9daction Paris<\/a><br \/>\n        <\/strong><\/p>\n<p>        Publi\u00e9 le<\/p>\n<p>            21 juin 2025 \u00e0 6h06        <\/p>\n<p>Les piscines d\u00e9couvertes, c\u2019est la bonne astuce pour ceux et celles qui ne sont pas en vacances d\u2019\u00e9t\u00e9. Surtout avec des <strong>temp\u00e9ratures qui pourraient atteindre <a href=\"https:\/\/actu.fr\/ile-de-france\/paris_75056\/meteo-plusieurs-nuits-tropicales-prevues-a-paris-et-en-ile-de-france-la-temperature-ne-baissera-pas_62790026.html\" rel=\"nofollow noopener\" target=\"_blank\">jusqu\u2019\u00e0 35\u00b0C<\/a><\/strong><a href=\"https:\/\/actu.fr\/ile-de-france\/paris_75056\/meteo-plusieurs-nuits-tropicales-prevues-a-paris-et-en-ile-de-france-la-temperature-ne-baissera-pas_62790026.html\" rel=\"nofollow noopener\" target=\"_blank\"> \u00e0 Paris<\/a>, lors du week-end des 21 et 22 juin 2025. Tour d\u2019horizon des options qui s\u2019ouvrent \u00e0 vous, arrondissement par arrondissement.<\/p>\n<p class=\" wall-content\"><strong>Paris Centre (4e arrondissement)<\/strong><\/p>\n<p class=\" wall-content\"><strong>8e\u00a0arrondissement\u00a0<\/strong><\/p>\n<ul class=\" wall-content\">\n<li>Piscine Jacqueline Auriol<\/li>\n<\/ul>\n<p class=\" wall-content\"><strong>12e arrondissement\u00a0<\/strong><\/p>\n<ul class=\" wall-content\">\n<li>Piscine Roger Le Gall<\/li>\n<li>Piscine Jean Boiteux<\/li>\n<li>La piscine gratuite L\u00e9o Lagrange, (5 juillet \u2013 31 ao\u00fbt)<\/li>\n<\/ul>\n<p class=\" wall-content\"><strong>13e arrondissement\u00a0<\/strong><\/p>\n<ul class=\" wall-content\">\n<li>Piscine de la Butte aux Cailles<\/li>\n<li>Piscine Jos\u00e9phine Baker<\/li>\n<li>Bassin de baignade gratuite du Centre Sportif Geoges Carpentier, (5 juillet \u2013 17 ao\u00fbt)<\/li>\n<\/ul>\n<p>Vid\u00e9os : en ce moment sur Actu<\/p>\n<p class=\" wall-content\"><strong>14e arrondissement\u00a0<\/strong><\/p>\n<ul class=\" wall-content\">\n<li>Piscine Th\u00e9r\u00e8se et Jeanne Brul\u00e9<\/li>\n<\/ul>\n<p class=\" wall-content\"><strong>15e arrondissement\u00a0<\/strong><\/p>\n<ul class=\" wall-content\">\n<li>Piscine Keller<\/li>\n<li>P\u00e9niche Annette K.<\/li>\n<li>Aquaboulevard<\/li>\n<\/ul>\n<p class=\" wall-content\"><strong>16e arrondissement\u00a0<\/strong><\/p>\n<ul class=\" wall-content\">\n<li>Piscine Henry de Montherlant<\/li>\n<li>Piscine d\u2019Auteuil<\/li>\n<\/ul>\n<p class=\" wall-content\"><strong>17e arrondissement\u00a0<\/strong><\/p>\n<p class=\" wall-content\"><strong>18e arrondissement\u00a0<\/strong><\/p>\n<ul class=\" wall-content\">\n<li>Piscine H\u00e9bert<\/li>\n<li>Piscine Bertrand-Dauvin<\/li>\n<\/ul>\n<p class=\" wall-content\"><strong>19e arrondissement\u00a0<\/strong><\/p>\n<ul class=\" wall-content\">\n<li>Piscine Georges Hermant<\/li>\n<li>Piscine Edouard Pailleron<\/li>\n<li>Les piscines gratuites du bassin de la Villette de Paris Plages 2025<\/li>\n<\/ul>\n<p class=\" wall-content\"><strong>20e arrondissement\u00a0<\/strong><\/p>\n<ul class=\" wall-content\">\n<li>Piscine Yvonne Godard<\/li>\n<li>Piscine Georges-Vallerey<\/li>\n<li>La piscine en plein air gratuite Louis Lumi\u00e8re<\/li>\n<\/ul>\n<p class=\" wall-content\">Suivez toute l\u2019actualit\u00e9 de vos villes et m\u00e9dias favoris en vous inscrivant \u00e0 <a href=\"https:\/\/moncompte.actu.fr\" title=\"D\u00e9couvez Mon Actu\" rel=\"nofollow noopener\" data-trk=\"{&quot;cta&quot;:{&quot;action&quot;:&quot;https:\\\/\\\/moncompte.actu.fr&quot;,&quot;category&quot;:&quot;mon compte&quot;,&quot;from&quot;:&quot;article footer&quot;,&quot;name&quot;:&quot;Mon actu&quot;,&quot;type&quot;:&quot;cta&quot;}}\" target=\"_blank\">Mon Actu<\/a>.<\/p>\n<ul class=\"ac-article-tag wall-content\">\n<li><a href=\"https:\/\/actu.fr\/tag\/canicule\" data-trk=\"{&quot;cta&quot;:{&quot;action&quot;:&quot;Canicule&quot;,&quot;category&quot;:&quot;tag&quot;,&quot;from&quot;:&quot;article footer&quot;,&quot;name&quot;:&quot;Canicule&quot;,&quot;type&quot;:&quot;cta&quot;}}\" rel=\"nofollow noopener\" target=\"_blank\">#Canicule<\/a><\/li>\n<li><a href=\"https:\/\/actu.fr\/tag\/vague-de-chaleur\" data-trk=\"{&quot;cta&quot;:{&quot;action&quot;:&quot;Vague de chaleur&quot;,&quot;category&quot;:&quot;tag&quot;,&quot;from&quot;:&quot;article footer&quot;,&quot;name&quot;:&quot;Vague de chaleur&quot;,&quot;type&quot;:&quot;cta&quot;}}\" rel=\"nofollow noopener\" target=\"_blank\">#Vague de chaleur<\/a><\/li>\n<\/ul>\n","protected":false},"excerpt":{"rendered":"Par R\u00e9daction Paris Publi\u00e9 le 21 juin 2025 \u00e0 6h06 Les piscines d\u00e9couvertes, c\u2019est la bonne astuce pour&hellip;\n","protected":false},"author":2,"featured_media":192668,"comment_status":"","ping_status":"","sticky":false,"template":"","format":"standard","meta":{"footnotes":""},"categories":[1888],"tags":[11,6698,1777,674,1011,27,1652,12,626,25,15637],"class_list":{"0":"post-192667","1":"post","2":"type-post","3":"status-publish","4":"format-standard","5":"has-post-thumbnail","7":"category-paris","8":"tag-actualites","9":"tag-canicule","10":"tag-eu","11":"tag-europe","12":"tag-fr","13":"tag-france","14":"tag-loisirs-culture","15":"tag-news","16":"tag-paris","17":"tag-republique-francaise","18":"tag-vague-de-chaleur"},"share_on_mastodon":{"url":"https:\/\/pubeurope.com\/@fr\/114719616111404485","error":""},"_links":{"self":[{"href":"https:\/\/www.europesays.com\/fr\/wp-json\/wp\/v2\/posts\/192667","targetHints":{"allow":["GET"]}}],"collection":[{"href":"https:\/\/www.europesays.com\/fr\/wp-json\/wp\/v2\/posts"}],"about":[{"href":"https:\/\/www.europesays.com\/fr\/wp-json\/wp\/v2\/types\/post"}],"author":[{"embeddable":true,"href":"https:\/\/www.europesays.com\/fr\/wp-json\/wp\/v2\/users\/2"}],"replies":[{"embeddable":true,"href":"https:\/\/www.europesays.com\/fr\/wp-json\/wp\/v2\/comments?post=192667"}],"version-history":[{"count":0,"href":"https:\/\/www.europesays.com\/fr\/wp-json\/wp\/v2\/posts\/192667\/revisions"}],"wp:featuredmedia":[{"embeddable":true,"href":"https:\/\/www.europesays.com\/fr\/wp-json\/wp\/v2\/media\/192668"}],"wp:attachment":[{"href":"https:\/\/www.europesays.com\/fr\/wp-json\/wp\/v2\/media?parent=192667"}],"wp:term":[{"taxonomy":"category","embeddable":true,"href":"https:\/\/www.europesays.com\/fr\/wp-json\/wp\/v2\/categories?post=192667"},{"taxonomy":"post_tag","embeddable":true,"href":"https:\/\/www.europesays.com\/fr\/wp-json\/wp\/v2\/tags?post=192667"}],"curies":[{"name":"wp","href":"https:\/\/api.w.org\/{rel}","templated":true}]}}