{"id":192677,"date":"2025-06-21T05:10:17","date_gmt":"2025-06-21T05:10:17","guid":{"rendered":"https:\/\/www.europesays.com\/fr\/192677\/"},"modified":"2025-06-21T05:10:17","modified_gmt":"2025-06-21T05:10:17","slug":"fenetre-dopportunite-de-deux-semaines-pour-une-solution-diplomatique-au-conflit-israel-iran","status":"publish","type":"post","link":"https:\/\/www.europesays.com\/fr\/192677\/","title":{"rendered":"\u00ab\u00a0Fen\u00eatre d\u2019opportunit\u00e9\u00a0\u00bb de deux semaines pour une solution diplomatique au conflit Isra\u00ebl-Iran"},"content":{"rendered":"<p style=\"text-align:justify;\">AA\/Washington\/Diyar Guldogan<\/p>\n<p style=\"text-align:justify;\">Le ministre britannique des Affaires \u00e9trang\u00e8res, David Lammy, s&rsquo;est entretenu, jeudi \u00e0 Washington, D.C., avec le Secr\u00e9taire d\u2019\u00c9tat am\u00e9ricain Marco Rubio, et l\u2019envoy\u00e9 sp\u00e9cial de la Maison Blanche pour le Moyen-Orient, Steve Witkoff.<\/p>\n<p style=\"text-align:justify;\">\u00c0 l\u2019issue de la r\u00e9union, Lammy a d\u00e9clar\u00e9 qu\u2019\u00ab une fen\u00eatre d\u2019opportunit\u00e9 existe d\u00e9sormais, dans les deux prochaines semaines, pour parvenir \u00e0 une solution diplomatique \u00bb alors que les hostilit\u00e9s entre Isra\u00ebl et l\u2019Iran s\u2019intensifient.<\/p>\n<p style=\"text-align:justify;\">\u00ab La situation au Moyen-Orient reste p\u00e9rilleuse \u00bb, a \u00e9crit Lammy sur X, ajoutant : \u00ab Nous sommes d\u00e9termin\u00e9s \u00e0 ce que l\u2019Iran ne poss\u00e8de jamais d\u2019arme nucl\u00e9aire. \u00bb<\/p>\n<p style=\"text-align:justify;\">Lammy se rendra vendredi \u00e0 Gen\u00e8ve pour rencontrer le ministre iranien des Affaires \u00e9trang\u00e8res, Abbas Araqchi, accompagn\u00e9 par ses homologues fran\u00e7ais et allemand, ainsi que la cheffe de la diplomatie europ\u00e9enne, Kaja Kallas.<\/p>\n<p style=\"text-align:justify;\">Le d\u00e9partement d\u2019\u00c9tat am\u00e9ricain a indiqu\u00e9, dans un communiqu\u00e9, que lors de la rencontre entre Rubio et Lammy, les deux responsables ont discut\u00e9 du conflit entre Isra\u00ebl et l\u2019Iran et convenu que l\u2019Iran \u00ab ne doit jamais d\u00e9velopper ni acqu\u00e9rir d\u2019arme nucl\u00e9aire \u00bb.<\/p>\n<p style=\"text-align:justify;\">Cette r\u00e9union intervient alors que les tensions dans la r\u00e9gion continuent de s&rsquo;aggraver, apr\u00e8s qu\u2019Isra\u00ebl a lanc\u00e9, vendredi dernier, des frappes a\u00e9riennes sur plusieurs sites en Iran, dont des installations militaires et nucl\u00e9aires, incitant T\u00e9h\u00e9ran \u00e0 riposter.<\/p>\n<p style=\"text-align:justify;\">Rubio et Lammy ont \u00e9galement pass\u00e9 en revue d\u2019autres domaines cl\u00e9s de coop\u00e9ration bilat\u00e9rale, notamment les efforts pour mettre fin \u00e0 la guerre entre la Russie et l\u2019Ukraine, selon le d\u00e9partement d\u2019\u00c9tat.<\/p>\n<p style=\"text-align:justify;\">Ils ont aussi \u00e9voqu\u00e9 le sommet de l\u2019OTAN pr\u00e9vu la semaine prochaine \u00e0 La Haye et r\u00e9affirm\u00e9 l\u2019importance d\u2019une hausse des d\u00e9penses de d\u00e9fense pour garantir la paix et la stabilit\u00e9.<\/p>\n<p style=\"text-align:justify;\">*Traduit de l&rsquo;anglais par Sanaa Amir<\/p>\n<p>                            &#13;<br \/>\n                                <a href=\"https:\/\/www.aa.com.tr\/fr\/p\/abonnement\/1001\" target=\"_blank\" style=\"font-size:12px; color:#444; text-decoration:none;\" rel=\"noopener\">&#13;<br \/>\n                                    Seulement une partie des d\u00e9p\u00eaches, que l&rsquo;Agence Anadolu diffuse \u00e0 ses abonn\u00e9s via le Syst\u00e8me de Diffusion interne (HAS), est diffus\u00e9e sur le site de l&rsquo;AA, de mani\u00e8re r\u00e9sum\u00e9e. <b style=\"color:#1897F7\">Contactez-nous s&rsquo;il vous pla\u00eet pour vous abonner.<\/b>&#13;<br \/>\n                                <\/a>&#13;<\/p>\n","protected":false},"excerpt":{"rendered":"AA\/Washington\/Diyar Guldogan Le ministre britannique des Affaires \u00e9trang\u00e8res, David Lammy, s&rsquo;est entretenu, jeudi \u00e0 Washington, D.C., avec le&hellip;\n","protected":false},"author":2,"featured_media":192678,"comment_status":"","ping_status":"","sticky":false,"template":"","format":"standard","meta":{"footnotes":""},"categories":[1588],"tags":[4295,33158,11,1785,23630,1777,674,3019,1907,12,473,1853,6989,1851,1850,1852],"class_list":{"0":"post-192677","1":"post","2":"type-post","3":"status-publish","4":"format-standard","5":"has-post-thumbnail","7":"category-royaume-uni","8":"tag-tats-unis","9":"tag-abbas-araqchi","10":"tag-actualites","11":"tag-anadolu-ajansi","12":"tag-david-lammy","13":"tag-eu","14":"tag-europe","15":"tag-iran","16":"tag-marco-rubio","17":"tag-news","18":"tag-royaume-uni","19":"tag-royaume-uni-de-grande-bretagne-et-dirlande-du-nord","20":"tag-steve-witkoff","21":"tag-uk","22":"tag-united-kingdom","23":"tag-united-kingdom-of-great-britain-and-northern-ireland"},"share_on_mastodon":{"url":"https:\/\/pubeurope.com\/@fr\/114719635748560786","error":""},"_links":{"self":[{"href":"https:\/\/www.europesays.com\/fr\/wp-json\/wp\/v2\/posts\/192677","targetHints":{"allow":["GET"]}}],"collection":[{"href":"https:\/\/www.europesays.com\/fr\/wp-json\/wp\/v2\/posts"}],"about":[{"href":"https:\/\/www.europesays.com\/fr\/wp-json\/wp\/v2\/types\/post"}],"author":[{"embeddable":true,"href":"https:\/\/www.europesays.com\/fr\/wp-json\/wp\/v2\/users\/2"}],"replies":[{"embeddable":true,"href":"https:\/\/www.europesays.com\/fr\/wp-json\/wp\/v2\/comments?post=192677"}],"version-history":[{"count":0,"href":"https:\/\/www.europesays.com\/fr\/wp-json\/wp\/v2\/posts\/192677\/revisions"}],"wp:featuredmedia":[{"embeddable":true,"href":"https:\/\/www.europesays.com\/fr\/wp-json\/wp\/v2\/media\/192678"}],"wp:attachment":[{"href":"https:\/\/www.europesays.com\/fr\/wp-json\/wp\/v2\/media?parent=192677"}],"wp:term":[{"taxonomy":"category","embeddable":true,"href":"https:\/\/www.europesays.com\/fr\/wp-json\/wp\/v2\/categories?post=192677"},{"taxonomy":"post_tag","embeddable":true,"href":"https:\/\/www.europesays.com\/fr\/wp-json\/wp\/v2\/tags?post=192677"}],"curies":[{"name":"wp","href":"https:\/\/api.w.org\/{rel}","templated":true}]}}