{"id":192679,"date":"2025-06-21T05:11:10","date_gmt":"2025-06-21T05:11:10","guid":{"rendered":"https:\/\/www.europesays.com\/fr\/192679\/"},"modified":"2025-06-21T05:11:10","modified_gmt":"2025-06-21T05:11:10","slug":"la-question-de-linterdiction-de-lafd-divise-lallemagne","status":"publish","type":"post","link":"https:\/\/www.europesays.com\/fr\/192679\/","title":{"rendered":"La question de l\u2019interdiction de l\u2019AfD divise l\u2019Allemagne"},"content":{"rendered":"\n<p class=\"article__paragraph  \">C\u2019est un d\u00e9bat que les d\u00e9mocraties pr\u00e9f\u00e9reraient \u00e9viter. L\u2019Allemagne, pourtant, doit l\u2019affronter depuis que, le 2\u00a0mai, l\u2019office de protection de la Constitution, charg\u00e9 du renseignement int\u00e9rieur, <a href=\"https:\/\/www.lemonde.fr\/international\/article\/2025\/05\/02\/en-allemagne-le-service-de-renseignement-interieur-classe-l-afd-comme-un-parti-extremiste-de-droite-confirme_6602324_3210.html\" rel=\"nofollow noopener\" target=\"_blank\">a class\u00e9 le parti d\u2019extr\u00eame droite Alternative f\u00fcr\u00a0Deutschland (AfD), deuxi\u00e8me force politique du pays, comme un mouvement \u00ab\u00a0extr\u00e9miste de droite confirm\u00e9\u00a0\u00bb<\/a>. Motif\u00a0? Les \u00ab\u00a0indices selon lesquels l\u2019AfD aurait des aspirations contre l\u2019ordre fondamental lib\u00e9ral et d\u00e9mocratique\u00a0\u00bb sont devenus \u00e0 ses yeux des \u00ab\u00a0certitudes\u00a0\u00bb.<\/p>\n<p class=\"article__paragraph  \">Cette d\u00e9cision, aussit\u00f4t contest\u00e9e par l\u2019AfD et <a href=\"https:\/\/www.lemonde.fr\/international\/article\/2025\/05\/08\/le-renseignement-interieur-allemand-suspend-le-classement-de-l-afd-comme-parti-extremiste-de-droite_6604032_3210.html\" rel=\"nofollow noopener\" target=\"_blank\">suspendue le temps d\u2019une proc\u00e9dure d\u2019appel<\/a>, n\u2019a pas d\u2019autre effet concret que celui de renforcer les moyens de surveillance de l\u2019Etat f\u00e9d\u00e9ral \u00e0 l\u2019encontre du parti.\u00a0Sa port\u00e9e r\u00e9elle r\u00e9side surtout dans ce qu\u2019elle pourrait fonder une demande d\u2019interdiction de l\u2019AfD aupr\u00e8s de la Cour constitutionnelle de Karlsruhe, en fournissant des arguments relatifs au danger que le parti fait peser sur la d\u00e9mocratie allemande.<\/p>\n<p class=\"article__paragraph  \">Cette perspective, pourtant, divise profond\u00e9ment les Allemands. A en croire les sondages, environ la moiti\u00e9 d\u2019entre eux est favorable \u00e0 une interdiction, l\u2019autre y \u00e9tant oppos\u00e9e ou restant ind\u00e9cise. Les juristes semblent tout aussi partag\u00e9s. D\u2019o\u00f9 l\u2019embarras des partis politiques du centre \u2013 les sociaux-d\u00e9mocrates soutenant plut\u00f4t l\u2019interdiction, les conservateurs y \u00e9tant plut\u00f4t hostiles, chacun avec des voix divergentes en leur sein. <a href=\"https:\/\/www.lemonde.fr\/international\/article\/2025\/05\/06\/allemagne-friedrich-merz-finalement-elu-chancelier-apres-une-folle-journee-au-bundestag_6603489_3210.html\" rel=\"nofollow noopener\" target=\"_blank\">Les deux formations \u00e9tant li\u00e9es dans la coalition au pouvoir \u00e0 Berlin depuis le 6\u00a0mai<\/a>, l\u2019ouverture d\u2019une proc\u00e9dure d\u2019interdiction, dont la demande ne peut \u00e9maner que d\u2019une majorit\u00e9 d\u2019\u00e9lus du Bundestag (l\u2019Assembl\u00e9e f\u00e9d\u00e9rale), du Bundesrat (le Conseil f\u00e9d\u00e9ral) ou provenir du gouvernement f\u00e9d\u00e9ral, semble \u00e0 ce stade hypoth\u00e9tique.<\/p>\n<p>                       <img loading=\"lazy\" decoding=\"async\" src=\"https:\/\/www.europesays.com\/fr\/wp-content\/uploads\/2025\/06\/2eaabfd_ftp-import-images-1-cojlwbgfnfk0-2025-06-05t075707z-1680358184-rc26wea6pcwf-rtrmadp-3-german.jpeg\" alt=\"Les deux leaders d\u2019Alternative f\u00fcr Deutschland, Alice Weidel et Tino Chrupalla, lors d\u2019une session au Bundestag, \u00e0 Berlin, le 5\u00a0juin.\"  width=\"664\" height=\"443\"\/>    Les deux leaders d\u2019Alternative f\u00fcr Deutschland, Alice Weidel et Tino Chrupalla, lors d\u2019une session au Bundestag, \u00e0 Berlin, le 5\u00a0juin.  CHRISTIAN MANG \/ REUTERS             <\/p>\n<p class=\"reading-mode-only \"><strong>Il vous reste 71.49% de cet article \u00e0 lire. La suite est r\u00e9serv\u00e9e aux abonn\u00e9s.<\/strong><\/p>\n","protected":false},"excerpt":{"rendered":"C\u2019est un d\u00e9bat que les d\u00e9mocraties pr\u00e9f\u00e9reraient \u00e9viter. L\u2019Allemagne, pourtant, doit l\u2019affronter depuis que, le 2\u00a0mai, l\u2019office de&hellip;\n","protected":false},"author":2,"featured_media":192680,"comment_status":"","ping_status":"","sticky":false,"template":"","format":"standard","meta":{"footnotes":""},"categories":[1587],"tags":[11,672,1804,1805,1803,1777,674,1801,12,1802],"class_list":{"0":"post-192679","1":"post","2":"type-post","3":"status-publish","4":"format-standard","5":"has-post-thumbnail","7":"category-allemagne","8":"tag-actualites","9":"tag-allemagne","10":"tag-bundesrepublik-deutschland","11":"tag-de","12":"tag-deutschland","13":"tag-eu","14":"tag-europe","15":"tag-germany","16":"tag-news","17":"tag-republique-federale-dallemagne"},"share_on_mastodon":{"url":"https:\/\/pubeurope.com\/@fr\/114719640281868187","error":""},"_links":{"self":[{"href":"https:\/\/www.europesays.com\/fr\/wp-json\/wp\/v2\/posts\/192679","targetHints":{"allow":["GET"]}}],"collection":[{"href":"https:\/\/www.europesays.com\/fr\/wp-json\/wp\/v2\/posts"}],"about":[{"href":"https:\/\/www.europesays.com\/fr\/wp-json\/wp\/v2\/types\/post"}],"author":[{"embeddable":true,"href":"https:\/\/www.europesays.com\/fr\/wp-json\/wp\/v2\/users\/2"}],"replies":[{"embeddable":true,"href":"https:\/\/www.europesays.com\/fr\/wp-json\/wp\/v2\/comments?post=192679"}],"version-history":[{"count":0,"href":"https:\/\/www.europesays.com\/fr\/wp-json\/wp\/v2\/posts\/192679\/revisions"}],"wp:featuredmedia":[{"embeddable":true,"href":"https:\/\/www.europesays.com\/fr\/wp-json\/wp\/v2\/media\/192680"}],"wp:attachment":[{"href":"https:\/\/www.europesays.com\/fr\/wp-json\/wp\/v2\/media?parent=192679"}],"wp:term":[{"taxonomy":"category","embeddable":true,"href":"https:\/\/www.europesays.com\/fr\/wp-json\/wp\/v2\/categories?post=192679"},{"taxonomy":"post_tag","embeddable":true,"href":"https:\/\/www.europesays.com\/fr\/wp-json\/wp\/v2\/tags?post=192679"}],"curies":[{"name":"wp","href":"https:\/\/api.w.org\/{rel}","templated":true}]}}