{"id":192681,"date":"2025-06-21T05:12:10","date_gmt":"2025-06-21T05:12:10","guid":{"rendered":"https:\/\/www.europesays.com\/fr\/192681\/"},"modified":"2025-06-21T05:12:10","modified_gmt":"2025-06-21T05:12:10","slug":"trump-envisage-une-possible-action-militaire-et-affirme-que-leurope-est-hors-jeu","status":"publish","type":"post","link":"https:\/\/www.europesays.com\/fr\/192681\/","title":{"rendered":"Trump envisage une possible action militaire et affirme que l\u2019Europe est hors-jeu"},"content":{"rendered":"<p><a href=\"https:\/\/www.20minutes.fr\/dossier\/donald_trump\" target=\"_blank\" class=\"color-ultramarine c-link\" rel=\"nofollow noopener\">Donald Trump<\/a> a d\u00e9clar\u00e9 vendredi que le d\u00e9lai de deux semaines qu\u2019il s\u2019\u00e9tait fix\u00e9 pour trancher sur une \u00e9ventuelle intervention militaire des <a href=\"https:\/\/www.20minutes.fr\/monde\/etats-unis\/\" target=\"_blank\" class=\"color-ultramarine c-link\" rel=\"nofollow noopener\">Etats-Unis<\/a> en Iran, aux c\u00f4t\u00e9s d\u2019<a href=\"https:\/\/www.20minutes.fr\/monde\/israel\/\" target=\"_blank\" class=\"color-ultramarine c-link\" rel=\"nofollow noopener\">Isra\u00ebl<\/a>, repr\u00e9sentait un \u00ab\u00a0maximum\u00a0\u00bb, ouvrant la porte \u00e0 une d\u00e9cision encore plus rapide. \u00ab\u00a0Je vais peut-\u00eatre le faire, peut-\u00eatre pas\u00a0\u00bb, avait-il l\u00e2ch\u00e9 la veille, entretenant le flou sur les intentions am\u00e9ricaines.<\/p>\n<p>S\u2019exprimant devant Air Force One \u00e0 son arriv\u00e9e \u00e0 Morristown, dans le New Jersey, Donald Trump a aussi \u00e9cart\u00e9 toute utilit\u00e9 d\u2019une m\u00e9diation europ\u00e9enne dans la crise. \u00ab\u00a0L\u2019<a href=\"https:\/\/www.20minutes.fr\/monde\/iran\/\" target=\"_blank\" class=\"color-ultramarine c-link\" rel=\"nofollow noopener\">Iran<\/a> ne veut pas parler \u00e0 l\u2019<a href=\"https:\/\/www.20minutes.fr\/dossier\/europe\" target=\"_blank\" class=\"color-ultramarine c-link\" rel=\"nofollow noopener\">Europe<\/a>. Ils veulent nous parler \u00e0 nous. L\u2019Europe ne va pas pouvoir aider sur ce sujet\u00a0\u00bb, a-t-il tranch\u00e9, en r\u00e9action \u00e0 la rencontre entre les chefs de la diplomatie europ\u00e9enne et iranienne tenue \u00e0 <a href=\"https:\/\/www.20minutes.fr\/monde\/israel\/4159465-20250620-direct-guerre-israel-iran-rencontre-suisse-donner-chance-diplomatie-trump-temporise\" target=\"_blank\" class=\"color-ultramarine c-link\" rel=\"nofollow noopener\">Gen\u00e8ve<\/a>.<\/p>\n<\/p>\n<p>Une \u00ab\u00a0chance substantielle\u00a0\u00bb de n\u00e9gocier avec T\u00e9h\u00e9ran<\/p>\n<p>Le pr\u00e9sident am\u00e9ricain a aussi affirm\u00e9 voir une \u00ab\u00a0chance substantielle\u00a0\u00bb de n\u00e9gociation avec <a href=\"https:\/\/www.20minutes.fr\/monde\/teheran\/\" target=\"_blank\" class=\"color-ultramarine c-link\" rel=\"nofollow noopener\">T\u00e9h\u00e9ran<\/a>, tout en soulignant que l\u2019Iran exige un arr\u00eat des frappes isra\u00e9liennes comme condition pr\u00e9alable au dialogue. Une requ\u00eate que Donald Trump juge difficile \u00e0 appuyer\u00a0: \u00ab\u00a0Quand quelqu\u2019un est en train de gagner, c\u2019est un petit peu plus dur de le faire que quand quelqu\u2019un est en train de perdre\u00a0\u00bb, a-t-il lanc\u00e9, laissant entendre que son soutien \u00e0 Isra\u00ebl reste intact.<\/p>\n<p><a href=\"https:\/\/www.20minutes.fr\/search?q=moyen-orient+actualite#gsc.tab=0&amp;gsc.q=moyen-orient%20actualite&amp;gsc.page=1\" target=\"_blank\" class=\"c-link c-btn c-btn--primary\" rel=\"nofollow noopener\">Notre dossier sur les Moyen-Orient<\/a><\/p>\n<p>Sur le volet <a href=\"https:\/\/www.20minutes.fr\/dossier\/programme_nucleaire_iranien\" target=\"_blank\" class=\"color-ultramarine c-link\" rel=\"nofollow noopener\">nucl\u00e9aire<\/a>, Donald Trump a r\u00e9it\u00e9r\u00e9 sa conviction que l\u2019Iran est \u00e0 quelques semaines de pouvoir produire une <a href=\"https:\/\/www.20minutes.fr\/dossier\/bombe_atomique\" target=\"_blank\" class=\"color-ultramarine c-link\" rel=\"nofollow noopener\">bombe atomique<\/a>. Une d\u00e9claration qui contredit l\u2019\u00e9valuation plus nuanc\u00e9e de sa propre directrice du renseignement national, Tulsi Gabbard, selon laquelle T\u00e9h\u00e9ran ne disposerait pas d\u2019assez d\u2019<a href=\"https:\/\/www.20minutes.fr\/dossier\/uranium\" target=\"_blank\" class=\"color-ultramarine c-link\" rel=\"nofollow noopener\">uranium<\/a> enrichi \u00e0 court terme. \u00ab\u00a0Elle a tort\u00a0\u00bb, a-t-il s\u00e8chement corrig\u00e9, rappelant les divergences au sein m\u00eame de son administration sur le sujet.<\/p>\n","protected":false},"excerpt":{"rendered":"Donald Trump a d\u00e9clar\u00e9 vendredi que le d\u00e9lai de deux semaines qu\u2019il s\u2019\u00e9tait fix\u00e9 pour trancher sur une&hellip;\n","protected":false},"author":2,"featured_media":192682,"comment_status":"","ping_status":"","sticky":false,"template":"","format":"standard","meta":{"footnotes":""},"categories":[1586],"tags":[47,11,75,73,1777,674,1011,27,33159,3019,664,74,3257,12,10458,25,10734],"class_list":{"0":"post-192681","1":"post","2":"type-post","3":"status-publish","4":"format-standard","5":"has-post-thumbnail","7":"category-europe","8":"tag-actualite","9":"tag-actualites","10":"tag-donald-trump","11":"tag-etats-unis","12":"tag-eu","13":"tag-europe","14":"tag-fr","15":"tag-france","16":"tag-frappes-aeriennes","17":"tag-iran","18":"tag-israel","19":"tag-monde","20":"tag-moyen-orient","21":"tag-news","22":"tag-programme-nucleaire-iranien","23":"tag-republique-francaise","24":"tag-teheran"},"share_on_mastodon":{"url":"https:\/\/pubeurope.com\/@fr\/114719643738252864","error":""},"_links":{"self":[{"href":"https:\/\/www.europesays.com\/fr\/wp-json\/wp\/v2\/posts\/192681","targetHints":{"allow":["GET"]}}],"collection":[{"href":"https:\/\/www.europesays.com\/fr\/wp-json\/wp\/v2\/posts"}],"about":[{"href":"https:\/\/www.europesays.com\/fr\/wp-json\/wp\/v2\/types\/post"}],"author":[{"embeddable":true,"href":"https:\/\/www.europesays.com\/fr\/wp-json\/wp\/v2\/users\/2"}],"replies":[{"embeddable":true,"href":"https:\/\/www.europesays.com\/fr\/wp-json\/wp\/v2\/comments?post=192681"}],"version-history":[{"count":0,"href":"https:\/\/www.europesays.com\/fr\/wp-json\/wp\/v2\/posts\/192681\/revisions"}],"wp:featuredmedia":[{"embeddable":true,"href":"https:\/\/www.europesays.com\/fr\/wp-json\/wp\/v2\/media\/192682"}],"wp:attachment":[{"href":"https:\/\/www.europesays.com\/fr\/wp-json\/wp\/v2\/media?parent=192681"}],"wp:term":[{"taxonomy":"category","embeddable":true,"href":"https:\/\/www.europesays.com\/fr\/wp-json\/wp\/v2\/categories?post=192681"},{"taxonomy":"post_tag","embeddable":true,"href":"https:\/\/www.europesays.com\/fr\/wp-json\/wp\/v2\/tags?post=192681"}],"curies":[{"name":"wp","href":"https:\/\/api.w.org\/{rel}","templated":true}]}}