{"id":192683,"date":"2025-06-21T05:13:10","date_gmt":"2025-06-21T05:13:10","guid":{"rendered":"https:\/\/www.europesays.com\/fr\/192683\/"},"modified":"2025-06-21T05:13:10","modified_gmt":"2025-06-21T05:13:10","slug":"bruxelles-je-taime-escalade-au-moyen-orient-lue-en-retrait","status":"publish","type":"post","link":"https:\/\/www.europesays.com\/fr\/192683\/","title":{"rendered":"Bruxelles, je t&rsquo;aime ? : Escalade au Moyen-Orient \u2013 L\u2019UE en retrait\u00a0?"},"content":{"rendered":"<p><img decoding=\"async\" class=\"c-ad__placeholder__logo\" src=\"https:\/\/static.euronews.com\/website\/images\/logos\/logo-euronews-grey-6-180x22.svg\" width=\"180\" height=\"22\" alt=\"\" loading=\"lazy\"\/>PUBLICIT\u00c9<\/p>\n<p>Dans cette vingt-deuxi\u00e8me \u00e9dition de \u201cBruxelles, je t&rsquo;aime ?\u00a0\u00bb en Fran\u00e7ais, nous nous penchons sur l&rsquo;escalade de violence entre Isra\u00ebl et l&rsquo;Iran et comment les divisions europ\u00e9ennes minent la recherche de solutions pour d\u00e9samorcer le conflit.\u00a0Va-t-on vers une suspension partielle de l&rsquo;accord d&rsquo;association entre l&rsquo;UE et Isra\u00ebl ?<\/p>\n<p>Nous parlons \u00e9galement des relations commerciales entre l\u2019UE et la Chine a quelques semaines du sommet UE\/Chine. Pourquoi le reset diplomatique entre l\u2019UE et la Chine est-il si important?<\/p>\n<p>Nos invit\u00e9s cette semaine sont Fabrice Pothier, PDG du cabinet de conseil politique \u201cRasmussen Global\u201d, Eloise Hardy, reporter pour le journal The Parliament Magazine et Yossi Lempkowicz, r\u00e9dacteur en chef du European Jewish Press.\u00a0<\/p>\n<p>Finalement, nous parlons \u00e9galement de l\u2019impact de l\u2019usage du t\u00e9l\u00e9phone et des r\u00e9seaux sociaux sur la jeunesse europ\u00e9enne. La France a t-elle raison de vouloir interdire les r\u00e9seaux sociaux aux moins de 15 ans ?<\/p>\n","protected":false},"excerpt":{"rendered":"PUBLICIT\u00c9 Dans cette vingt-deuxi\u00e8me \u00e9dition de \u201cBruxelles, je t&rsquo;aime ?\u00a0\u00bb en Fran\u00e7ais, nous nous penchons sur l&rsquo;escalade de&hellip;\n","protected":false},"author":2,"featured_media":192684,"comment_status":"","ping_status":"","sticky":false,"template":"","format":"standard","meta":{"footnotes":""},"categories":[1586],"tags":[11,33160,33161,1777,674,1779,1011,27,12,33162,25,640,1778,364],"class_list":{"0":"post-192683","1":"post","2":"type-post","3":"status-publish","4":"format-standard","5":"has-post-thumbnail","7":"category-europe","8":"tag-actualites","9":"tag-attaque-sur-gaza","10":"tag-attentat-israel","11":"tag-eu","12":"tag-europe","13":"tag-european-union","14":"tag-fr","15":"tag-france","16":"tag-news","17":"tag-parti-communiste-chinois","18":"tag-republique-francaise","19":"tag-strasbourg","20":"tag-ue","21":"tag-union-europeenne"},"share_on_mastodon":{"url":"https:\/\/pubeurope.com\/@fr\/114719647673848675","error":""},"_links":{"self":[{"href":"https:\/\/www.europesays.com\/fr\/wp-json\/wp\/v2\/posts\/192683","targetHints":{"allow":["GET"]}}],"collection":[{"href":"https:\/\/www.europesays.com\/fr\/wp-json\/wp\/v2\/posts"}],"about":[{"href":"https:\/\/www.europesays.com\/fr\/wp-json\/wp\/v2\/types\/post"}],"author":[{"embeddable":true,"href":"https:\/\/www.europesays.com\/fr\/wp-json\/wp\/v2\/users\/2"}],"replies":[{"embeddable":true,"href":"https:\/\/www.europesays.com\/fr\/wp-json\/wp\/v2\/comments?post=192683"}],"version-history":[{"count":0,"href":"https:\/\/www.europesays.com\/fr\/wp-json\/wp\/v2\/posts\/192683\/revisions"}],"wp:featuredmedia":[{"embeddable":true,"href":"https:\/\/www.europesays.com\/fr\/wp-json\/wp\/v2\/media\/192684"}],"wp:attachment":[{"href":"https:\/\/www.europesays.com\/fr\/wp-json\/wp\/v2\/media?parent=192683"}],"wp:term":[{"taxonomy":"category","embeddable":true,"href":"https:\/\/www.europesays.com\/fr\/wp-json\/wp\/v2\/categories?post=192683"},{"taxonomy":"post_tag","embeddable":true,"href":"https:\/\/www.europesays.com\/fr\/wp-json\/wp\/v2\/tags?post=192683"}],"curies":[{"name":"wp","href":"https:\/\/api.w.org\/{rel}","templated":true}]}}