{"id":192687,"date":"2025-06-21T05:15:10","date_gmt":"2025-06-21T05:15:10","guid":{"rendered":"https:\/\/www.europesays.com\/fr\/192687\/"},"modified":"2025-06-21T05:15:10","modified_gmt":"2025-06-21T05:15:10","slug":"un-aller-retour-en-jet-prive-pour-un-discours-de-27-minutes-sur-les-energies-renouvelables","status":"publish","type":"post","link":"https:\/\/www.europesays.com\/fr\/192687\/","title":{"rendered":"Un aller-retour en jet priv\u00e9 pour un discours de 27 minutes sur\u2026 les \u00e9nergies renouvelables"},"content":{"rendered":"<p>Jeudi, <a href=\"https:\/\/www.20minutes.fr\/politique\/francois_bayrou\/\" target=\"_blank\" class=\"color-ultramarine c-link\" rel=\"noopener\">Fran\u00e7ois Bayrou<\/a> s\u2019est rendu \u00e0 Biarritz en <a href=\"https:\/\/www.20minutes.fr\/dossier\/avion\" target=\"_blank\" class=\"color-ultramarine c-link\" rel=\"noopener\">jet priv\u00e9<\/a> pour vanter les m\u00e9rites de la g\u00e9othermie lors des Journ\u00e9es nationales d\u00e9di\u00e9es \u00e0 cette \u00e9nergie renouvelable, rapporte <a href=\"https:\/\/www.20minutes.fr\/dossier\/sud-ouest\" target=\"_blank\" class=\"color-ultramarine c-link\" rel=\"noopener\">Sud-Ouest<\/a>. Probl\u00e8me\u00a0: le Premier ministre a pass\u00e9 plus de temps en vol (2 heures) qu\u2019\u00e0 terre, avec un aller-retour express en Falcon 900 entre Villacoublay et le Pays basque, pour un discours d\u2019\u00e0 peine 27 minutes.<\/p>\n<p>Sur place, il a pr\u00e9sent\u00e9 la <a href=\"https:\/\/www.20minutes.fr\/dossier\/geothermie\" target=\"_blank\" class=\"color-ultramarine c-link\" rel=\"noopener\">g\u00e9othermie<\/a> comme une \u00ab\u00a0source in\u00e9puisable d\u2019\u00e9nergie\u00a0\u00bb et annonc\u00e9 l\u2019ouverture de trois \u00e9coles de formation \u00e0 Beauvais, Marseille et Lescar, dans l\u2019objectif de multiplier par dix le nombre de professionnels du secteur.<\/p>\n<\/p>\n<p>Un d\u00e9placement qui ne passe pas<\/p>\n<p>Mais ce d\u00e9placement a provoqu\u00e9 un toll\u00e9. Selon l\u2019ONG Transport &amp; Environnement, un jet priv\u00e9 \u00e9met jusqu\u2019\u00e0 14 fois plus de <a href=\"https:\/\/www.20minutes.fr\/planete\/co2\/\" target=\"_blank\" class=\"color-ultramarine c-link\" rel=\"noopener\">CO2<\/a> par passager qu\u2019un avion de ligne, et 50 fois plus qu\u2019un train. Fran\u00e7ois Bayrou avait d\u00e9j\u00e0 \u00e9t\u00e9 \u00e9pingl\u00e9 pour un vol similaire vers Pau peu apr\u00e8s sa nomination \u00e0 Matignon.<\/p>\n<p><a href=\"https:\/\/www.20minutes.fr\/politique\/francois_bayrou\/\" target=\"_blank\" class=\"c-link c-btn c-btn--primary\" rel=\"noopener\">Toute l&rsquo;actualit\u00e9 de Fran\u00e7ois Bayrou<\/a><\/p>\n<p>Son entourage invoque des \u00ab\u00a0contraintes d\u2019agenda\u00a0\u00bb et assure qu\u2019il utilise habituellement des vols r\u00e9guliers, indique de son c\u00f4t\u00e9 <a href=\"https:\/\/www.bfmtv.com\/politique\/gouvernement\/francois-bayrou-effectue-un-aller-retour-express-en-jet-prive-pour-promouvoir-les-energies-renouvelables_AN-202506200715.html\" rel=\"nofollow noopener\" target=\"_blank\" class=\"color-ultramarine c-link\">BMFTV<\/a>. Pas suffisant pour calmer les critiques. La vice-pr\u00e9sidente du RN H\u00e9l\u00e8ne Laporte a d\u00e9nonc\u00e9 un \u00ab\u00a0gaspillage aux frais du contribuable\u00a0\u00bb, tandis que Manuel Bompard (LFI) a ironis\u00e9 sur \u00ab\u00a0l\u2019\u00e9cologie selon Bayrou\u00a0\u00bb.<\/p>\n","protected":false},"excerpt":{"rendered":"Jeudi, Fran\u00e7ois Bayrou s\u2019est rendu \u00e0 Biarritz en jet priv\u00e9 pour vanter les m\u00e9rites de la g\u00e9othermie lors&hellip;\n","protected":false},"author":2,"featured_media":192688,"comment_status":"","ping_status":"","sticky":false,"template":"","format":"standard","meta":{"footnotes":""},"categories":[2],"tags":[47,11,3177,37,3463,21947,51,2830,1011,27,431,12,2219,11356,316,1800,3363,6375,25],"class_list":{"0":"post-192687","1":"post","2":"type-post","3":"status-publish","4":"format-standard","5":"has-post-thumbnail","7":"category-actualites","8":"tag-actualite","9":"tag-actualites","10":"tag-aquitaine","11":"tag-avion","12":"tag-biarritz","13":"tag-co2","14":"tag-ecologie","15":"tag-energies-renouvelables","16":"tag-fr","17":"tag-france","18":"tag-francois-bayrou","19":"tag-news","20":"tag-nouvelle-aquitaine","21":"tag-ong","22":"tag-politique","23":"tag-pollution","24":"tag-premier-ministre","25":"tag-pyrenees-atlantiques","26":"tag-republique-francaise"},"share_on_mastodon":{"url":"https:\/\/pubeurope.com\/@fr\/114719655468818000","error":""},"_links":{"self":[{"href":"https:\/\/www.europesays.com\/fr\/wp-json\/wp\/v2\/posts\/192687","targetHints":{"allow":["GET"]}}],"collection":[{"href":"https:\/\/www.europesays.com\/fr\/wp-json\/wp\/v2\/posts"}],"about":[{"href":"https:\/\/www.europesays.com\/fr\/wp-json\/wp\/v2\/types\/post"}],"author":[{"embeddable":true,"href":"https:\/\/www.europesays.com\/fr\/wp-json\/wp\/v2\/users\/2"}],"replies":[{"embeddable":true,"href":"https:\/\/www.europesays.com\/fr\/wp-json\/wp\/v2\/comments?post=192687"}],"version-history":[{"count":0,"href":"https:\/\/www.europesays.com\/fr\/wp-json\/wp\/v2\/posts\/192687\/revisions"}],"wp:featuredmedia":[{"embeddable":true,"href":"https:\/\/www.europesays.com\/fr\/wp-json\/wp\/v2\/media\/192688"}],"wp:attachment":[{"href":"https:\/\/www.europesays.com\/fr\/wp-json\/wp\/v2\/media?parent=192687"}],"wp:term":[{"taxonomy":"category","embeddable":true,"href":"https:\/\/www.europesays.com\/fr\/wp-json\/wp\/v2\/categories?post=192687"},{"taxonomy":"post_tag","embeddable":true,"href":"https:\/\/www.europesays.com\/fr\/wp-json\/wp\/v2\/tags?post=192687"}],"curies":[{"name":"wp","href":"https:\/\/api.w.org\/{rel}","templated":true}]}}